{"id":84611,"date":"2025-02-12T19:28:32","date_gmt":"2025-02-12T18:28:32","guid":{"rendered":"https:\/\/jugulajm.net\/?p=84611"},"modified":"2025-02-12T20:51:49","modified_gmt":"2025-02-12T19:51:49","slug":"cfare-e-mundon-flamur-golemin-qe-nuk-shkruajti-dy-rreshta-per-irsen-e-shkrete","status":"publish","type":"post","link":"https:\/\/jugulajm.net\/?p=84611","title":{"rendered":"\u00c7far\u00eb e mundon Flamur Golemin, q\u00eb nuk shkruajti dy rreshta p\u00ebr Irs\u00ebn e shkret\u00eb?"},"content":{"rendered":"<p>Kjo pyetje bren qytetar\u00ebt e Gjirokastr\u00ebs, t\u00eb cil\u00ebt jan\u00eb &#8220;sulur&#8221; me komente n\u00eb shkrimin e djesh\u00ebm, q\u00eb vinte n\u00eb dukje munges\u00ebn e reagimit publik t\u00eb kryebashkiakut gjirokastrit, Flamur Golemi, p\u00ebr humbjen e jet\u00ebs s\u00eb Irsa Mu\u00e7ollarit, 17 vje\u00e7ares fatkeqe, q\u00eb u vet\u00ebvar tre dit\u00eb m\u00eb par\u00eb.<\/p>\n<p>Kryetari i Bashkis\u00eb s\u00eb Gjirokastr\u00ebs p\u00ebr nga natyra e tij mundohet t\u00eb jet\u00eb \u201ctrendy\u201d n\u00eb rrjetet sociale por dhe uniform.<\/p>\n<p>\u201cTrendy\u201d, sepse kujton se ec\u00ebn me hapin e \u201cinteligjenc\u00ebs artificiale\u201d dhe uniform, pasi nuk del jasht\u00eb &#8220;tagjis\u00eb&#8221; q\u00eb i jep Kumbaro dhe Rama. N\u00eb fakt kjo e fundit \u00ebsht\u00eb zgjedhja e tij dhe askush nuk e gjykon ask\u00ebnd p\u00ebr zgjedhjet q\u00eb b\u00ebn.<\/p>\n<p>Por si kryetar i nj\u00eb bashkie q\u00eb po firoset p\u00ebrdit\u00eb nga njer\u00ebzit, e ka m\u00eb t\u00eb leht\u00eb t\u00eb menaxhoj\u00eb t\u00eb gjith\u00eb struktur\u00ebn urbane t\u00eb k\u00ebsaj popullate, q\u00eb luks t\u00eb vet\u00ebm ka at\u00eb rini q\u00eb i mbetet k\u00ebtu pas t\u00eb 20-ave.<\/p>\n<p>Ngjarja tragjike q\u00eb ndodhi tre dit\u00eb m\u00eb par\u00eb n\u00eb qytet, pik\u00eblloi t\u00eb madh e t\u00eb vog\u00ebl. Mij\u00ebra mesazhe, komente kan\u00eb ecur &#8220;sht\u00ebllung\u00eb&#8221; n\u00eb rrjetet sociale, pjes\u00eb e t\u00eb cil\u00ebs \u00ebsht\u00eb dhe Fun Page yn\u00eb n\u00eb FCB.<\/p>\n<p>Kryebashkiaku i Gjirokastr\u00ebs p\u00ebr rastin n\u00eb fjal\u00eb, sikurse e shkruajt\u00ebm nj\u00eb dit\u00eb m\u00eb par\u00eb, nuk e pa t\u00eb udh\u00ebs t\u00eb ulej dhe n\u00eb Iphon-in e tij t\u00eb shkruante dy rreshta ngush\u00ebllimi p\u00ebr Irs\u00ebn e gjor\u00eb, vet\u00ebm dy jo tre. Nuk themi p\u00ebr Mirel\u00ebn se ajo \u00ebsht\u00eb e ardhur dhe si\u00e7 ka ardhur, ashtu do iki m\u00eb 11 maj, por p\u00ebr k\u00ebt\u00eb Flamurin ton\u00eb, q\u00eb nuk i b\u00ebri dora dhe zemra.<\/p>\n<p>P\u00ebrse vall\u00eb nuk shkruajti dy rreshta ngush\u00ebllimi n\u00eb faqen e tij?<\/p>\n<p>\u00c7far\u00eb kompleksi ka ky person q\u00eb \u00ebsht\u00eb mjek dhe emancipimi human \u00ebsht\u00eb par\u00ebsor n\u00eb raport me \u00e7dok\u00ebnd tjet\u00ebr, q\u00eb ka nj\u00eb diplom\u00eb n\u00eb xhep?<\/p>\n<p>Kush e pengoi at\u00eb q\u00eb p\u00ebrcillte nj\u00eb mesazh, qoft\u00eb dhe t\u00eb that\u00eb ngush\u00ebllimi, jo p\u00ebr Irs\u00ebn se mbase nuk e ka dhembshurin\u00eb dhe nuk e ka provuar (kurr\u00eb mos e provoft\u00eb), q\u00eb t\u00eb kesh fatin e zi q\u00eb t\u00eb humb\u00ebsh nj\u00eb f\u00ebmij\u00eb.<\/p>\n<p>Po Flamuri o njer\u00ebz nuk l\u00eb asgj\u00eb pa komentuar, shp\u00ebrndar\u00eb dhe postuar nga eventet lokale, rajonale e komb\u00ebtare, nd\u00ebrsa p\u00ebr Irs\u00ebn asnj\u00eb g\u00ebrm\u00eb e jo m\u00eb 1 rresht.<\/p>\n<p>Ku t\u2019a ket\u00eb hallin vall\u00eb?<\/p>\n<p>Duke dashur t\u00eb besojm\u00eb se Golemi nuk merret me ngush\u00ebllime online, shfletuam t\u00eb gjith\u00eb historikun e postimeve t\u00eb tij n\u00eb FCB dhe papritmas nd\u00ebr mesazhet me \u201clot e lule\u201d p\u00ebr raste t\u00eb tilla, ve\u00e7uam vet\u00ebm tre q\u00eb kan\u00eb t\u00eb b\u00ebjn\u00eb me persona t\u00eb thjesht\u00eb t\u00eb rast\u00ebsish\u00ebm q\u00eb pat\u00ebn humbur jet\u00ebn n\u00eb tragjedi.<\/p>\n<p><img loading=\"lazy\" loading=\"lazy\" decoding=\"async\" class=\"alignnone wp-image-84612\" src=\"https:\/\/jugulajm.net\/wp-content\/uploads\/2025\/02\/viber_image_2025-02-12_18-51-23-003.jpg\" alt=\"\" width=\"317\" height=\"462\" \/> <img loading=\"lazy\" loading=\"lazy\" decoding=\"async\" class=\"alignnone wp-image-84613\" src=\"https:\/\/jugulajm.net\/wp-content\/uploads\/2025\/02\/viber_image_2025-02-12_18-51-31-757.jpg\" alt=\"\" width=\"280\" height=\"477\" \/> <img loading=\"lazy\" loading=\"lazy\" decoding=\"async\" class=\"alignnone wp-image-84614\" src=\"https:\/\/jugulajm.net\/wp-content\/uploads\/2025\/02\/viber_image_2025-02-12_18-52-16-465-585x1024.jpg\" alt=\"\" width=\"327\" height=\"572\" srcset=\"https:\/\/jugulajm.net\/wp-content\/uploads\/2025\/02\/viber_image_2025-02-12_18-52-16-465-585x1024.jpg 585w, https:\/\/jugulajm.net\/wp-content\/uploads\/2025\/02\/viber_image_2025-02-12_18-52-16-465.jpg 590w\" sizes=\"auto, (max-width: 327px) 100vw, 327px\" \/><\/p>\n<p>Sikurse mund t\u2019i shikoni n\u00eb foto, b\u00ebhet fjal\u00eb p\u00ebr dedikime hartimi p\u00ebr tre raste p\u00ebr persona, t\u00eb cil\u00ebt kan\u00eb humbur jet\u00ebn n\u00eb aksidente rrugore dhe nj\u00eb \u00e7ifti q\u00eb u dogj m\u00eb 5 gusht t\u00eb 2021 n\u00eb fshatin &#8220;Asim Zeneli&#8221;.<\/p>\n<p>Mir\u00eb ka b\u00ebr\u00eb q\u00eb u ka dedikuar mesazhe jo t\u00eb vogla ngush\u00eblluese familjar\u00ebve t\u00eb viktimave, pasi kjo e lart\u00ebson figur\u00ebn e nj\u00eb drejtuesi t\u00eb nivelit vendor. Por s\u00ebrish pyetja q\u00eb ngrem\u00eb \u00ebsht\u00eb ajo n\u00eb nisje: \u00c7far\u00eb e mundon Flamur Golemin q\u00eb nuk shkruajti dy rreshta p\u00ebr Irs\u00ebn e shkret\u00eb?<\/p>\n<p>Vall\u00eb nuk e meritonte kjo zem\u00ebr e vog\u00ebl? Thon\u00eb se ishte n\u00eb varrimin e saj. Po e marrim t\u00eb mir\u00ebq\u00ebn\u00eb, pasi kryebashkiak\u00ebt e Gjirokastr\u00ebs e kan\u00eb b\u00ebr\u00eb tradit\u00eb prej 20 vitesh, q\u00eb nuk l\u00ebn\u00eb ksolle pa shkuar dhe kjo m\u00eb shum\u00eb p\u00ebr p\u00ebrfitim politik, sesa p\u00ebr t\u2019i shprehur ngush\u00ebllime t\u00eb sinqerta. Por n\u00eb rastin e Irs\u00ebs, Flamur Golemi ka p\u00ebrdorur standart tjet\u00ebr. At\u00eb t\u00eb heshtjes.<\/p>\n<p>Heshtja tregon m\u00eb shum\u00eb se gjith\u00e7ka sa mund t\u00eb hamend\u00ebsohet.<\/p>\n<p>Kjo heshtje \u00ebsht\u00eb m\u00eb e kobshme sesa gj\u00ebma e familjes Mu\u00e7ollari.<\/p>\n<p>Kjo heshtje \u00ebsht\u00eb \u201cdekorat\u00eb\u201d turpi p\u00ebr mjekun Golemi.<\/p>\n<p>Kjo heshtje do t\u00eb ket\u00eb pasoja tek vet\u00eb ai n\u00eb rrafshin elektoral, pasi njer\u00ebzit sot nuk jan\u00eb as t\u00eb verb\u00ebr dhe as budallenj si gomer\u00ebt, ku i tredhte Dane Dharta dikur.<\/p>\n<p>Kjo heshtje do t\u00eb kthehet n\u00eb nj\u00eb nd\u00ebshkim p\u00ebr k\u00ebt\u00eb mas\u00eb t\u00eb madhe t\u00eb atyre, q\u00eb heshtin sot, por q\u00eb nes\u00ebr kur t\u00eb \u00e7lirohen nga &#8220;tagjia&#8221; e pushtetit t\u00eb Flamurit, do t\u00eb thon\u00eb t\u00eb nj\u00ebjtat, sikurse kan\u00eb th\u00ebn\u00eb p\u00ebr Zamira Ramin dhe Flamur Bimen.<\/p>\n<p>T\u00eb nj\u00ebjtin fat e pret dhe Flamurin n\u00eb detyr\u00eb edhe p\u00ebr 24 muaj (n\u00ebse).<\/p>\n<p>&nbsp;<\/p>\n","protected":false},"excerpt":{"rendered":"<p>Kjo pyetje bren qytetar\u00ebt e Gjirokastr\u00ebs, t\u00eb cil\u00ebt jan\u00eb &#8220;sulur&#8221; me komente n\u00eb shkrimin e djesh\u00ebm, q\u00eb vinte n\u00eb dukje munges\u00ebn e reagimit publik t\u00eb kryebashkiakut gjirokastrit, Flamur Golemi, p\u00ebr humbjen e jet\u00ebs s\u00eb Irsa Mu\u00e7ollarit, 17 vje\u00e7ares fatkeqe, q\u00eb u vet\u00ebvar tre dit\u00eb m\u00eb par\u00eb. Kryetari i Bashkis\u00eb s\u00eb Gjirokastr\u00ebs p\u00ebr nga natyra e [&hellip;]<\/p>\n","protected":false},"author":5,"featured_media":84615,"comment_status":"closed","ping_status":"closed","sticky":false,"template":"","format":"standard","meta":{"footnotes":""},"categories":[1,6332,29228],"tags":[20213,35008],"class_list":{"0":"post-84611","1":"post","2":"type-post","3":"status-publish","4":"format-standard","5":"has-post-thumbnail","7":"category-aktualitet","8":"category-te-fundit","9":"category-vendi","10":"tag-flamur-golemi","11":"tag-irsa-mucollari"},"_links":{"self":[{"href":"https:\/\/jugulajm.net\/index.php?rest_route=\/wp\/v2\/posts\/84611","targetHints":{"allow":["GET"]}}],"collection":[{"href":"https:\/\/jugulajm.net\/index.php?rest_route=\/wp\/v2\/posts"}],"about":[{"href":"https:\/\/jugulajm.net\/index.php?rest_route=\/wp\/v2\/types\/post"}],"author":[{"embeddable":true,"href":"https:\/\/jugulajm.net\/index.php?rest_route=\/wp\/v2\/users\/5"}],"replies":[{"embeddable":true,"href":"https:\/\/jugulajm.net\/index.php?rest_route=%2Fwp%2Fv2%2Fcomments&post=84611"}],"version-history":[{"count":5,"href":"https:\/\/jugulajm.net\/index.php?rest_route=\/wp\/v2\/posts\/84611\/revisions"}],"predecessor-version":[{"id":84623,"href":"https:\/\/jugulajm.net\/index.php?rest_route=\/wp\/v2\/posts\/84611\/revisions\/84623"}],"wp:featuredmedia":[{"embeddable":true,"href":"https:\/\/jugulajm.net\/index.php?rest_route=\/wp\/v2\/media\/84615"}],"wp:attachment":[{"href":"https:\/\/jugulajm.net\/index.php?rest_route=%2Fwp%2Fv2%2Fmedia&parent=84611"}],"wp:term":[{"taxonomy":"category","embeddable":true,"href":"https:\/\/jugulajm.net\/index.php?rest_route=%2Fwp%2Fv2%2Fcategories&post=84611"},{"taxonomy":"post_tag","embeddable":true,"href":"https:\/\/jugulajm.net\/index.php?rest_route=%2Fwp%2Fv2%2Ftags&post=84611"}],"curies":[{"name":"wp","href":"https:\/\/api.w.org\/{rel}","templated":true}]}}