{"id":84578,"date":"2025-02-11T14:45:48","date_gmt":"2025-02-11T13:45:48","guid":{"rendered":"https:\/\/jugulajm.net\/?p=84578"},"modified":"2025-02-11T14:45:48","modified_gmt":"2025-02-11T13:45:48","slug":"arrestimi-i-veliajt-nervozohet-rama-spak-ka-dale-nga-shinat-veliaj-sdo-te-shkarkohet","status":"publish","type":"post","link":"https:\/\/jugulajm.net\/?p=84578","title":{"rendered":"Arrestimi i Veliajt, nervozohet Rama: SPAK ka dal\u00eb nga shinat, Veliaj s&#8217;do t\u00eb shkarkohet"},"content":{"rendered":"<p>N\u00eb nj\u00eb prononcim p\u00ebr BIRN, kryeministri Edi Rama tha se nuk do ta shkarkoj\u00eb nga detyra kryetarin e Bashkis\u00eb s\u00eb Tiran\u00ebs, Erion Veliaj \u2013 i arrestuar nga SPAK p\u00ebr korrupsion dhe pastrim parash, nd\u00ebrsa theksoi se Partia Socialiste do t\u00eb rivler\u00ebsoj\u00eb qasjen ndaj organit t\u00eb akuz\u00ebs.<\/p>\n<p><strong>Nga BIRN<\/strong><\/p>\n<p>Kryeministri Edi Rama i ka dal\u00eb n\u00eb mbrojtje kryetarit t\u00eb Bashkis\u00eb s\u00eb Tiran\u00ebs, Erion Veliaj, pas arrestimit t\u00eb tij t\u00eb h\u00ebn\u00ebn nga SPAK me akuzat p\u00ebr krijimin e nj\u00eb skeme korruptive mes kompanive dhe OJF-ve t\u00eb lidhura me bashk\u00ebshorten e tij, Ajola Xoxa, dhe nj\u00eb grupi biznesmen\u00ebsh pran\u00eb tij, me vler\u00eb transaksionesh prej m\u00eb shum\u00eb se 1 milion euro.<\/p>\n<p>N\u00eb nj\u00eb ndryshim t\u00eb menj\u00ebhersh\u00ebm t\u00eb kursit ndaj veprimeve t\u00eb organeve hetimore, Rama ka kaluar nga \u2018no comment\u2019 n\u00eb akuza t\u00eb drejtp\u00ebrdrejta ndaj Prokuroris\u00eb s\u00eb Posa\u00e7me, duke e konsideruar arrestimin e Veliajt si antikushtetues dhe akuzat ndaj tij si \u2018roman policesk\u2019.<\/p>\n<p>I pyetur nga BIRN n\u00ebse do t\u00eb ndiqte standardin e vendosur m\u00eb par\u00eb, duke i shkarkuar nga detyra kryebashkiak\u00ebt kur jan\u00eb v\u00ebn\u00eb n\u00ebn akuz\u00eb, kryeministri tha se Veliaj ishte ndryshe.<\/p>\n<p>\u201cJo vet\u00ebm kryetari i Bashkis\u00eb s\u00eb Tiran\u00ebs nuk do t\u00eb shkarkohet nga detyra, por nga ndalimi i tij ka lindur p\u00ebr ne detyra q\u00eb t\u00eb vazhdojm\u00eb t\u00eb jemi garant\u00eb t\u00eb pal\u00ebkundur t\u00eb drejt\u00ebsis\u00eb, duke nxitur sa m\u00eb shum\u00eb transparenc\u00eb p\u00ebr t\u00eb dal\u00eb tek e v\u00ebrteta,\u201d tha Rama p\u00ebr BIRN.<\/p>\n<p>Erion Veliaj, nj\u00eb bashk\u00ebpun\u00ebtor i ngusht\u00eb i kryeministrit, \u00ebsht\u00eb nd\u00ebr zyrtar\u00ebt m\u00eb t\u00eb lart\u00eb t\u00eb Partis\u00eb Socialiste n\u00eb pushtet q\u00eb arrestohet p\u00ebr vepra penale t\u00eb korrupsionit, pastrimit t\u00eb parave, deklarimit t\u00eb rrem\u00eb dhe fshehjes s\u00eb pasuris\u00eb.<\/p>\n<p>M\u00eb her\u00ebt, kan\u00eb r\u00ebn\u00eb n\u00eb prangat e SPAK-ut me akuza p\u00ebr afera korruptive t\u00eb incenerator\u00ebve dhe koncesioneve n\u00eb Sh\u00ebndet\u00ebsi ish-ministrat Lefter Koka dhe Ilir Beqja, nd\u00ebrsa ish-z\u00ebvend\u00ebskryeministri Arben Ahmetaj \u00ebsht\u00eb n\u00eb arrati.<\/p>\n<p>P\u00ebr asnj\u00ebrin prej tyre, kryeministri Edi Rama nuk e ka sulmuar SPAK-un, duke ndjekur linj\u00ebn \u2018no comment\u2019 ndaj vendimeve t\u00eb drejt\u00ebsis\u00eb. Por, sipas tij, me arrestimin e Erion Veliajt \u201cjemi n\u00eb kushte t\u00ebr\u00ebsisht t\u00eb ndryshme nga t\u00eb gjitha rastet e m\u00ebparshme.\u201d<\/p>\n<p>Ai pretendon se \u2018nuk ka nj\u00eb \u00e7\u00ebshtje konkrete korrupsioni\u2019 dhe e krahason dosjen hetimore me \u201cnj\u00eb roman voluminoz mbi g\u00ebrmimet e kryera n\u00eb jet\u00ebn e tij dhe t\u00eb bashk\u00ebshortes s\u00eb tij.\u201d<\/p>\n<p>\u201cPra, n\u00eb thelb jemi p\u00ebrball\u00eb nj\u00eb rasti q\u00eb krijon dyshimin e arsyesh\u00ebm t\u00eb nj\u00eb hetimi jasht\u00eb shinave kushtetuese dhe nj\u00eb ndalimi n\u00eb shkelje t\u00eb standardeve demokratike,\u201d \u2013 shton ai, edhe pse k\u00ebrkon t\u00eb drejt\u00ebn p\u00ebr t\u00eb marr\u00eb m\u00eb shum\u00eb koh\u00eb para se t\u00eb dal\u00eb n\u00eb p\u00ebrfundime.<\/p>\n<p>Kryeministri paralajm\u00ebron nj\u00eb epok\u00eb t\u00eb re t\u00eb marr\u00ebdh\u00ebnieve t\u00eb tij dhe t\u00eb partis\u00eb n\u00eb pushtet me sistemin e drejt\u00ebsis\u00eb.<\/p>\n<p>\u201cQ\u00ebndrimi pes\u00ebvje\u00e7ar i Partis\u00eb Socialiste dhe i kryeministrit p\u00ebr t\u00eb mos b\u00ebr\u00eb asnj\u00eb koment n\u00eb asnj\u00eb rast specifik ka ndryshuar me heqjen e djeshme nga puna t\u00eb kryetarit t\u00eb bashkis\u00eb s\u00eb kryeqytetit, p\u00ebr ta mbyllur pa gjyq n\u00eb nj\u00eb qeli dhe duke ky\u00e7ur n\u00eb sht\u00ebpi edhe bashk\u00ebshorten, n\u00ebn\u00eb e nj\u00eb djali gjasht\u00ebvje\u00e7ar,\u201d tha Rama.<\/p>\n<p>Nj\u00eb q\u00ebndrim t\u00eb ngjash\u00ebm ai mbajti edhe gjat\u00eb nj\u00eb bisede live n\u00eb rrjete sociale me komentuesit, ku vuri n\u00eb pik\u00ebpyetje standardet e funksionimit t\u00eb drejt\u00ebsis\u00eb dhe e cil\u00ebsoi heshtjen ndaj pun\u00ebs s\u00eb saj \u2018t\u00eb keqkuptuar\u2019.<\/p>\n<p>Sipas Ram\u00ebs, q\u00ebndrimi i ri i mazhoranc\u00ebs do t\u00eb jet\u00eb \u201ckritik\u00eb konstruktive.\u201d<\/p>\n<p>Me iniciativ\u00ebn e tij, prej disa muajsh \u00ebsht\u00eb ngritur nj\u00eb komision i posa\u00e7\u00ebm parlamentar me objektiv edhe forcimin e sundimit t\u00eb ligjit, por ky mekaniz\u00ebm \u00ebsht\u00eb par\u00eb me mosbesim si nj\u00eb tentativ\u00eb p\u00ebr kapjen e institucioneve t\u00eb drejt\u00ebsis\u00eb.<\/p>\n","protected":false},"excerpt":{"rendered":"<p>N\u00eb nj\u00eb prononcim p\u00ebr BIRN, kryeministri Edi Rama tha se nuk do ta shkarkoj\u00eb nga detyra kryetarin e Bashkis\u00eb s\u00eb Tiran\u00ebs, Erion Veliaj \u2013 i arrestuar nga SPAK p\u00ebr korrupsion dhe pastrim parash, nd\u00ebrsa theksoi se Partia Socialiste do t\u00eb rivler\u00ebsoj\u00eb qasjen ndaj organit t\u00eb akuz\u00ebs. Nga BIRN Kryeministri Edi Rama i ka dal\u00eb n\u00eb [&hellip;]<\/p>\n","protected":false},"author":5,"featured_media":84579,"comment_status":"closed","ping_status":"closed","sticky":false,"template":"","format":"standard","meta":{"footnotes":""},"categories":[1,6326,6332,29228],"tags":[35001,35002,35003],"class_list":{"0":"post-84578","1":"post","2":"type-post","3":"status-publish","4":"format-standard","5":"has-post-thumbnail","7":"category-aktualitet","8":"category-politike","9":"category-te-fundit","10":"category-vendi","11":"tag-arrestimi-i-veliajt","12":"tag-nervozohet-rama-spak-ka-dale-nga-shinat","13":"tag-veliaj-sdo-te-shkarkohet"},"_links":{"self":[{"href":"https:\/\/jugulajm.net\/index.php?rest_route=\/wp\/v2\/posts\/84578","targetHints":{"allow":["GET"]}}],"collection":[{"href":"https:\/\/jugulajm.net\/index.php?rest_route=\/wp\/v2\/posts"}],"about":[{"href":"https:\/\/jugulajm.net\/index.php?rest_route=\/wp\/v2\/types\/post"}],"author":[{"embeddable":true,"href":"https:\/\/jugulajm.net\/index.php?rest_route=\/wp\/v2\/users\/5"}],"replies":[{"embeddable":true,"href":"https:\/\/jugulajm.net\/index.php?rest_route=%2Fwp%2Fv2%2Fcomments&post=84578"}],"version-history":[{"count":1,"href":"https:\/\/jugulajm.net\/index.php?rest_route=\/wp\/v2\/posts\/84578\/revisions"}],"predecessor-version":[{"id":84580,"href":"https:\/\/jugulajm.net\/index.php?rest_route=\/wp\/v2\/posts\/84578\/revisions\/84580"}],"wp:featuredmedia":[{"embeddable":true,"href":"https:\/\/jugulajm.net\/index.php?rest_route=\/wp\/v2\/media\/84579"}],"wp:attachment":[{"href":"https:\/\/jugulajm.net\/index.php?rest_route=%2Fwp%2Fv2%2Fmedia&parent=84578"}],"wp:term":[{"taxonomy":"category","embeddable":true,"href":"https:\/\/jugulajm.net\/index.php?rest_route=%2Fwp%2Fv2%2Fcategories&post=84578"},{"taxonomy":"post_tag","embeddable":true,"href":"https:\/\/jugulajm.net\/index.php?rest_route=%2Fwp%2Fv2%2Ftags&post=84578"}],"curies":[{"name":"wp","href":"https:\/\/api.w.org\/{rel}","templated":true}]}}