{"id":84480,"date":"2025-02-06T18:49:21","date_gmt":"2025-02-06T17:49:21","guid":{"rendered":"https:\/\/jugulajm.net\/?p=84480"},"modified":"2025-02-06T18:49:21","modified_gmt":"2025-02-06T17:49:21","slug":"emri-foto-i-riu-gjendet-i-vrare-ne-makine-detaje-nga-ngjarja","status":"publish","type":"post","link":"https:\/\/jugulajm.net\/?p=84480","title":{"rendered":"EMRI-FOTO\/ I riu gjendet i vrar\u00eb n\u00eb makin\u00eb, detaje nga ngjarja&#8230;"},"content":{"rendered":"<p>Rreth or\u00ebs 17:10 t\u00eb mbr\u00ebmjes s\u00eb enjtes, n\u00eb rrug\u00ebn e vjet\u00ebr t\u00eb Balldrerit, nj\u00eb ngjarje tragjike ka tronditur zonen.<\/p>\n<p>Shtetasi rreth 25 vje\u00e7, i identifikuar si Romarjo Brunga, \u00ebsht\u00eb gjetur pa jet\u00eb n\u00eb makin\u00ebn e tij. Ky incident i papritur ka shkaktuar shqet\u00ebsim dhe ka t\u00ebrhequr menj\u00ebher\u00eb v\u00ebmendjen e sh\u00ebrbimeve t\u00eb policis\u00eb, t\u00eb cilat kan\u00eb arritur shpejt n\u00eb vendin e ngjarjes p\u00ebr t\u00eb hetuar dhe zbardhur rrethanat q\u00eb kan\u00eb \u00e7uar n\u00eb k\u00ebt\u00eb tragjedi.<\/p>\n<p>P\u00ebrmes hetimeve paraprake, \u00ebsht\u00eb konfirmuar se viktima ka p\u00ebsuar nj\u00eb plag\u00eb nga plumbi, i cili \u00ebsht\u00eb gjetur n\u00eb trupin e tij, por nuk ka pasur gjurm\u00eb d\u00ebmtimi nga jasht\u00eb n\u00eb automjet.<\/p>\n<div class=\"jeg_ad jeg_ad_article jnews_content_inline_3_ads  \">\n<div class=\"ads-wrapper align-center \">\n<div class=\"ads_code\"><\/div>\n<\/div>\n<\/div>\n<p>Dyshohet se ngjarja mund t\u00eb ket\u00eb qen\u00eb nj\u00eb vet\u00ebvrasje, pasi makina ka qen\u00eb n\u00eb gjendje t\u00eb paprekur dhe nuk ka shenja q\u00eb sugjerojn\u00eb se dikush ka nd\u00ebrhyr\u00eb ose ka patur nj\u00eb p\u00ebrplasje me viktim\u00ebn. Kjo ngre dyshime t\u00eb forta p\u00ebr nj\u00eb akt t\u00eb mundsh\u00ebm t\u00eb vet\u00ebvrasjes.<\/p>\n<p>N\u00eb brend\u00ebsi t\u00eb automjetit \u00ebsht\u00eb gjetur nj\u00eb arm\u00eb pistolete, e cila \u00ebsht\u00eb nj\u00eb tjet\u00ebr element q\u00eb shton dyshimet p\u00ebr vet\u00ebvrasje.<\/p>\n<p>Gjithashtu, automjeti \u00ebsht\u00eb gjetur i parkuar n\u00eb rrug\u00ebn e vjet\u00ebr t\u00eb Balldrerit, ku viktima ka qen\u00eb i vet\u00ebm n\u00eb momentin e ngjarjes, dhe nuk ka pasur shenja t\u00eb tjera q\u00eb mund t\u00eb sugjeronin nj\u00eb ngjarje kriminale t\u00eb kryer nga nj\u00eb person tjet\u00ebr.<\/p>\n<p>Policia ka nisur hetime intensive p\u00ebr t\u00eb zbuluar t\u00eb gjitha rrethanat q\u00eb mund t\u00eb ken\u00eb \u00e7uar n\u00eb k\u00ebt\u00eb tragjedi.<\/p>\n<p>Po zhvillohen intervista me d\u00ebshmitar\u00eb t\u00eb mundsh\u00ebm q\u00eb mund t\u00eb ken\u00eb pasur informacion rreth orarit dhe l\u00ebvizjeve t\u00eb viktim\u00ebs, dhe po kontrollohen kamerat e siguris\u00eb n\u00eb zon\u00eb p\u00ebr t\u00eb mbledhur m\u00eb shum\u00eb prova dhe p\u00ebr t\u00eb pasur nj\u00eb pasqyr\u00eb m\u00eb t\u00eb plot\u00eb t\u00eb asaj q\u00eb ka ndodhur.<\/p>\n<p>Megjithate, ende nuk jan\u00eb t\u00eb qarta motivet dhe as rrethanat e plota t\u00eb ngjarjes. Hetimet jan\u00eb ende n\u00eb faz\u00eb t\u00eb hershme, dhe autoritetet po b\u00ebjn\u00eb gjith\u00e7ka t\u00eb mundur p\u00ebr t\u00eb sqaruar shkakun e k\u00ebsaj tragjedie q\u00eb ka tronditur zon\u00ebn.<\/p>\n","protected":false},"excerpt":{"rendered":"<p>Rreth or\u00ebs 17:10 t\u00eb mbr\u00ebmjes s\u00eb enjtes, n\u00eb rrug\u00ebn e vjet\u00ebr t\u00eb Balldrerit, nj\u00eb ngjarje tragjike ka tronditur zonen. Shtetasi rreth 25 vje\u00e7, i identifikuar si Romarjo Brunga, \u00ebsht\u00eb gjetur pa jet\u00eb n\u00eb makin\u00ebn e tij. Ky incident i papritur ka shkaktuar shqet\u00ebsim dhe ka t\u00ebrhequr menj\u00ebher\u00eb v\u00ebmendjen e sh\u00ebrbimeve t\u00eb policis\u00eb, t\u00eb cilat kan\u00eb [&hellip;]<\/p>\n","protected":false},"author":5,"featured_media":84481,"comment_status":"closed","ping_status":"closed","sticky":false,"template":"","format":"standard","meta":{"footnotes":""},"categories":[1,6332,29228],"tags":[29364,34959],"class_list":{"0":"post-84480","1":"post","2":"type-post","3":"status-publish","4":"format-standard","5":"has-post-thumbnail","7":"category-aktualitet","8":"category-te-fundit","9":"category-vendi","10":"tag-detaje-nga-ngjarja","11":"tag-emri-foto-i-riu-gjendet-i-vrare-ne-makine"},"_links":{"self":[{"href":"https:\/\/jugulajm.net\/index.php?rest_route=\/wp\/v2\/posts\/84480","targetHints":{"allow":["GET"]}}],"collection":[{"href":"https:\/\/jugulajm.net\/index.php?rest_route=\/wp\/v2\/posts"}],"about":[{"href":"https:\/\/jugulajm.net\/index.php?rest_route=\/wp\/v2\/types\/post"}],"author":[{"embeddable":true,"href":"https:\/\/jugulajm.net\/index.php?rest_route=\/wp\/v2\/users\/5"}],"replies":[{"embeddable":true,"href":"https:\/\/jugulajm.net\/index.php?rest_route=%2Fwp%2Fv2%2Fcomments&post=84480"}],"version-history":[{"count":1,"href":"https:\/\/jugulajm.net\/index.php?rest_route=\/wp\/v2\/posts\/84480\/revisions"}],"predecessor-version":[{"id":84482,"href":"https:\/\/jugulajm.net\/index.php?rest_route=\/wp\/v2\/posts\/84480\/revisions\/84482"}],"wp:featuredmedia":[{"embeddable":true,"href":"https:\/\/jugulajm.net\/index.php?rest_route=\/wp\/v2\/media\/84481"}],"wp:attachment":[{"href":"https:\/\/jugulajm.net\/index.php?rest_route=%2Fwp%2Fv2%2Fmedia&parent=84480"}],"wp:term":[{"taxonomy":"category","embeddable":true,"href":"https:\/\/jugulajm.net\/index.php?rest_route=%2Fwp%2Fv2%2Fcategories&post=84480"},{"taxonomy":"post_tag","embeddable":true,"href":"https:\/\/jugulajm.net\/index.php?rest_route=%2Fwp%2Fv2%2Ftags&post=84480"}],"curies":[{"name":"wp","href":"https:\/\/api.w.org\/{rel}","templated":true}]}}