{"id":84465,"date":"2025-02-06T13:01:14","date_gmt":"2025-02-06T12:01:14","guid":{"rendered":"https:\/\/jugulajm.net\/?p=84465"},"modified":"2025-02-06T13:01:14","modified_gmt":"2025-02-06T12:01:14","slug":"te-miturat-denigrohen-ne-instagram-ne-shenjester-me-foto-e-video","status":"publish","type":"post","link":"https:\/\/jugulajm.net\/?p=84465","title":{"rendered":"T\u00eb miturat denigrohen n\u00eb Instagram, n\u00eb sh\u00ebnjest\u00ebr me foto e video&#8230;"},"content":{"rendered":"<div class=\"featuredImageContainer\">\n<p>P\u00ebr tre dit\u00eb adoleshent\u00ebt e Kor\u00e7\u00ebs u terrorizuan nga nj\u00eb faqe instagrami e cila bullizonte, denigronte dhe publikonte materiale pornografike t\u00eb tyre.<\/p>\n<\/div>\n<div class=\"inner\">\n<div class=\"articleContent\">\n<p>Pas denoncimit t\u00eb b\u00ebr\u00eb nga nj\u00eb oficere e siguris\u00eb n\u00eb nj\u00eb prej gjimnazeve t\u00eb Kor\u00e7\u00ebs, Sektori kund\u00ebr Krimit Kibernetik n\u00eb Drejtorin\u00eb e P\u00ebrgjithshme t\u00eb Policis\u00eb s\u00eb Shtetit ka nisur hetimet p\u00ebr rastin dhe identifikimin e administrator\u00ebve t\u00eb faqes.<\/p>\n<p>N\u00ebn objektivin e sulmit t\u00eb administrator\u00ebve anonim\u00eb t\u00eb faqes e cila q\u00eb n\u00eb em\u00ebr ishte denigruese, ishin vendosur nx\u00ebn\u00ebs t\u00eb shkollave t\u00eb mesme por edhe 9 vje\u00e7are t\u00eb qytetit.<\/p>\n<p>Disa nga adoleshent\u00ebt e mosh\u00ebs 14-18 vje\u00e7 t\u00eb cil\u00ebt u b\u00ebn\u00eb objekt i sulmit tregojn\u00eb se faqja ekziston prej disa vitesh dhe n\u00eb m\u00ebnyr\u00eb periodike \u00ebsht\u00eb hapur dhe mbyllur.<\/p>\n<p>Sipas tyre ndryshe nga her\u00ebt e tjera tani p\u00ebrve\u00e7 postimeve me emra dhe mbiemra me p\u00ebrmbajtje denigruese ka patur edhe video dhe foto me p\u00ebrmbajtje pornografike.<\/p>\n<p>Denoncimi i rastit ka angazhuar strukturat e policis\u00eb s\u00eb Kor\u00e7\u00ebs, prokuroris\u00eb dhe sektorit t\u00eb Krimit Kibernetik n\u00eb Drejtorin\u00eb e Policis\u00eb s\u00eb Shtetit.<\/p>\n<p>Nd\u00ebrsa faqja tanim\u00eb \u00ebsht\u00eb mbyllur po vijojn\u00eb hetimet intensive p\u00ebr t\u00eb identifikuar administrator\u00ebt e faqes dhe persona t\u00eb tjer\u00eb t\u00eb p\u00ebrfshir\u00eb n\u00eb shp\u00ebrndarjen e k\u00ebtyre materialeve<\/p>\n<p>Eksperti Kibernetik Thanas Dim\u00e7o e konsideron shqet\u00ebsues krimin kibernetik p\u00ebr rajonin e Kor\u00e7\u00ebs i cili koh\u00ebt e fundit ka v\u00ebn\u00eb n\u00eb sh\u00ebnjest\u00ebr t\u00eb miturit<\/p>\n<p>Vet\u00ebm n\u00eb 3 dit\u00ebt e fundit ka pasur m\u00eb shum\u00eb se 20 adoleshent\u00eb t\u00eb d\u00ebmtuar nga sulmi kibernetik p\u00ebrmes k\u00ebsaj faqeje.\u00a0\u00a0 Pavar\u00ebsisht se rastet e sulmit kibernetik jan\u00eb n\u00eb rritje shqet\u00ebsim mbetet mungesa e denoncimeve nga t\u00eb miturit t\u00eb cil\u00ebt frik\u00ebsohen nga ky lloj presioni dhe nuk k\u00ebrkojn\u00eb mb\u00ebshtetjen e prind\u00ebrve apo ekspert\u00ebve<\/p>\n<p>Krimi kibernetik si nj\u00eb prej krimeve t\u00eb reja me t\u00eb cilin po p\u00ebrballet shoq\u00ebria sipas ekspert\u00ebve t\u00eb fush\u00ebs k\u00ebrkon forcimin e m\u00ebtejsh\u00ebm t\u00eb baz\u00ebs ligjore p\u00ebr t\u00eb b\u00ebr\u00eb t\u00eb mundur identifikimin m\u00eb t\u00eb shpejt\u00eb t\u00eb autor\u00ebve.<\/p>\n<\/div>\n<\/div>\n","protected":false},"excerpt":{"rendered":"<p>P\u00ebr tre dit\u00eb adoleshent\u00ebt e Kor\u00e7\u00ebs u terrorizuan nga nj\u00eb faqe instagrami e cila bullizonte, denigronte dhe publikonte materiale pornografike t\u00eb tyre. Pas denoncimit t\u00eb b\u00ebr\u00eb nga nj\u00eb oficere e siguris\u00eb n\u00eb nj\u00eb prej gjimnazeve t\u00eb Kor\u00e7\u00ebs, Sektori kund\u00ebr Krimit Kibernetik n\u00eb Drejtorin\u00eb e P\u00ebrgjithshme t\u00eb Policis\u00eb s\u00eb Shtetit ka nisur hetimet p\u00ebr rastin dhe [&hellip;]<\/p>\n","protected":false},"author":5,"featured_media":72424,"comment_status":"closed","ping_status":"closed","sticky":false,"template":"","format":"standard","meta":{"footnotes":""},"categories":[1,6332,29228],"tags":[34955,34954],"class_list":{"0":"post-84465","1":"post","2":"type-post","3":"status-publish","4":"format-standard","5":"has-post-thumbnail","7":"category-aktualitet","8":"category-te-fundit","9":"category-vendi","10":"tag-ne-shenjester-me-foto-e-video","11":"tag-te-miturat-denigrohen-ne-instagram"},"_links":{"self":[{"href":"https:\/\/jugulajm.net\/index.php?rest_route=\/wp\/v2\/posts\/84465","targetHints":{"allow":["GET"]}}],"collection":[{"href":"https:\/\/jugulajm.net\/index.php?rest_route=\/wp\/v2\/posts"}],"about":[{"href":"https:\/\/jugulajm.net\/index.php?rest_route=\/wp\/v2\/types\/post"}],"author":[{"embeddable":true,"href":"https:\/\/jugulajm.net\/index.php?rest_route=\/wp\/v2\/users\/5"}],"replies":[{"embeddable":true,"href":"https:\/\/jugulajm.net\/index.php?rest_route=%2Fwp%2Fv2%2Fcomments&post=84465"}],"version-history":[{"count":1,"href":"https:\/\/jugulajm.net\/index.php?rest_route=\/wp\/v2\/posts\/84465\/revisions"}],"predecessor-version":[{"id":84466,"href":"https:\/\/jugulajm.net\/index.php?rest_route=\/wp\/v2\/posts\/84465\/revisions\/84466"}],"wp:featuredmedia":[{"embeddable":true,"href":"https:\/\/jugulajm.net\/index.php?rest_route=\/wp\/v2\/media\/72424"}],"wp:attachment":[{"href":"https:\/\/jugulajm.net\/index.php?rest_route=%2Fwp%2Fv2%2Fmedia&parent=84465"}],"wp:term":[{"taxonomy":"category","embeddable":true,"href":"https:\/\/jugulajm.net\/index.php?rest_route=%2Fwp%2Fv2%2Fcategories&post=84465"},{"taxonomy":"post_tag","embeddable":true,"href":"https:\/\/jugulajm.net\/index.php?rest_route=%2Fwp%2Fv2%2Ftags&post=84465"}],"curies":[{"name":"wp","href":"https:\/\/api.w.org\/{rel}","templated":true}]}}