{"id":84410,"date":"2025-02-04T14:57:46","date_gmt":"2025-02-04T13:57:46","guid":{"rendered":"https:\/\/jugulajm.net\/?p=84410"},"modified":"2025-02-04T14:59:35","modified_gmt":"2025-02-04T13:59:35","slug":"emri-foto-28-vjecarja-hidhet-nga-lartesia-e-pallatit-la-pas-femijen-2-vjec","status":"publish","type":"post","link":"https:\/\/jugulajm.net\/?p=84410","title":{"rendered":"EMRI-FOTO\/ 28-vje\u00e7arja hidhet nga lart\u00ebsia e pallatit, la pas f\u00ebmij\u00ebn 2 vje\u00e7"},"content":{"rendered":"<div class=\"firstP\">\n<p>Nj\u00eb ngjarje tragjike \u00ebsht\u00eb sh\u00ebnuar paraditen e sotme n\u00eb Elbasan.<\/p>\n<\/div>\n<p>N\u00eb e re ka gjetur vdekjen pasi \u00ebsht\u00eb hedhur nga kati i pest\u00eb i nj\u00eb pallati.<\/p>\n<p>M\u00ebsohet se 28-vje\u00e7arja, Klajda Shuli ishte n\u00ebn\u00eb e nj\u00eb f\u00ebmije 2 vje\u00e7. Ajo ishte infermiere pran\u00eb repartit t\u00eb neurologjis\u00eb n\u00eb spitalin rajonal t\u00eb Elbasanit.<\/p>\n<p>E ndjera banonte me qira n\u00eb katin e dyt\u00eb n\u00eb lagjen &#8220;Visarion Xhuvani&#8221;, \u00ebsht\u00eb ngjitur n\u00eb katin e pest\u00eb, ku pasi ka l\u00ebn\u00eb xhupin dhe telefonin, \u00ebsht\u00eb hedhur nga lart\u00ebsia.<\/p>\n<p>Policia ndodhet n\u00eb vendngjarje, dhe po punohet p\u00ebr zbardhjen e rrethanave t\u00eb ngjarjes.<\/p>\n","protected":false},"excerpt":{"rendered":"<p>Nj\u00eb ngjarje tragjike \u00ebsht\u00eb sh\u00ebnuar paraditen e sotme n\u00eb Elbasan. N\u00eb e re ka gjetur vdekjen pasi \u00ebsht\u00eb hedhur nga kati i pest\u00eb i nj\u00eb pallati. M\u00ebsohet se 28-vje\u00e7arja, Klajda Shuli ishte n\u00ebn\u00eb e nj\u00eb f\u00ebmije 2 vje\u00e7. Ajo ishte infermiere pran\u00eb repartit t\u00eb neurologjis\u00eb n\u00eb spitalin rajonal t\u00eb Elbasanit. E ndjera banonte me qira [&hellip;]<\/p>\n","protected":false},"author":5,"featured_media":84411,"comment_status":"closed","ping_status":"closed","sticky":false,"template":"","format":"standard","meta":{"footnotes":""},"categories":[1,6332,29228],"tags":[34936,34937],"class_list":{"0":"post-84410","1":"post","2":"type-post","3":"status-publish","4":"format-standard","5":"has-post-thumbnail","7":"category-aktualitet","8":"category-te-fundit","9":"category-vendi","10":"tag-emri-foto-28-vjecarja-hidhet-nga-lartesia-e-pallatit","11":"tag-la-pas-femijen-2-vjec"},"_links":{"self":[{"href":"https:\/\/jugulajm.net\/index.php?rest_route=\/wp\/v2\/posts\/84410","targetHints":{"allow":["GET"]}}],"collection":[{"href":"https:\/\/jugulajm.net\/index.php?rest_route=\/wp\/v2\/posts"}],"about":[{"href":"https:\/\/jugulajm.net\/index.php?rest_route=\/wp\/v2\/types\/post"}],"author":[{"embeddable":true,"href":"https:\/\/jugulajm.net\/index.php?rest_route=\/wp\/v2\/users\/5"}],"replies":[{"embeddable":true,"href":"https:\/\/jugulajm.net\/index.php?rest_route=%2Fwp%2Fv2%2Fcomments&post=84410"}],"version-history":[{"count":2,"href":"https:\/\/jugulajm.net\/index.php?rest_route=\/wp\/v2\/posts\/84410\/revisions"}],"predecessor-version":[{"id":84413,"href":"https:\/\/jugulajm.net\/index.php?rest_route=\/wp\/v2\/posts\/84410\/revisions\/84413"}],"wp:featuredmedia":[{"embeddable":true,"href":"https:\/\/jugulajm.net\/index.php?rest_route=\/wp\/v2\/media\/84411"}],"wp:attachment":[{"href":"https:\/\/jugulajm.net\/index.php?rest_route=%2Fwp%2Fv2%2Fmedia&parent=84410"}],"wp:term":[{"taxonomy":"category","embeddable":true,"href":"https:\/\/jugulajm.net\/index.php?rest_route=%2Fwp%2Fv2%2Fcategories&post=84410"},{"taxonomy":"post_tag","embeddable":true,"href":"https:\/\/jugulajm.net\/index.php?rest_route=%2Fwp%2Fv2%2Ftags&post=84410"}],"curies":[{"name":"wp","href":"https:\/\/api.w.org\/{rel}","templated":true}]}}