{"id":84382,"date":"2025-02-03T18:49:15","date_gmt":"2025-02-03T17:49:15","guid":{"rendered":"https:\/\/jugulajm.net\/?p=84382"},"modified":"2025-02-03T18:49:15","modified_gmt":"2025-02-03T17:49:15","slug":"lajm-i-fundit-piro-dhima-behet-gati-te-konkurroje-per-deputet-i-ps-se-ne-gjirokaster","status":"publish","type":"post","link":"https:\/\/jugulajm.net\/?p=84382","title":{"rendered":"LAJM I FUNDIT\/ Piro Dhima b\u00ebhet gati t\u00eb konkurroj\u00eb p\u00ebr deputet i PS-s\u00eb n\u00eb Gjirokast\u00ebr"},"content":{"rendered":"<p>Shum\u00ebkush kur v\u00ebshtron titullin, priret t\u00eb besoj\u00eb se pesh\u00ebngrit\u00ebsi i famsh\u00ebm nga Himara e ka l\u00ebn\u00eb mendja t\u00eb konkurroj\u00eb n\u00eb list\u00ebn e deputet\u00ebve t\u00eb Rilindjes, e ku pa, n\u00eb Gjirokast\u00ebr.<\/p>\n<p>Por \u00ebsht\u00eb nj\u00eb tjet\u00ebr Piro q\u00eb ka t\u00eb nj\u00ebjtin emer e mbiem\u00ebr me at\u00eb t\u00eb pesh\u00ebngrit\u00ebsit t\u00eb madh me origjin\u00eb greke.<\/p>\n<p>B\u00ebhet fjal\u00eb p\u00ebr pronarin e nj\u00eb subjekti hotelerik dhe i disa subjekteve t\u00eb tjera tregtare n\u00eb Gjirokast\u00ebr.<\/p>\n<p>Nj\u00eb personazh periferik, i paangazhuar kurr\u00eb n\u00eb politik\u00eb, por sponsorizues besnik i PS n\u00ebp\u00ebr fushata zgjedhore.<\/p>\n<p>Gjetja e Piro Dhim\u00ebs p\u00ebr t\u00eb qen\u00eb n\u00eb list\u00ebn e kandidat\u00ebve p\u00ebr deputet t\u00eb PS n\u00eb Gjirokast\u00ebr, \u00ebsht\u00eb e deputetes aktiale, Mirela Kumbaros, e cila e zbuloi at\u00eb duke i b\u00ebr\u00eb disa her\u00eb reklama veresije n\u00eb rrjetin e saj social, ku ndjek\u00ebs ka taborrin e rrog\u00ebtar\u00ebve rilindas, q\u00eb detyrohen t\u2019i b\u00ebjn\u00eb LIKE apo SHARE.<\/p>\n<p>Kumbaro nuk ka rreshtur duke promovuar biznesmenin gjirokastrit si \u201chistori suksesi\u201d n\u00eb nj\u00eb qytet, ku njer\u00ebzit kan\u00eb marr\u00eb arratin\u00eb sikur lebroza t\u00eb jet\u00eb p\u00ebrhapur me shpejt\u00ebsi \u201coreshniku\u201d.<\/p>\n<p>Burime te besueshme nga PS Gjirokast\u00ebr, konfirmojn\u00eb p\u00ebr Jugulajm.net se emri i Piro Dhim\u00ebs \u00ebsht\u00eb hedhur formalisht n\u00eb testim tek organizatat socialiste dhe tek e ashtuquajtura shoq\u00ebri civile p\u00ebr t\u00eb marr\u00eb nj\u00eb aprovim sadopak minimal. Kjo ka ngjallur pak\u00ebnaq\u00ebsi n\u00eb radh\u00ebt e shum\u00eb socialist\u00ebve t\u00eb ndersh\u00ebm, t\u00eb cil\u00ebt kan\u00eb shprehur indinjat\u00eb p\u00ebr k\u00ebto veprime arbitrare t\u00eb Kumbaros e cila i konsideron socialist\u00ebt si num\u00ebror\u00eb dhe jo si vler\u00eb votash.<\/p>\n<p>Vet\u00eb socialist\u00ebt duket se nuk jan\u00eb dakord me k\u00ebt\u00eb kandidatur\u00eb, pasi nuk p\u00ebrfaq\u00ebson asgj\u00eb ve\u00e7se hesapit dhe xhepit t\u00eb tij.<\/p>\n<p>Dit\u00ebn kur n\u00eb Katedralen Ortodokse n\u00eb Gjirokast\u00ebr u organizua mesha hyjnore p\u00ebr nder t\u00eb Kryepeshkopit Janullatos, jo rast\u00ebsisht Piro Dhima \u00ebsht\u00eb par\u00eb n\u00eb krah\u00eb t\u00eb kryetarit t\u00eb Bashkis\u00eb Gjirokaster, Flamur Golemi dhe Kristin\u00ebs, ish-n\u00ebnkryetares s\u00eb bashkis\u00eb e cila ka marr\u00eb detyr\u00eb prej Golemit t\u00eb q\u00ebndroj\u00eb me goj\u00eb hapur 24\/24h.<img loading=\"lazy\" loading=\"lazy\" decoding=\"async\" class=\"alignnone size-medium wp-image-84383\" src=\"https:\/\/jugulajm.net\/wp-content\/uploads\/2025\/02\/Messenger_creation_22D472D2-42DE-4042-A824-8CFF3B13F393-1024x683.jpeg\" alt=\"\" width=\"1024\" height=\"683\" srcset=\"https:\/\/jugulajm.net\/wp-content\/uploads\/2025\/02\/Messenger_creation_22D472D2-42DE-4042-A824-8CFF3B13F393-1024x683.jpeg 1024w, https:\/\/jugulajm.net\/wp-content\/uploads\/2025\/02\/Messenger_creation_22D472D2-42DE-4042-A824-8CFF3B13F393-768x512.jpeg 768w, https:\/\/jugulajm.net\/wp-content\/uploads\/2025\/02\/Messenger_creation_22D472D2-42DE-4042-A824-8CFF3B13F393-330x220.jpeg 330w, https:\/\/jugulajm.net\/wp-content\/uploads\/2025\/02\/Messenger_creation_22D472D2-42DE-4042-A824-8CFF3B13F393-420x280.jpeg 420w, https:\/\/jugulajm.net\/wp-content\/uploads\/2025\/02\/Messenger_creation_22D472D2-42DE-4042-A824-8CFF3B13F393-615x410.jpeg 615w, https:\/\/jugulajm.net\/wp-content\/uploads\/2025\/02\/Messenger_creation_22D472D2-42DE-4042-A824-8CFF3B13F393-860x573.jpeg 860w, https:\/\/jugulajm.net\/wp-content\/uploads\/2025\/02\/Messenger_creation_22D472D2-42DE-4042-A824-8CFF3B13F393.jpeg 1440w\" sizes=\"auto, (max-width: 1024px) 100vw, 1024px\" \/>Jo vet\u00ebm kaq, por kryebashkiaku Golemi shp\u00ebrndau nj\u00eb status t\u00eb kandidatit n\u00eb tentativ\u00eb p\u00ebr deputet, Piro Dhim\u00ebs, dy foto t\u00eb Gjirokastr\u00ebs n\u00ebn mjegull duke e \u00e7muar \u201cgjetjen artistike\u201d t\u00eb Dhim\u00ebs, a thua sikur t\u00eb ishte fragment i skrepur nga fotografi i madh britanik Fabian Parr.<img loading=\"lazy\" loading=\"lazy\" decoding=\"async\" class=\"alignnone size-full wp-image-84384\" src=\"https:\/\/jugulajm.net\/wp-content\/uploads\/2025\/02\/Messenger_creation_EE5B7722-EB29-484D-B8DD-01F4BEE2B197.jpeg\" alt=\"\" width=\"750\" height=\"672\" \/> Mendohet se Piro Dhima do t\u00eb jet\u00eb pjes\u00eb e list\u00ebs s\u00eb hapur s\u00eb bashku me Kumbaron dhe nj\u00eb tjet\u00ebr fem\u00ebr ende e pap\u00ebrcaktuar si em\u00ebr. Kjo n\u00ebse Kumbaro nuk do t\u00eb \u00e7ertifikohet si drejtuese e list\u00ebs, \u00e7ka e p\u00ebrjashton nga konkurrimi brenda list\u00ebs s\u00eb hapur.<\/p>\n<p>Pra me k\u00ebt\u00eb l\u00ebvizje Kumbaro plot\u00ebson &#8220;paz\u00ebllin&#8221;, q\u00eb PS n\u00eb Gjirokast\u00ebr t\u00eb zgjedh\u00eb nj\u00eb kandidat q\u00eb t\u00eb p\u00ebrmbush\u00eb kushtet e (pa)vendosura, por q\u00eb t\u00eb ruajn\u00eb balanc\u00ebn fetare, krahinore e gjinore, pavar\u00ebsisht se Piro Dhima vjen i katapultuar n\u00eb PS nga bota e biznesit. Mbetet p\u00ebr t\u2019u par\u00eb konkretizimi deri n\u00eb fund.<\/p>\n","protected":false},"excerpt":{"rendered":"<p>Shum\u00ebkush kur v\u00ebshtron titullin, priret t\u00eb besoj\u00eb se pesh\u00ebngrit\u00ebsi i famsh\u00ebm nga Himara e ka l\u00ebn\u00eb mendja t\u00eb konkurroj\u00eb n\u00eb list\u00ebn e deputet\u00ebve t\u00eb Rilindjes, e ku pa, n\u00eb Gjirokast\u00ebr. Por \u00ebsht\u00eb nj\u00eb tjet\u00ebr Piro q\u00eb ka t\u00eb nj\u00ebjtin emer e mbiem\u00ebr me at\u00eb t\u00eb pesh\u00ebngrit\u00ebsit t\u00eb madh me origjin\u00eb greke. B\u00ebhet fjal\u00eb p\u00ebr pronarin [&hellip;]<\/p>\n","protected":false},"author":5,"featured_media":84385,"comment_status":"closed","ping_status":"closed","sticky":false,"template":"","format":"standard","meta":{"footnotes":""},"categories":[6326,6332,29228],"tags":[34924],"class_list":{"0":"post-84382","1":"post","2":"type-post","3":"status-publish","4":"format-standard","5":"has-post-thumbnail","7":"category-politike","8":"category-te-fundit","9":"category-vendi","10":"tag-lajm-i-fundit-piro-dhima-behet-gati-te-konkurroje-per-deputet-i-ps-se-ne-gjirokaster"},"_links":{"self":[{"href":"https:\/\/jugulajm.net\/index.php?rest_route=\/wp\/v2\/posts\/84382","targetHints":{"allow":["GET"]}}],"collection":[{"href":"https:\/\/jugulajm.net\/index.php?rest_route=\/wp\/v2\/posts"}],"about":[{"href":"https:\/\/jugulajm.net\/index.php?rest_route=\/wp\/v2\/types\/post"}],"author":[{"embeddable":true,"href":"https:\/\/jugulajm.net\/index.php?rest_route=\/wp\/v2\/users\/5"}],"replies":[{"embeddable":true,"href":"https:\/\/jugulajm.net\/index.php?rest_route=%2Fwp%2Fv2%2Fcomments&post=84382"}],"version-history":[{"count":1,"href":"https:\/\/jugulajm.net\/index.php?rest_route=\/wp\/v2\/posts\/84382\/revisions"}],"predecessor-version":[{"id":84386,"href":"https:\/\/jugulajm.net\/index.php?rest_route=\/wp\/v2\/posts\/84382\/revisions\/84386"}],"wp:featuredmedia":[{"embeddable":true,"href":"https:\/\/jugulajm.net\/index.php?rest_route=\/wp\/v2\/media\/84385"}],"wp:attachment":[{"href":"https:\/\/jugulajm.net\/index.php?rest_route=%2Fwp%2Fv2%2Fmedia&parent=84382"}],"wp:term":[{"taxonomy":"category","embeddable":true,"href":"https:\/\/jugulajm.net\/index.php?rest_route=%2Fwp%2Fv2%2Fcategories&post=84382"},{"taxonomy":"post_tag","embeddable":true,"href":"https:\/\/jugulajm.net\/index.php?rest_route=%2Fwp%2Fv2%2Ftags&post=84382"}],"curies":[{"name":"wp","href":"https:\/\/api.w.org\/{rel}","templated":true}]}}