{"id":84342,"date":"2025-02-02T19:54:20","date_gmt":"2025-02-02T18:54:20","guid":{"rendered":"https:\/\/jugulajm.net\/?p=84342"},"modified":"2025-02-02T19:54:20","modified_gmt":"2025-02-02T18:54:20","slug":"shefi-i-qarkullimit-makinat-e-parkuara-gabim-do-bllokohen","status":"publish","type":"post","link":"https:\/\/jugulajm.net\/?p=84342","title":{"rendered":"Shefi i qarkullimit: Makinat e parkuara gabim do bllokohen"},"content":{"rendered":"<p>Arben Bakalli me detyre komandant trafiku pran\u00eb komisariatit t\u00eb qarkullimit rrugor n\u00eb Tiran\u00eb shprehet, se \u00ebsht\u00eb hartuar nj\u00eb plan masash n\u00eb lidhje me porosin\u00eb nga drejtori i p\u00ebrgjithsh\u00ebm i Policis\u00eb s\u00eb Shtetit.<\/p>\n<p>Mjetet q\u00eb do konstatohen se z\u00ebn\u00eb hap\u00ebsirat publike do t\u00eb bllokohen.<\/p>\n<p>Bakalli sqaron t\u00eb gjith\u00eb procesin n\u00eb lidhje me k\u00ebt\u00eb mas\u00eb.<\/p>\n<p>Proda tha se pret m\u00eb shum\u00eb p\u00ebrmir\u00ebsim t\u00eb parametrave t\u00eb siguris\u00eb rrugore, sh\u00ebrbim sa m\u00eb cil\u00ebsor, q\u00eb ta ndiejn\u00eb ndryshimin p\u00ebrdoruesit e rrug\u00ebs dhe kjo n\u00ebnkupton etik\u00eb n\u00eb komunikim, ndjekje me p\u00ebrpar\u00ebsi t\u00eb procedurave t\u00eb aksidenteve, monitorim m\u00eb t\u00eb mir\u00eb t\u00eb qarkullimit dhe sidomos t\u00eb akseve rrugore q\u00eb jan\u00eb pran\u00eb shkollave.<\/p>\n<p>Aksioni policor p\u00ebr bllokimin e mjeteve q\u00eb z\u00ebn\u00eb hap\u00ebsirat publike, apo q\u00eb pengojn\u00eb qarkullimin e lir\u00eb dhe r\u00ebndojn\u00eb trafikun ka nisur, m\u00eb tej Komandanti Arben Bakalli ka dhe nj\u00eb apel p\u00ebr t\u00eb gjith\u00eb qytetar\u00ebt dhe drejtuesit e mjeteve.<\/p>\n","protected":false},"excerpt":{"rendered":"<p>Arben Bakalli me detyre komandant trafiku pran\u00eb komisariatit t\u00eb qarkullimit rrugor n\u00eb Tiran\u00eb shprehet, se \u00ebsht\u00eb hartuar nj\u00eb plan masash n\u00eb lidhje me porosin\u00eb nga drejtori i p\u00ebrgjithsh\u00ebm i Policis\u00eb s\u00eb Shtetit. Mjetet q\u00eb do konstatohen se z\u00ebn\u00eb hap\u00ebsirat publike do t\u00eb bllokohen. Bakalli sqaron t\u00eb gjith\u00eb procesin n\u00eb lidhje me k\u00ebt\u00eb mas\u00eb. Proda tha [&hellip;]<\/p>\n","protected":false},"author":5,"featured_media":61152,"comment_status":"closed","ping_status":"closed","sticky":false,"template":"","format":"standard","meta":{"footnotes":""},"categories":[1,6332,29228],"tags":[34912],"class_list":{"0":"post-84342","1":"post","2":"type-post","3":"status-publish","4":"format-standard","5":"has-post-thumbnail","7":"category-aktualitet","8":"category-te-fundit","9":"category-vendi","10":"tag-shefi-i-qarkullimit-makinat-e-parkuara-gabim-do-bllokohen"},"_links":{"self":[{"href":"https:\/\/jugulajm.net\/index.php?rest_route=\/wp\/v2\/posts\/84342","targetHints":{"allow":["GET"]}}],"collection":[{"href":"https:\/\/jugulajm.net\/index.php?rest_route=\/wp\/v2\/posts"}],"about":[{"href":"https:\/\/jugulajm.net\/index.php?rest_route=\/wp\/v2\/types\/post"}],"author":[{"embeddable":true,"href":"https:\/\/jugulajm.net\/index.php?rest_route=\/wp\/v2\/users\/5"}],"replies":[{"embeddable":true,"href":"https:\/\/jugulajm.net\/index.php?rest_route=%2Fwp%2Fv2%2Fcomments&post=84342"}],"version-history":[{"count":1,"href":"https:\/\/jugulajm.net\/index.php?rest_route=\/wp\/v2\/posts\/84342\/revisions"}],"predecessor-version":[{"id":84343,"href":"https:\/\/jugulajm.net\/index.php?rest_route=\/wp\/v2\/posts\/84342\/revisions\/84343"}],"wp:featuredmedia":[{"embeddable":true,"href":"https:\/\/jugulajm.net\/index.php?rest_route=\/wp\/v2\/media\/61152"}],"wp:attachment":[{"href":"https:\/\/jugulajm.net\/index.php?rest_route=%2Fwp%2Fv2%2Fmedia&parent=84342"}],"wp:term":[{"taxonomy":"category","embeddable":true,"href":"https:\/\/jugulajm.net\/index.php?rest_route=%2Fwp%2Fv2%2Fcategories&post=84342"},{"taxonomy":"post_tag","embeddable":true,"href":"https:\/\/jugulajm.net\/index.php?rest_route=%2Fwp%2Fv2%2Ftags&post=84342"}],"curies":[{"name":"wp","href":"https:\/\/api.w.org\/{rel}","templated":true}]}}