{"id":84238,"date":"2025-01-30T10:08:26","date_gmt":"2025-01-30T09:08:26","guid":{"rendered":"https:\/\/jugulajm.net\/?p=84238"},"modified":"2025-01-30T10:08:26","modified_gmt":"2025-01-30T09:08:26","slug":"emri-prangoset-36-vjecari-dogji-1-makinen-te-parkuar","status":"publish","type":"post","link":"https:\/\/jugulajm.net\/?p=84238","title":{"rendered":"EMRI\/ Prangoset 36-vje\u00e7ari, dogji 1 makin\u00ebn t\u00eb parkuar"},"content":{"rendered":"<p>\u00cbsht\u00eb arrestuar n\u00eb Elbasan 36-vje\u00e7ari, Gerti Mustafa, i cili dyshohet se i ka vendosur zjarrin q\u00ebllimisht nj\u00eb mjeti t\u00eb parkuar n\u00eb lagjen \u201cAqif Pasha\u201d.<\/p>\n<p>Policia b\u00ebn me dije se p\u00ebr motive t\u00eb dob\u00ebta, 36-vje\u00e7ari e ka djegur mjetin me l\u00ebnd\u00eb djeg\u00ebse (benzin\u00eb), n\u00eb pron\u00ebsi t\u00eb shtetasit me iniciale S. M<\/p>\n<p><strong>Njoftimi i policis\u00eb:<\/strong><\/p>\n<p>Elbasan\/Finalizohet nga Komisariati i Policis\u00eb Elbasan, operacioni policor i koduar \u201cThe last fire\u201d.<\/p>\n<p>Veprimet hetimore zbardhin djegien e q\u00ebllimshme t\u00eb nj\u00eb automjeti, q\u00eb paraprakisht u dyshua p\u00ebr shkaqe aksidentale.<\/p>\n<p>Identifikohet, kapet dhe vihet n\u00eb pranga autori i dyshuar.<\/p>\n<p>Sh\u00ebrbimet e Komisariatit t\u00eb Policis\u00eb Elbasan, n\u00eb vijim t\u00eb veprimeve hetimore t\u00eb thelluara p\u00ebr zbardhjen e rrethanave t\u00eb djegies s\u00eb nj\u00eb automjeti n\u00eb lagjen \u201cAqif Pasha\u201d, m\u00eb dat\u00eb 23.01.2025, q\u00eb fillimisht u dyshua aksidentale, bazuar n\u00eb provat e administruara dhe n\u00eb inteligjenc\u00ebn policore, kan\u00eb organizuar dhe finalizuar operacionin policor t\u00eb koduar \u201cThe last fire\u201d.<\/p>\n<p>Si rezultat i operacionit u arrestua n\u00eb flagranc\u00eb shtetasi Gerti Mustafa, 36 vje\u00e7, banues n\u00eb Elbasan, i d\u00ebnuar m\u00eb par\u00eb p\u00ebr disa vepra penale.<\/p>\n<p>Nga veprimet hetimore dyshohet se 36-vje\u00e7ari, m\u00eb dat\u00eb 23.01.2025, gjat\u00eb nat\u00ebs, n\u00eb lagjen \u201cAqif Pasha\u201d, p\u00ebr motive t\u00eb dob\u00ebta, ka djegur me l\u00ebnd\u00eb djeg\u00ebse (benzin\u00eb), nj\u00eb automjet t\u00eb parkuar, n\u00eb pron\u00ebsi t\u00eb shtetasit S. M. Nga p\u00ebrhapja e flak\u00ebve u dogj pjes\u00ebrisht dhe nj\u00eb automjet tjet\u00ebr i parkuar aty pran\u00eb.<\/p>\n<p>Materialet procedurale i kaluan Prokuroris\u00eb pran\u00eb Gjykat\u00ebs s\u00eb Shkall\u00ebs s\u00eb Par\u00eb t\u00eb Juridiksionit t\u00eb P\u00ebrgjithsh\u00ebm Elbasan, p\u00ebr vepr\u00ebn penale \u201cShkat\u00ebrrimi i pron\u00ebs me zjarr\u201d.<\/p>\n","protected":false},"excerpt":{"rendered":"<p>\u00cbsht\u00eb arrestuar n\u00eb Elbasan 36-vje\u00e7ari, Gerti Mustafa, i cili dyshohet se i ka vendosur zjarrin q\u00ebllimisht nj\u00eb mjeti t\u00eb parkuar n\u00eb lagjen \u201cAqif Pasha\u201d. Policia b\u00ebn me dije se p\u00ebr motive t\u00eb dob\u00ebta, 36-vje\u00e7ari e ka djegur mjetin me l\u00ebnd\u00eb djeg\u00ebse (benzin\u00eb), n\u00eb pron\u00ebsi t\u00eb shtetasit me iniciale S. M Njoftimi i policis\u00eb: Elbasan\/Finalizohet nga [&hellip;]<\/p>\n","protected":false},"author":5,"featured_media":49306,"comment_status":"closed","ping_status":"closed","sticky":false,"template":"","format":"standard","meta":{"footnotes":""},"categories":[1,6332,29228],"tags":[34877,34876],"class_list":{"0":"post-84238","1":"post","2":"type-post","3":"status-publish","4":"format-standard","5":"has-post-thumbnail","7":"category-aktualitet","8":"category-te-fundit","9":"category-vendi","10":"tag-dogji-1-makinen-te-parkuar","11":"tag-emri-prangoset-36-vjecari"},"_links":{"self":[{"href":"https:\/\/jugulajm.net\/index.php?rest_route=\/wp\/v2\/posts\/84238","targetHints":{"allow":["GET"]}}],"collection":[{"href":"https:\/\/jugulajm.net\/index.php?rest_route=\/wp\/v2\/posts"}],"about":[{"href":"https:\/\/jugulajm.net\/index.php?rest_route=\/wp\/v2\/types\/post"}],"author":[{"embeddable":true,"href":"https:\/\/jugulajm.net\/index.php?rest_route=\/wp\/v2\/users\/5"}],"replies":[{"embeddable":true,"href":"https:\/\/jugulajm.net\/index.php?rest_route=%2Fwp%2Fv2%2Fcomments&post=84238"}],"version-history":[{"count":1,"href":"https:\/\/jugulajm.net\/index.php?rest_route=\/wp\/v2\/posts\/84238\/revisions"}],"predecessor-version":[{"id":84240,"href":"https:\/\/jugulajm.net\/index.php?rest_route=\/wp\/v2\/posts\/84238\/revisions\/84240"}],"wp:featuredmedia":[{"embeddable":true,"href":"https:\/\/jugulajm.net\/index.php?rest_route=\/wp\/v2\/media\/49306"}],"wp:attachment":[{"href":"https:\/\/jugulajm.net\/index.php?rest_route=%2Fwp%2Fv2%2Fmedia&parent=84238"}],"wp:term":[{"taxonomy":"category","embeddable":true,"href":"https:\/\/jugulajm.net\/index.php?rest_route=%2Fwp%2Fv2%2Fcategories&post=84238"},{"taxonomy":"post_tag","embeddable":true,"href":"https:\/\/jugulajm.net\/index.php?rest_route=%2Fwp%2Fv2%2Ftags&post=84238"}],"curies":[{"name":"wp","href":"https:\/\/api.w.org\/{rel}","templated":true}]}}