{"id":84162,"date":"2025-01-29T11:13:27","date_gmt":"2025-01-29T10:13:27","guid":{"rendered":"https:\/\/jugulajm.net\/?p=84162"},"modified":"2025-01-29T11:13:27","modified_gmt":"2025-01-29T10:13:27","slug":"naxhi-kasoruho-ylli-asllani-ish-kryetar-i-bashkise-qe-e-do-gjirokastren-dhe-gjirokastritet","status":"publish","type":"post","link":"https:\/\/jugulajm.net\/?p=84162","title":{"rendered":"Naxhi Kasoruho: Ylli Asllani ish-kryetar i bashkis\u00eb q\u00eb e do Gjirokastr\u00ebn dhe gjirokastrit\u00ebt"},"content":{"rendered":"<p><em><strong>Portret i pa autorizuar n\u00eb memorien time<\/strong><\/em><\/p>\n<p><em><strong>-Impresione-<\/strong><\/em><\/p>\n<p><strong>Nga Naxhi Kasoruho <\/strong><strong>\u201cMjesht\u00ebr i Madh\u201d<\/strong><\/p>\n<p>Ishte viti 1955 kur fillova m\u00ebsimet p\u00ebr muzik\u00eb n\u00eb Liceun Artistik \u201cJordan Misja\u201d n\u00eb Tiran\u00eb. Vija p\u00ebr her\u00eb t\u00eb par\u00eb nga Gjirokastra dhe u befasova me hapsir\u00ebn e madhe, rrug\u00ebt e gj\u00ebra, sht\u00ebpit\u00eb e ulta dy kat\u00ebshe, njer\u00ebz t\u00eb shumt\u00eb q\u00eb vinin me nxitim, sheshi i madh n\u00eb mes t\u00eb qytetit, sahati dhe xhamia aty pran\u00eb dhe rreth tyre godinat e ministrive q\u00eb si\u00e7 m\u00ebsova m\u00eb von\u00eb i kishin nd\u00ebrtuar italian\u00ebt.<\/p>\n<p>Ndon\u00ebse u hutova nga kjo pamje befasuese dhe ndryshe nga Gjirokastra, me valixhen n\u00eb dor\u00eb u nisa nga q\u00ebndra drejt rrug\u00ebs s\u00eb Kavaj\u00ebs ku n\u00eb fund t\u00eb saj ndodhej Liceu Artistik. Si mbarova m\u00ebsimet n\u00eb Lice m\u00eb 15 janar 1962 u hap n\u00eb Tiran\u00eb Konservatori Shtet\u00ebror si shkolla e lart\u00eb e muzik\u00ebs. Ishin 60 student\u00eb q\u00eb do t\u00eb fillonin studimet n\u00eb k\u00ebt\u00eb Konservaor midis tyre edhe ata student\u00eb q\u00eb u kthyen nga vendet e demokracive popullore duke mos i p\u00ebrfunduar studimet si dhe nx\u00ebn\u00ebs, q\u00eb kishin mbaruar studimet e mesme n\u00eb Liceun \u201cJordan Misja\u201d.<br \/>\n<img loading=\"lazy\" loading=\"lazy\" decoding=\"async\" class=\"alignnone size-full wp-image-891400 td-animation-stack-type0-1\" src=\"https:\/\/telegraf.al\/wp-content\/uploads\/2025\/01\/Untitled-1-7.jpg\" sizes=\"auto, (max-width: 567px) 100vw, 567px\" srcset=\"https:\/\/telegraf.al\/wp-content\/uploads\/2025\/01\/Untitled-1-7.jpg 567w, https:\/\/telegraf.al\/wp-content\/uploads\/2025\/01\/Untitled-1-7-300x205.jpg 300w, https:\/\/telegraf.al\/wp-content\/uploads\/2025\/01\/Untitled-1-7-218x150.jpg 218w\" alt=\"\" width=\"567\" height=\"387\" \/><\/p>\n<p>Po sjell n\u00eb kujtes\u00ebn tuaj disa nga k\u00ebta student\u00eb t\u00eb par\u00eb t\u00eb konservatorit si: Robert Radoja, Ferdinand Deda, Eno Ko\u00e7o, Feim Ibrahimi, Margarita Kristidhi, Limoz Dizdari, G\u00ebzim Kaso, Vladimir Kapo, Ki\u00e7o Dako, Vangjel Papamihali, Mira Gjoni, Shqipe Mingomataj, Malo Xhabiaku, Tasim Hoshafi, Fatmir Po\u00e7i, Siri Rozi, Alfons Balli\u00e7i etj. Midis tyre pata fatin t\u00eb jem edhe un\u00eb n\u00eb k\u00ebt\u00eb dit\u00eb t\u00eb par\u00eb t\u00eb hapjes s\u00eb Konservatorit Shtet\u00ebror t\u00eb Tiran\u00ebs dhe n\u00eb qershor t\u00eb vitit 1966 p\u00ebrfundova studimet dhe mora diplom\u00ebn e Klarinetistit.<\/p>\n<p>Pas p\u00ebrfundimit t\u00eb studimeve u em\u00ebrova n\u00eb Gjirokast\u00ebr si muzikant n\u00eb Orkest\u00ebn e Estrad\u00ebs Profesioniste t\u00eb qytetit. N\u00eb at\u00eb koh\u00eb shef i Seksionit t\u00eb Arsim- Kultur\u00ebs n\u00eb Komitetin Ekzekutiv t\u00eb rrethit ishte Prof. Myzafer Asllani nj\u00eb gjirokastrit i nderuar q\u00eb kishte kontribut t\u00eb vyer n\u00eb zhvillimin e arsimit n\u00eb qytetin e Gjirokastr\u00ebs. Duke q\u00ebn\u00eb edhe shef i kultur\u00ebs Prof. Muzaferi interesohej dhe i kushtonte v\u00ebmendje veprimtarive kulturore, artistike si me trupat profesioniste, teatrin dhe estrad\u00ebn ashtu edhe me amator\u00ebt n\u00eb Pallatin e Kultur\u00ebs si: Band\u00ebn Muzikore, Ansamblin Artistik, Festivalin Folklorik etj.<\/p>\n<p><img loading=\"lazy\" loading=\"lazy\" decoding=\"async\" class=\"alignnone size-full wp-image-891401 td-animation-stack-type0-1\" src=\"https:\/\/telegraf.al\/wp-content\/uploads\/2025\/01\/Untitled-2-8.jpg\" sizes=\"auto, (max-width: 709px) 100vw, 709px\" srcset=\"https:\/\/telegraf.al\/wp-content\/uploads\/2025\/01\/Untitled-2-8.jpg 709w, https:\/\/telegraf.al\/wp-content\/uploads\/2025\/01\/Untitled-2-8-300x188.jpg 300w, https:\/\/telegraf.al\/wp-content\/uploads\/2025\/01\/Untitled-2-8-696x436.jpg 696w, https:\/\/telegraf.al\/wp-content\/uploads\/2025\/01\/Untitled-2-8-671x420.jpg 671w\" alt=\"\" width=\"709\" height=\"444\" \/><\/p>\n<p>N\u00eb detyr\u00ebn e dirigjentit t\u00eb Orkestr\u00ebs s\u00eb Estrad\u00ebs s\u00eb qytetit merrja pjes\u00eb n\u00eb takime t\u00eb ndryshme q\u00eb z. Myzafer organizonte me drejtues t\u00eb institucioneve kulturore dhe artist\u00eb t\u00eb kualifikuar n\u00eb profile t\u00eb ndryshme t\u00eb artit ku gjithmon\u00eb shprehte preokupacionin, v\u00ebmendjen dhe mb\u00ebshtetjen p\u00ebr t\u2019i realizuar t\u00eb gjitha veprimtarit\u00eb me nivel t\u00eb lart\u00eb artistik.<\/p>\n<p>N\u00eb at\u00eb koh\u00eb n\u00eb Gjirokast\u00ebr ishte nj\u00eb grup i vog\u00ebl artist\u00ebsh q\u00eb kishin mbaruar studimet n\u00eb Tiran\u00eb n\u00eb deg\u00ebt, muzik\u00eb, teat\u00ebr, piktur\u00eb, let\u00ebrsi q\u00eb punonin n\u00eb Gjirokast\u00ebr si: Bernard Kokalari, Viktor Zhusti, Roland \u00c7ene, Jorgo Roza, Bukuroshe Kokalari, Jorgo Kokalari, Panajot Vasili, Ksenofon Kostaqi, Bekim Harxhi, Stavri \u00c7ati etj, t\u00eb cil\u00ebt dhan\u00eb nj\u00eb kontribut t\u00eb jasht\u00ebzakonsh\u00ebm n\u00eb zhvillimin e artit dhe kultur\u00ebs. T\u00eb gjith\u00eb k\u00ebta artist\u00eb dhe l\u00ebvizja amatore n\u00eb gjith\u00eb rrethin pat\u00ebn mb\u00ebshtetjen e vazhdueshme dhe angazhimin maksimal t\u00eb Prof. Myzafer Asllanit. Profesor\u00a0<strong>Myzaferi ishte nga t\u00eb par\u00ebt intelektual\u00eb e pedagog\u00eb matematike n\u00eb Jug me arsim t\u00eb lart\u00eb mbaruar pas luft\u00ebs!<\/strong>\u00a0Nd\u00ebrkoh\u00eb n\u00eb vitin 1940 kishte kishte mbaruar shkoll\u00ebn\u00a0<strong>Normale\u00a0<\/strong>n\u00eb Elbasan, ku kishte m\u00ebsuar krahas m\u00ebsuesis\u00eb t\u00eb luante edhe\u00a0<strong>n\u00eb violin\u00eb, mandolin\u00eb dhe piktur\u00eb.<\/strong>\u00a0Ishte vazhdimi i nj\u00eb tradite t\u00eb Normales s\u00eb\u00a0 mir\u00ebnjohur, ku kan\u00eb m\u00ebsuar t\u00eb luanin n\u00eb violin\u00eb shum\u00eb nx\u00ebn\u00ebs q\u00eb m\u00eb von\u00eb u b\u00ebn\u00eb muzikant\u00eb t\u00eb shk\u00eblqyer n\u00eb trash\u00ebgimin\u00eb ton\u00eb komb\u00ebtare. Sa p\u00ebr ilustrim n\u00eb kujtes\u00eb t\u00eb publikut po p\u00ebrmend dirigjentin e mir\u00ebnjohur \u201cArtistin e Popullit\u201d \u201c Nderi i Kombit\u201d Prof. Mustafa Krantja.<br \/>\n<img loading=\"lazy\" loading=\"lazy\" decoding=\"async\" class=\"alignnone size-full wp-image-891402 td-animation-stack-type0-1\" src=\"https:\/\/telegraf.al\/wp-content\/uploads\/2025\/01\/Untitled-4-6.jpg\" sizes=\"auto, (max-width: 567px) 100vw, 567px\" srcset=\"https:\/\/telegraf.al\/wp-content\/uploads\/2025\/01\/Untitled-4-6.jpg 567w, https:\/\/telegraf.al\/wp-content\/uploads\/2025\/01\/Untitled-4-6-300x204.jpg 300w\" alt=\"\" width=\"567\" height=\"385\" \/>\u00a0<img loading=\"lazy\" loading=\"lazy\" decoding=\"async\" class=\"alignnone size-full wp-image-891403 td-animation-stack-type0-1\" src=\"https:\/\/telegraf.al\/wp-content\/uploads\/2025\/01\/Untitled-5-3.jpg\" sizes=\"auto, (max-width: 567px) 100vw, 567px\" srcset=\"https:\/\/telegraf.al\/wp-content\/uploads\/2025\/01\/Untitled-5-3.jpg 567w, https:\/\/telegraf.al\/wp-content\/uploads\/2025\/01\/Untitled-5-3-300x194.jpg 300w\" alt=\"\" width=\"567\" height=\"366\" \/><\/p>\n<p><strong>Pas \u00e7lirimit ai do t\u00eb ishte nj\u00eb nd\u00ebr organizator\u00ebt e band\u00ebs muzikore t\u00eb qytetit dhe organizimit t\u00eb kurseve t\u00eb violin\u00ebs n\u00eb sht\u00ebpin\u00eb e pionerit! !\u00a0<\/strong>K\u00ebt\u00eb njohje me violin\u00ebn dhe muzik\u00ebn Prof. Myzafer Asllani e tregonte me interesimin dhe mb\u00ebshtetjen q\u00eb na jepte ne gjith\u00eb artist\u00ebve n\u00eb realizimin e veprimtarive\u00a0 q\u00eb zhvilloheshin n\u00eb at\u00eb koh\u00eb.\u00a0 N\u00eb cil\u00ebsin\u00eb e \u00a0shefit t\u00eb arsimit dhe t\u00eb kultur\u00ebs, krahas hapjes s\u00eb shum\u00eb shkollave n\u00eb rreth ai ju p\u00ebrkushtua dhe u b\u00eb inisiatori i organizimit t\u00eb Festivalit t\u00eb Par\u00eb Folklorik Komb\u00ebtar n\u00eb vitin 1968 n\u00eb kalan\u00eb e Gjirokastr\u00ebs! Kurse n\u00eb vitin 1971 Prof. Muzaferi do t\u00eb ishte protogonisti kryesor i hapjes dhe drejtimit t\u00eb Universitetit \u201cEqerem \u00c7abej\u201d n\u00eb Gjirokast\u00ebr, student\u00ebt e t\u00eb cilit p\u00ebrhap\u00ebn dijen, shkenc\u00ebn dhe kultur\u00ebn qytetare n\u00eb krejt vendin!<\/p>\n<p>Kalon koha dhe pas 30 vitesh do t\u00eb filloja ose do t\u00eb vazhdoja marr\u00ebdh\u00ebnien me pasardh\u00ebsin e Prof. Myzaferit me djalin e tij Ylli Asllani.<\/p>\n<p><img loading=\"lazy\" loading=\"lazy\" decoding=\"async\" class=\"alignnone size-full wp-image-891404 td-animation-stack-type0-1\" src=\"https:\/\/telegraf.al\/wp-content\/uploads\/2025\/01\/Untitled-6-1.jpg\" sizes=\"auto, (max-width: 567px) 100vw, 567px\" srcset=\"https:\/\/telegraf.al\/wp-content\/uploads\/2025\/01\/Untitled-6-1.jpg 567w, https:\/\/telegraf.al\/wp-content\/uploads\/2025\/01\/Untitled-6-1-300x210.jpg 300w, https:\/\/telegraf.al\/wp-content\/uploads\/2025\/01\/Untitled-6-1-100x70.jpg 100w\" alt=\"\" width=\"567\" height=\"397\" \/><\/p>\n<p>Ylli Asllani kishte vite q\u00eb kishte filluar pun\u00ebn si inxhinier mekanik n\u00eb Uzin\u00ebn Metalike n\u00eb Gjirokast\u00ebr p\u00ebr prodhimin e \u00e7adrave, rubinetave, lug\u00ebve e pirun\u00ebve t\u00eb njohura p\u00ebr cil\u00ebsin\u00eb e tyre n\u00eb mbar\u00eb vendin. N\u00eb at\u00eb koh\u00eb l\u00ebvizja artistike kishte marr\u00eb nj\u00eb zhvillim pozitiv dhe p\u00ebrve\u00e7 shfaqjeve t\u00eb Estrad\u00ebs Profesioniste q\u00eb gjall\u00ebronte jet\u00ebn artistike n\u00eb qytet edhe Banda Muzikore jepte koncerte her\u00eb pas here n\u00eb sheshin e \u00c7er\u00e7izit. Kaluan vite deri sa erdhi viti 1990 ku nisi nd\u00ebrrimi i sistemit komunist n\u00eb at\u00eb demokratik. N\u00eb vitin 1991 Ing. Ylli do t\u00eb zgjidhej me votat e puntor\u00ebve drejtori i Uzin\u00ebs Metalike p\u00ebr armaturat Hidrosanitare!<\/p>\n<p>Ylli e mb\u00ebshteti k\u00ebt\u00eb ndryshim demokratik\u00a0<strong>dhe fillimisht u zgjodh nga lista e demokrat\u00ebve K\u00ebshilltar i Bashkis\u00eb Gjirokast\u00ebr, pastaj Sekretar i K\u00ebshillit t\u00eb Bashkis\u00eb<\/strong>\u00a0dhe n\u00eb vitin 1996 kandidon p\u00ebr kryetar i Bashkis\u00eb Gjirokast\u00ebr i propozuar dhe mb\u00ebshtetur nga Partia Demokratike.\u00a0<strong>Fitorja e tij me 57% n\u00eb balotazh n\u00eb nj\u00eb qytet thell\u00ebsisht t\u00eb majt\u00eb ishte sinjali i dominimit t\u00eb vlerave njer\u00ebzore e qytetare para atyre partiake! \u00a0<\/strong>Nga viti 1992 ku n\u00eb krye t\u00eb Bashkis\u00eb u zgjodh Bashkim Fino si kryetar i par\u00eb n\u00eb sistemin pluralist demokratik e deri m\u00eb sot e drejtuan k\u00ebt\u00eb bashki k\u00ebta kryetar\u00eb: Bashkim Fino, Ylli Asllani, Murat Ka\u00e7i, Flamur Bime, Zamira Rami dhe sot \u00ebsht\u00eb Flamur Golemi.<\/p>\n<p><img loading=\"lazy\" loading=\"lazy\" decoding=\"async\" class=\"alignnone size-full wp-image-891405 td-animation-stack-type0-1\" src=\"https:\/\/telegraf.al\/wp-content\/uploads\/2025\/01\/Untitled-7-2.jpg\" sizes=\"auto, (max-width: 567px) 100vw, 567px\" srcset=\"https:\/\/telegraf.al\/wp-content\/uploads\/2025\/01\/Untitled-7-2.jpg 567w, https:\/\/telegraf.al\/wp-content\/uploads\/2025\/01\/Untitled-7-2-300x153.jpg 300w\" alt=\"\" width=\"567\" height=\"290\" \/>\u00a0<img loading=\"lazy\" loading=\"lazy\" decoding=\"async\" class=\"alignnone size-full wp-image-891406 td-animation-stack-type0-1\" src=\"https:\/\/telegraf.al\/wp-content\/uploads\/2025\/01\/Untitled-8-2.jpg\" sizes=\"auto, (max-width: 567px) 100vw, 567px\" srcset=\"https:\/\/telegraf.al\/wp-content\/uploads\/2025\/01\/Untitled-8-2.jpg 567w, https:\/\/telegraf.al\/wp-content\/uploads\/2025\/01\/Untitled-8-2-300x186.jpg 300w, https:\/\/telegraf.al\/wp-content\/uploads\/2025\/01\/Untitled-8-2-356x220.jpg 356w\" alt=\"\" width=\"567\" height=\"351\" \/><\/p>\n<p>N\u00eb pozicione t\u00eb ndryshme t\u00eb pun\u00ebs time n\u00eb insistucionet kulturore- artistike n\u00eb Gjirokast\u00ebr kam patur marr\u00ebdh\u00ebnie shum\u00eb t\u00eb mira me t\u00eb gjith\u00eb kryetar\u00ebt pavar\u00ebsisht se cilit krahu i p\u00ebrkasin. Ndihmesa dhe mb\u00ebshtetja e tyre p\u00ebr artin dhe kultur\u00ebn n\u00eb k\u00ebt\u00eb rajon t\u00eb jugut si vler\u00eb dhe kontribut n\u00eb trash\u00ebgimin\u00eb ton\u00eb ka q\u00ebn\u00eb mjaft pozitiv, e ndjeshme dhe mb\u00ebshtet\u00ebse n[ trash\u00ebgimin\u00eb e \u00a0qytet\u00ebrimin gjirokastrit.<\/p>\n<p>Pa dashur t\u00eb ndalem n\u00eb holl\u00ebsira e detaje n\u00eb portretizimin e secilit nga kryetar\u00ebt e bashkis\u00eb\u00a0 n\u00eb mbi 3 dekada t\u00eb aktivitetit t\u00eb tyre shpreh vler\u00ebsime dhe respektin tim t\u00eb ve\u00e7ant\u00eb p\u00ebr gjith\u00eb\u00e7ka q\u00eb kan\u00eb b\u00ebr\u00eb n\u00eb zhvillimin dhe p\u00ebrparimin e qytetit.<\/p>\n<p>Por k\u00ebt\u00eb shkrim ja dedikoj z. Ylli Asllani me t\u00eb cilin kam patur nj\u00eb bashk\u00ebpunim m\u00eb t\u00eb ngusht\u00eb si rezultat edhe i rrethanave t\u00eb krijuara. Ishte viti 2000 kur pas 12 vitesh Festivali Folklorik Komb\u00ebtar i Gjirokastr\u00ebs do rikthehej n\u00eb kalan\u00eb historike t\u00eb qytetit, mbasi n\u00eb vitin 1995 ky manifestim madh\u00ebshtor i artit ton\u00eb me vendimin e Qeveris\u00eb s\u00eb asaj kohe do t\u00eb zhvillohej n\u00eb qytetin e Beratit.<br \/>\n<img loading=\"lazy\" loading=\"lazy\" decoding=\"async\" class=\"alignnone size-full wp-image-891407 td-animation-stack-type0-1\" src=\"https:\/\/telegraf.al\/wp-content\/uploads\/2025\/01\/Untitled-9-2.jpg\" sizes=\"auto, (max-width: 567px) 100vw, 567px\" srcset=\"https:\/\/telegraf.al\/wp-content\/uploads\/2025\/01\/Untitled-9-2.jpg 567w, https:\/\/telegraf.al\/wp-content\/uploads\/2025\/01\/Untitled-9-2-300x197.jpg 300w\" alt=\"\" width=\"567\" height=\"372\" \/>\u00a0<img loading=\"lazy\" loading=\"lazy\" decoding=\"async\" class=\"alignnone size-full wp-image-891408 td-animation-stack-type0-1\" src=\"https:\/\/telegraf.al\/wp-content\/uploads\/2025\/01\/Untitled-10-1.jpg\" sizes=\"auto, (max-width: 567px) 100vw, 567px\" srcset=\"https:\/\/telegraf.al\/wp-content\/uploads\/2025\/01\/Untitled-10-1.jpg 567w, https:\/\/telegraf.al\/wp-content\/uploads\/2025\/01\/Untitled-10-1-300x190.jpg 300w\" alt=\"\" width=\"567\" height=\"359\" \/><\/p>\n<p>Si pjes\u00ebmarr\u00ebs dhe udh\u00ebheq\u00ebs artistik n\u00eb k\u00ebto festivale u pezmatova shum\u00eb dhe kund\u00ebrshtin\u00eb e k\u00ebtij vendimi e shpreha n\u00eb organizimin e nj\u00eb l\u00ebvizje ku b\u00ebnin pjes\u00eb intelektual\u00eb, artist\u00eb popullor dhe qytetar\u00eb t\u00eb shumt\u00eb gjirokastrit\u00eb q\u00eb ishin kund\u00ebr k\u00ebtij vendimi dhe k\u00ebrkonin kthimin e k\u00ebtij festivali n\u00eb kalan\u00eb historike ku dhe filloi ky manifestim i folkut ton\u00eb.<\/p>\n<p>Jan\u00eb t\u00eb shumta takimet dhe k\u00ebrkesat p\u00ebr kthimin e Festivalit n\u00eb Gjirokast\u00ebr p\u00ebr t\u00eb cilat kam shkruar gjer\u00ebsisht tek libri im \u201cGjirokastra n\u00eb syt\u00eb e mi\u201d, ku jan\u00eb edhe letrat e botuar n\u00eb gazeta q\u00eb i jam drejtuar ministrave t\u00eb kultur\u00ebs znj. Arta Dade dhe z. Edi Rama, zyr\u00ebs s\u00eb OSBE-s n\u00eb Gjirokast\u00ebr dhe z. Sk\u00ebnder Gjinushit, Kryetar i Kuvendit t\u00eb Shqip\u00ebris\u00eb si reagime t\u00eb drejta jo personale por shprehje e interesit t\u00eb opinionit publik dhe artist\u00ebve t\u00eb shumt\u00eb q\u00eb kan\u00eb k\u00ebnduar e vall\u00ebzuar n\u00eb ato podiume madh\u00ebshtore n\u00eb sofr\u00ebn e k\u00ebng\u00ebs dhe panteonin e trash\u00ebgimis\u00eb kulturore.<\/p>\n<p><strong>P\u00ebr kthimin dhe organizimin teknik t\u00eb FFK n\u00eb Gjirokast\u00ebr institucionalisht u angazhua drejp\u00ebrdrejt Kryetar Bashkis\u00eb Ylli, i cili n\u00eb krye t\u00eb nj\u00eb grupi pune realizoi ve\u00e7 t\u00eb tjerash edhe sensibilizim nd\u00ebrkomb\u00ebtar p\u00ebr rikthimin e FFK n\u00eb Gjirokastr\u00ebn. Ai ja doli t\u00eb fitonte t\u00eb drejt\u00ebn q\u00eb qyteti i festivalit t\u00eb p\u00ebrcaktohej me konkurs\u2026 N\u00eb k\u00ebt\u00eb gar\u00eb Gjirokastra fitoi 150 pik\u00eb dhe pas tij u rendit\u00ebn Durr\u00ebsi, Berati me m\u00eb pak se 50 pik\u00eb<\/strong>.\u00a0<strong>Sipas Z. Ylli p\u00ebrtej faktit arkitektonik dhe tradit\u00ebs, libri p\u00ebr historin\u00eb e festivaleve shkruar nga un\u00eb n\u00eb shqip e anglisht, si dhe fondet e shumta t\u00eb donator\u00ebve t\u00eb mbledhur prej tij ishin arm\u00ebt m\u00eb t\u00eb forta para k\u00ebsaj jurie me profesor\u00ebt m\u00eb t\u00eb mir\u00eb t\u00eb etnofolklorit shqiptar t\u00eb udh\u00ebhequr prej Af\u00ebrdita Sokolit, Ramazan Bogdanit, Roland Cene, Ermir Dizdari etj!<br \/>\n<img loading=\"lazy\" loading=\"lazy\" decoding=\"async\" class=\"alignnone size-full wp-image-891409 td-animation-stack-type0-1\" src=\"https:\/\/telegraf.al\/wp-content\/uploads\/2025\/01\/Untitled-11-1.jpg\" sizes=\"auto, (max-width: 567px) 100vw, 567px\" srcset=\"https:\/\/telegraf.al\/wp-content\/uploads\/2025\/01\/Untitled-11-1.jpg 567w, https:\/\/telegraf.al\/wp-content\/uploads\/2025\/01\/Untitled-11-1-300x196.jpg 300w\" alt=\"\" width=\"567\" height=\"371\" \/>\u00a0<img loading=\"lazy\" loading=\"lazy\" decoding=\"async\" class=\"alignnone size-full wp-image-891410 td-animation-stack-type0-1\" src=\"https:\/\/telegraf.al\/wp-content\/uploads\/2025\/01\/Untitled-12.jpg\" sizes=\"auto, (max-width: 709px) 100vw, 709px\" srcset=\"https:\/\/telegraf.al\/wp-content\/uploads\/2025\/01\/Untitled-12.jpg 709w, https:\/\/telegraf.al\/wp-content\/uploads\/2025\/01\/Untitled-12-300x192.jpg 300w, https:\/\/telegraf.al\/wp-content\/uploads\/2025\/01\/Untitled-12-696x446.jpg 696w, https:\/\/telegraf.al\/wp-content\/uploads\/2025\/01\/Untitled-12-656x420.jpg 656w\" alt=\"\" width=\"709\" height=\"454\" \/><br \/>\n<\/strong><\/p>\n<p>N\u00eb k\u00ebt\u00eb rikthim t\u00eb festivalit pata fatin q\u00eb t\u00eb jem udh\u00ebheq\u00ebs artistik i grupit popullor q\u00eb do t\u00eb p\u00ebrfaq\u00ebsonte Prefektur\u00ebn e Gjirokastr\u00ebs n\u00eb k\u00ebt\u00eb festival. Pavar\u00ebsisht se ky grup p\u00ebrfaq\u00ebsues drejtohej nga Prefektura,\u00a0 z. Ylli si kryetar i Bashkis\u00eb do t\u00eb angazhohej t\u00ebr\u00ebsisht q\u00eb ky aktivitet t\u00eb realizohej me sukses si\u00e7 edhe ndodhi dhe Gjirokastra u nderua me Kup\u00ebn e Festivalit.\u00a0<strong>Koncerti madh mir\u00ebseardhjes i realizuar nga bashkia me regjizor Ilir Llurin nuk \u00ebsht\u00eb arritur t\u00eb b\u00ebhet m\u00eb!<\/strong><\/p>\n<p><strong>Nj\u00eb ngjarje e ve\u00e7ant\u00eb ka qen\u00eb dhe themelimi i Fondacionit p\u00ebr Mbrojtjen e Vlerave t\u00eb Gjirokastr\u00ebs.<\/strong>\u00a0Kjo ishte iniciativ\u00eb e tij dhe e \u00a0Prof. Agim Meros, bashk\u00eb me disa intelektual\u00eb gjirokastrit\u00eb e personalitete t\u00eb kultur\u00ebs ton\u00eb si: Ismail Kadare, Farudin Hoxha, Luan Omeri, Arben Puto, Roland Cene, Moikom Zeqo, Muntaz Dhrami, Emin Riza, Jorgo Bulo, Naxhi Kasoruho, Ali Xhiku, Dalan Shapllo, Baftjar Dobi etj.<\/p>\n<p>Historia e p\u00ebrfshirjes s\u00eb Gjirokastr\u00ebs n\u00eb UNESKO \u00ebsht\u00eb nj\u00eb nga kontributet m\u00eb t\u00eb shquara t\u00eb Ylli Asllanit. Pregatitja prej tij e dosjes \u201c Gjirokastra SOS\u201d me n\u00eb krye Emin Riz\u00ebn dhe arkitet\u00ebt m\u00eb t\u00eb mir\u00eb t\u00eb fush\u00ebs, si dhe paraqitja e saj para trupit t\u00eb gjith\u00eb ambasdor\u00ebve evropian\u00eb t\u00eb UNESKOS n\u00eb Tetor t\u00eb vitit 1998 ishte zyrtarisht hapi par\u00eb dhe vendimtar n\u00eb udh\u00ebtimin e suksesh\u00ebm t\u00eb Gjirokastr\u00ebs n\u00eb pasurin\u00eb bot\u00ebrore t\u00eb njer\u00ebzimit. Lobimi tij i mencur m\u00eb tej me Kadaren\u00eb, Jusuf Vrionin dhe Ambasadoren Tatjana Gjoni ishte nj\u00eb model i diplomacis\u00eb kulturore!<br \/>\n<img loading=\"lazy\" loading=\"lazy\" decoding=\"async\" class=\"alignnone size-full wp-image-891413 td-animation-stack-type0-1\" src=\"https:\/\/telegraf.al\/wp-content\/uploads\/2025\/01\/Untitled-13.jpg\" sizes=\"auto, (max-width: 567px) 100vw, 567px\" srcset=\"https:\/\/telegraf.al\/wp-content\/uploads\/2025\/01\/Untitled-13.jpg 567w, https:\/\/telegraf.al\/wp-content\/uploads\/2025\/01\/Untitled-13-300x199.jpg 300w\" alt=\"\" width=\"567\" height=\"377\" \/><\/p>\n<p>Rreth q\u00ebllimit t\u00eb pranimit n\u00eb UNESKO at\u00ebhere u mblodh krejt bota kulturore gjirokastrite dhe vecan\u00ebrisht Forumi p\u00ebr Mrojtjen e Gjirokastr\u00ebs q\u00eb shkroi n\u00eb vitin 2000 nga ana e tij edhe nj\u00eb let\u00ebr autoriteteve n\u00eb UNESKO-s.<\/p>\n<p>Jasht\u00eb modestis\u00eb ndjehem i nderuar edhe un\u00eb q\u00eb t\u00eb ulesha n\u00eb k\u00ebt\u00eb tavolin\u00eb prestigjoze dhe t\u00eb d\u00ebgjoja fjal\u00ebt e men\u00e7ura dhe t\u00eb kontribuoja modestisht n\u00eb pasqyrimin, ruajtjen e vlerave t\u00eb qytet\u00ebrimit gjirokastrit si dhe sensibilizimin p\u00ebr ta p\u00ebrfshir\u00eb qytetin e Gjirokastr\u00ebs n\u00eb list\u00ebn e trash\u00ebgimis\u00eb bot\u00ebrore q\u00eb mbroheshin nga ky forum nd\u00ebrkomb\u00ebtar.<\/p>\n<ol>\n<li>Ylli Asllani i mb\u00ebshtetur edhe nga Kadareja duke lobuar n\u00eb UNESCO arrit\u00ebn m\u00eb pas t\u00eb sjellin n\u00eb Gjirokast\u00ebr kryetarin e saj Z. Matsura, i cili u befesua nga pamja magjep\u00ebse e k\u00ebtij qyteti.\u00a0<strong>N\u00eb 15 Korrik t\u00eb vitit 2005<\/strong>\u00a0u firmos vendimi p\u00ebr ta pranuar Gjirokastr\u00ebn n\u00eb mbrojtje nga UNESCO.<\/li>\n<\/ol>\n<p>Po n\u00eb vitin 2005 Ylli Asllani largohet nga Gjirokastra, p\u00ebr n\u00eb Tiran\u00eb, me detyr\u00ebn e K\u00ebshilltarit t\u00eb Kryemistrit Berisha p\u00ebr qeverisjen vendore! Gjat\u00eb 8 viteve n\u00eb k\u00ebt\u00eb detyr\u00eb ai spikati p\u00ebr kujdesin ndaj cdo qytetari, vecan\u00ebrish nga rajoni Gjirokastr\u00ebs dhe n\u00eb realizimin e shum\u00eb investimeve n\u00eb k\u00ebt\u00eb rajon. N\u00eb vitin 2013, kur Ylli \u00a0u em\u00ebrua k\u00ebshilltar i Presidentit z. Bujar Nishani mb\u00ebshteti propozimin e disa institucioneve p\u00ebr t\u2019u akorduar titullin e lart\u00eb \u201cMjesht\u00ebr i Madh\u201d disave si: Lefter Dilo, Tajar Kokalari, Sokrat Kalivopulli, Bernard Kokalari, Sotiraq Paskali, Sefedin Braho, Bashkim Ahmeti, Naxhi Kasoruho, Ilir Lluri, Arjan Shehu, Roland Cenko, Liljana Kumbaro e shum\u00eb t\u00eb tjer\u00eb p\u00ebr kontributin n\u00eb zhvimimin e kultur\u00ebs dhe \u00a0t\u00eb\u00a0 trash\u00ebgimis\u00eb t\u00eb qytet\u00ebrimit gjirokastrit.<\/p>\n<p><img loading=\"lazy\" loading=\"lazy\" decoding=\"async\" class=\"alignnone size-full wp-image-891412 td-animation-stack-type0-1\" src=\"https:\/\/telegraf.al\/wp-content\/uploads\/2025\/01\/Untitled-14.jpg\" sizes=\"auto, (max-width: 567px) 100vw, 567px\" srcset=\"https:\/\/telegraf.al\/wp-content\/uploads\/2025\/01\/Untitled-14.jpg 567w, https:\/\/telegraf.al\/wp-content\/uploads\/2025\/01\/Untitled-14-300x200.jpg 300w\" alt=\"\" width=\"567\" height=\"378\" \/><\/p>\n<p>M\u00eb von\u00eb n\u00eb qershor 2018, Ylli Asllani vazhdon pun\u00ebn k\u00ebshilltar i Presidentit Ilir Meta. Ai organizoi n\u00eb kopshtin e Presidenc\u00ebs \u201cDit\u00ebn e kultur\u00ebs gjirokastrite\u201d ku mbi 500 gjirokastrit\u00eb ndoq\u00ebn nj\u00eb aktivitet ku u ekspozuan 20 piktura me veshje popullore t\u00eb rrethit t\u00eb Gjirokastr\u00ebs si vler\u00eb e ve\u00e7ant\u00eb e kostumografis\u00eb komb\u00ebtare nga piktori i mir\u00ebnjohur Stavri \u00c7ati. U shfaq dhe filmi dokumentar \u201cK\u00ebng\u00ebt e kafeneve\u201d me skenar t\u00eb Naxhi Kasoruhos dhe regji t\u00eb regjisores Eli Bici, me pjes\u00ebmarrjen e ve\u00e7ant\u00eb t\u00eb Mjeshtrit t\u00eb k\u00ebng\u00ebs gjirokastrite Arjan Shehu dhe grupit polifonik \u201cErgj\u00ebria\u201d. Ky aktivitet ishte i pari q\u00eb organizohej n\u00eb Presidenc\u00eb dhe i pa p\u00ebrs\u00ebritsh\u00ebm deri m\u00eb sot.<\/p>\n<p>Me inisiativ\u00ebn e tij ai vler\u00ebsoi shum\u00eb grupe e korifejve t\u00eb folklorit, si dhe shum\u00eb intelektual\u00ebve, profesionist\u00ebve, apo krer\u00ebve t\u00eb besimeve fetare t\u00eb Jugut dhe gjith\u00eb Shqip\u00ebris\u00eb! E ve\u00e7ant\u00eb do t\u00eb ngelet edhe organizimi i Dit\u00ebs kulturore t\u00eb Lazaratit n\u00eb Presidenc\u00eb q\u00eb p\u00ebr shum\u00eb dekada konsiderohej tabu!<\/p>\n<p>Ylli Asllani \u00ebsht\u00eb nj\u00eb gjirokastrit fisnik q\u00eb e do Gjirokastr\u00ebn dhe gjirokastrit\u00ebt kudo q\u00eb ndodhen dhe kurdoher\u00eb duke e patur k\u00ebt\u00eb n\u00eb q\u00ebnien e tij dhe me obligimin se duhet vler\u00ebsuar dhe promovuar gjith\u00e7ka, se ky qytet\u00ebrim i lasht\u00eb \u00ebsht\u00eb vler\u00eb dhe kontribut n\u00eb kultur\u00ebn ton\u00eb. Dhe ne e kemi nj\u00eb shembull ku duhet t\u00eb drejtohemi.<\/p>\n<p>Ne na vjen mir\u00eb, po ashtu q\u00eb dhe shum\u00eb qytetar\u00eb, artist\u00eb e specialist, si dhe rajone t\u00eb mbar\u00eb vendit kan\u00eb gjetur tek Ylli mikpritjen, bashk\u00ebpunimin dhe p\u00ebrkrahje dashamir\u00ebse!<\/p>\n<p><img loading=\"lazy\" loading=\"lazy\" decoding=\"async\" class=\"alignnone size-full wp-image-891411 td-animation-stack-type0-1\" src=\"https:\/\/telegraf.al\/wp-content\/uploads\/2025\/01\/Untitled-16.jpg\" sizes=\"auto, (max-width: 567px) 100vw, 567px\" srcset=\"https:\/\/telegraf.al\/wp-content\/uploads\/2025\/01\/Untitled-16.jpg 567w, https:\/\/telegraf.al\/wp-content\/uploads\/2025\/01\/Untitled-16-300x213.jpg 300w, https:\/\/telegraf.al\/wp-content\/uploads\/2025\/01\/Untitled-16-100x70.jpg 100w\" alt=\"\" width=\"567\" height=\"403\" \/><\/p>\n<p><strong>N\u00eb vitin 2000, para se t\u00eb largohej nga bashkia Z. Ylli dhe ekipi tij realizoi n\u00eb Sheshin e \u00c7er\u00e7izit, n\u00eb nj\u00eb bazoreliev t\u00eb gurt\u00eb,\u00a0 vendosjen e portreteve t\u00eb Kadares\u00eb, \u00c7abejt, Musine Kokalarit e Vasil Laboviti si nderi i Gjirokastr\u00ebs. Ishte ky gjest vazhdim i nje tradite t\u00eb kahershme gjirokastrite\u2026<\/strong><\/p>\n<p>Pasi n\u00eb vitin 1938 gjirokastrit\u00ebt n\u00eb qytet madje edhe ata q\u00eb ishin n\u00eb Amerik\u00eb mblodh\u00ebn ndihma p\u00ebr t\u00eb b\u00ebr\u00eb monumentin e kapedan \u00c7er\u00e7iz Topullit q\u00eb \u201cMjeshtri i\u00a0 Madh\u201d i skulptur\u00ebs shqiptare Odise Paskali e derdhi n\u00eb bronx si vepra m\u00eb e bukur e gdhendur nga dalta e tij.<\/p>\n<p><em>Ne e duam Gjirokastr\u00ebn dhe Gjirokastra i do t\u00eb gjith\u00eb!<\/em><\/p>\n","protected":false},"excerpt":{"rendered":"<p>Portret i pa autorizuar n\u00eb memorien time -Impresione- Nga Naxhi Kasoruho \u201cMjesht\u00ebr i Madh\u201d Ishte viti 1955 kur fillova m\u00ebsimet p\u00ebr muzik\u00eb n\u00eb Liceun Artistik \u201cJordan Misja\u201d n\u00eb Tiran\u00eb. Vija p\u00ebr her\u00eb t\u00eb par\u00eb nga Gjirokastra dhe u befasova me hapsir\u00ebn e madhe, rrug\u00ebt e gj\u00ebra, sht\u00ebpit\u00eb e ulta dy kat\u00ebshe, njer\u00ebz t\u00eb shumt\u00eb q\u00eb [&hellip;]<\/p>\n","protected":false},"author":5,"featured_media":84163,"comment_status":"closed","ping_status":"closed","sticky":false,"template":"","format":"standard","meta":{"footnotes":""},"categories":[34865,6332,29228],"tags":[34866],"class_list":{"0":"post-84162","1":"post","2":"type-post","3":"status-publish","4":"format-standard","5":"has-post-thumbnail","7":"category-analiza","8":"category-te-fundit","9":"category-vendi","10":"tag-ylli-asllani"},"_links":{"self":[{"href":"https:\/\/jugulajm.net\/index.php?rest_route=\/wp\/v2\/posts\/84162","targetHints":{"allow":["GET"]}}],"collection":[{"href":"https:\/\/jugulajm.net\/index.php?rest_route=\/wp\/v2\/posts"}],"about":[{"href":"https:\/\/jugulajm.net\/index.php?rest_route=\/wp\/v2\/types\/post"}],"author":[{"embeddable":true,"href":"https:\/\/jugulajm.net\/index.php?rest_route=\/wp\/v2\/users\/5"}],"replies":[{"embeddable":true,"href":"https:\/\/jugulajm.net\/index.php?rest_route=%2Fwp%2Fv2%2Fcomments&post=84162"}],"version-history":[{"count":1,"href":"https:\/\/jugulajm.net\/index.php?rest_route=\/wp\/v2\/posts\/84162\/revisions"}],"predecessor-version":[{"id":84164,"href":"https:\/\/jugulajm.net\/index.php?rest_route=\/wp\/v2\/posts\/84162\/revisions\/84164"}],"wp:featuredmedia":[{"embeddable":true,"href":"https:\/\/jugulajm.net\/index.php?rest_route=\/wp\/v2\/media\/84163"}],"wp:attachment":[{"href":"https:\/\/jugulajm.net\/index.php?rest_route=%2Fwp%2Fv2%2Fmedia&parent=84162"}],"wp:term":[{"taxonomy":"category","embeddable":true,"href":"https:\/\/jugulajm.net\/index.php?rest_route=%2Fwp%2Fv2%2Fcategories&post=84162"},{"taxonomy":"post_tag","embeddable":true,"href":"https:\/\/jugulajm.net\/index.php?rest_route=%2Fwp%2Fv2%2Ftags&post=84162"}],"curies":[{"name":"wp","href":"https:\/\/api.w.org\/{rel}","templated":true}]}}