{"id":84074,"date":"2025-01-27T09:55:38","date_gmt":"2025-01-27T08:55:38","guid":{"rendered":"https:\/\/jugulajm.net\/?p=84074"},"modified":"2025-01-27T09:55:38","modified_gmt":"2025-01-27T08:55:38","slug":"gripi-mjekja-jep-alarmin-jemi-afer-epidemise-19-mije-raste-ne-nje-jave","status":"publish","type":"post","link":"https:\/\/jugulajm.net\/?p=84074","title":{"rendered":"Gripi\/ Mjekja jep alarmin: Jemi af\u00ebr epidemis\u00eb, 19 mij\u00eb raste n\u00eb nj\u00eb jav\u00eb&#8230;"},"content":{"rendered":"<p>Vendi yn\u00eb \u00ebsht\u00eb shum\u00eb pran\u00eb epidemis\u00eb s\u00eb gripit, pasi rastet n\u00eb popullat\u00eb jan\u00eb shtuar m\u00eb shum\u00eb sesa deklaroi ISHP-ja disa dit\u00eb m\u00eb par\u00eb.<\/p>\n<p>Mjekja pediatre Sonila Brati dha informacione mbi situat\u00ebn epidemiologjike, ku theksoi se qarkullojn\u00eb shum\u00eb viruse nga Covid tek ai kinez.<\/p>\n<p><em>\u201cJemi af\u00ebr epidemis\u00eb! ISHP ka deklaruar 19 mij\u00eb raste n\u00eb nj\u00eb jav\u00eb, do t\u00eb jen\u00eb shum\u00eb m\u00eb tep\u00ebr n\u00eb k\u00ebto dit\u00ebt e tjera. K\u00ebto temperatura anormale t\u00eb janarit besoj se kan\u00eb shtuar virozat pothuajse n\u00eb t\u00eb gjith\u00eb popullat\u00ebn. Nuk po b\u00ebjn\u00eb diferenc\u00eb te f\u00ebmij\u00ebt dhe t\u00eb rriturit. Sasia e viruseve \u00ebsht\u00eb shum\u00eb e lart\u00eb. N\u00eb periudh\u00ebn e covid flisnim vet\u00ebm p\u00ebr covid dhe jo viroza, njer\u00ebzit ishin m\u00eb t\u00eb kujdessh\u00ebm, nd\u00ebrsa tani transmetueshm\u00ebria dhe marrja e nj\u00eb viroz\u00eb tani \u00ebsht\u00eb shum\u00eb \u00a0m\u00eb e madhe. Edhe Covid qarkullon, covid \u00ebsht\u00eb kthyer si viroz\u00eb normale dhe komplikacionet nuk jan\u00eb si ato q\u00eb ishin para 4 viteve. Mbase mund t\u00eb jet\u00eb n\u00eb forma m\u00eb t\u00eb r\u00ebnda. RSV, gripi A dhe B. Virusi kinez problematikat kryesore i kishte n\u00eb mushk\u00ebri, po k\u00ebshtu ndodh edhe me gripin. mendoj q\u00eb edhe mund t\u00eb qarkulloj\u00eb n\u00eb vendin ton\u00eb, por nuk \u00ebsht\u00eb p\u00ebr t\u2019u shqet\u00ebsuar\u201d,<\/em>\u00a0tha mjekja n\u00eb A2 CNN.<\/p>\n<p>Ajo thekson se t\u00eb gjitha viruset kan\u00eb t\u00eb nj\u00ebjta simptoma, por problematike ka qen\u00eb temperatura q\u00eb ka arritur n\u00eb vler\u00ebn 40. Mjekja Brati tregon sesi duhet t\u00eb veprohet n\u00eb k\u00ebto raste.<\/p>\n<p><em>\u201cDuhet b\u00ebr\u00eb kujdes me temperatur\u00ebn ka qen\u00eb shqet\u00ebsuese ka shkuar n\u00eb vler\u00ebn 40. Duhet dh\u00ebnia e antiperitik\u00ebve n\u00eb koh\u00ebn dhe sasin\u00eb e duhur, marrja e l\u00ebngjeve n\u00eb sasi t\u00eb konsiderueshme. Problematika m\u00eb e madhe \u00ebsht\u00eb te f\u00ebmij\u00ebt e vegj\u00ebl.<\/em><\/p>\n<p><em>Duhet t\u00eb drejtohen te mjeku p\u00ebr t\u00eb mos neglizhuar raste se mund t\u00eb shkojm\u00eb n\u00eb fatalitete e komplikacione t\u00eb r\u00ebnda. Kontakti me mjekun \u00ebsht\u00eb shum\u00eb i r\u00ebnd\u00ebsish\u00ebm. Simptomat e viruseve jan\u00eb t\u00eb nj\u00ebjta nuk b\u00ebjn\u00eb diferenc\u00eb dhe \u00ebsht\u00eb e v\u00ebshtir\u00eb t\u00eb b\u00ebsh diferenc\u00ebn\u201d, u shpreh Brati.<\/em><\/p>\n<p>Sipas mjekes, viruset kan\u00eb prekur t\u00eb gjitha grupmoshat dhe ajo apelon p\u00ebr kujdes t\u00eb shtuar dhe masa p\u00ebr t\u00eb nd\u00ebrprer\u00eb zinxhirin e transmetimit.<\/p>\n<p><em>\u201cE mira \u00ebsht\u00eb q\u00eb t\u00eb q\u00ebndrojn\u00eb n\u00eb sht\u00ebpi 3-4 dit\u00eb dhe t\u00eb mos ken\u00eb kontakte me t\u00eb tjer\u00eb q\u00eb t\u00eb zbusin zinxhirin transmetues. Pas pandemis\u00eb prind\u00ebrit drejtohen te mjeku, vijn\u00eb tek ne, por e para q\u00eb duhet t\u00eb b\u00ebjn\u00eb \u00ebsht\u00eb t\u00eb q\u00ebndrojn\u00eb n\u00eb sht\u00ebpi me f\u00ebmij\u00ebt dhe t\u00eb mos i d\u00ebrgojn\u00eb n\u00eb \u00e7erdhe, kopshte e shkolla, p\u00ebr t\u00eb zbutur zinxhirin transmetues\u201d, vijoi ajo.<\/em><\/p>\n<p>E nj\u00ebjta situat\u00eb epidemiologjike sipas mjekes do t\u00eb vijoj\u00eb edhe gjat\u00eb muajit shkurt.<\/p>\n<p><em>\u201cJava e fundit t\u00eb janarit do t\u00eb mbyllet n\u00eb k\u00ebt\u00eb gjendje, por un\u00eb mendoj q\u00eb edhe shkurti do t\u00eb vijoj\u00eb n\u00eb k\u00ebt\u00eb situat\u00eb\u201d, u shpreh ajo.<\/em><\/p>\n","protected":false},"excerpt":{"rendered":"<p>Vendi yn\u00eb \u00ebsht\u00eb shum\u00eb pran\u00eb epidemis\u00eb s\u00eb gripit, pasi rastet n\u00eb popullat\u00eb jan\u00eb shtuar m\u00eb shum\u00eb sesa deklaroi ISHP-ja disa dit\u00eb m\u00eb par\u00eb. Mjekja pediatre Sonila Brati dha informacione mbi situat\u00ebn epidemiologjike, ku theksoi se qarkullojn\u00eb shum\u00eb viruse nga Covid tek ai kinez. \u201cJemi af\u00ebr epidemis\u00eb! ISHP ka deklaruar 19 mij\u00eb raste n\u00eb nj\u00eb jav\u00eb, [&hellip;]<\/p>\n","protected":false},"author":5,"featured_media":66803,"comment_status":"closed","ping_status":"closed","sticky":false,"template":"","format":"standard","meta":{"footnotes":""},"categories":[7652,6332,29228],"tags":[34842,34841],"class_list":{"0":"post-84074","1":"post","2":"type-post","3":"status-publish","4":"format-standard","5":"has-post-thumbnail","7":"category-shendetesi","8":"category-te-fundit","9":"category-vendi","10":"tag-19-mije-raste-ne-nje-jave","11":"tag-gripi-mjekja-jep-alarmin-jemi-afer-epidemise"},"_links":{"self":[{"href":"https:\/\/jugulajm.net\/index.php?rest_route=\/wp\/v2\/posts\/84074","targetHints":{"allow":["GET"]}}],"collection":[{"href":"https:\/\/jugulajm.net\/index.php?rest_route=\/wp\/v2\/posts"}],"about":[{"href":"https:\/\/jugulajm.net\/index.php?rest_route=\/wp\/v2\/types\/post"}],"author":[{"embeddable":true,"href":"https:\/\/jugulajm.net\/index.php?rest_route=\/wp\/v2\/users\/5"}],"replies":[{"embeddable":true,"href":"https:\/\/jugulajm.net\/index.php?rest_route=%2Fwp%2Fv2%2Fcomments&post=84074"}],"version-history":[{"count":1,"href":"https:\/\/jugulajm.net\/index.php?rest_route=\/wp\/v2\/posts\/84074\/revisions"}],"predecessor-version":[{"id":84077,"href":"https:\/\/jugulajm.net\/index.php?rest_route=\/wp\/v2\/posts\/84074\/revisions\/84077"}],"wp:featuredmedia":[{"embeddable":true,"href":"https:\/\/jugulajm.net\/index.php?rest_route=\/wp\/v2\/media\/66803"}],"wp:attachment":[{"href":"https:\/\/jugulajm.net\/index.php?rest_route=%2Fwp%2Fv2%2Fmedia&parent=84074"}],"wp:term":[{"taxonomy":"category","embeddable":true,"href":"https:\/\/jugulajm.net\/index.php?rest_route=%2Fwp%2Fv2%2Fcategories&post=84074"},{"taxonomy":"post_tag","embeddable":true,"href":"https:\/\/jugulajm.net\/index.php?rest_route=%2Fwp%2Fv2%2Ftags&post=84074"}],"curies":[{"name":"wp","href":"https:\/\/api.w.org\/{rel}","templated":true}]}}