{"id":83775,"date":"2025-01-18T17:27:32","date_gmt":"2025-01-18T16:27:32","guid":{"rendered":"https:\/\/jugulajm.net\/?p=83775"},"modified":"2025-01-18T17:31:27","modified_gmt":"2025-01-18T16:31:27","slug":"emri-foto-prestigjiozja-italiane-artikull-per-33-vjecarin-shqiptar-dikur-flinte-ne-stacion-treni-sot-1-nga-picieret-me-te-mire-ne-itali","status":"publish","type":"post","link":"https:\/\/jugulajm.net\/?p=83775","title":{"rendered":"EMRI-FOTO\/ 33-vje\u00e7ari shqiptar, dikur flinte n\u00eb stacion treni, sot 1 nga picier\u00ebt m\u00eb t\u00eb mir\u00eb n\u00eb Itali"},"content":{"rendered":"<p>I lindur n\u00eb Fier n\u00eb vitin 1991, Endrit Rustemi mb\u00ebrriti n\u00eb Itali n\u00eb mosh\u00ebn 9-vje\u00e7are me n\u00ebn\u00ebn dhe dy motrat e tij.Muajt \u200b\u200be par\u00eb i kaloi n\u00eb Milano duke fjetur n\u00eb Stacionin Qendror. M\u00eb pas, fal\u00eb nd\u00ebrhyrjes s\u00eb sh\u00ebrbimeve sociale, ai shkon t\u00eb jetoj\u00eb n\u00eb nj\u00eb komunitet t\u00eb miturish n\u00eb Brescia, ku rritet dhe edukohet deri n\u00eb mosh\u00ebn madhore.<\/p>\n<p>Menj\u00ebher\u00eb pasi b\u00ebri pic\u00ebn e tij t\u00eb par\u00eb dhe i joshur nga brumi, ai filloi t\u00eb punoj\u00eb si picier vet\u00ebm n\u00eb mosh\u00ebn 17-vje\u00e7are, derisa hapi restorantin e tij n\u00eb Brescia, pasi kishte punuar p\u00ebr marka t\u00eb ndryshme n\u00eb Milano, Bergamo dhe qytete t\u00eb tjera italiane.<\/p>\n<p>Tani n\u00eb mosh\u00ebn 33-vje\u00e7are dhe baba i dy f\u00ebmij\u00ebve, ai tregon p\u00ebr\u00a0<a href=\"https:\/\/www.tgcom24.mediaset.it\/cronaca\/giornata-pizza-world-pizza-day-pizzaiolo-salvato_92577468-202502k.shtml\" target=\"_blank\" rel=\"noopener\">Tgcom24<\/a>\u00a0historin\u00eb e tij t\u00eb dashuris\u00eb me pic\u00ebn dhe me at\u00eb \u201cshkopin\u201d e p\u00ebrgatitjes s\u00eb tyre, t\u00eb cilin e mban me vete prej 10 vitesh. Ndon\u00ebse me kalimin e koh\u00ebs i \u00ebsht\u00eb dashur ta riparoj\u00eb disa her\u00eb, por ai e konsideron si di\u00e7ka tep\u00ebr t\u00eb bukur p\u00ebr ta b\u00ebr\u00eb.<\/p>\n<p><strong>A e ndryshoi v\u00ebrtet pica jet\u00ebn tuaj?<\/strong><\/p>\n<p><em>Po, m\u00eb shp\u00ebtoi si\u00e7 u ndodh shpesh shum\u00eb njer\u00ebzve q\u00eb i afrohen bot\u00ebs s\u00eb kateringut.<\/em><\/p>\n<p><strong>Por si u b\u00ebt\u00eb nj\u00eb kuzhinier picash?<\/strong><\/p>\n<p><em>Mendoj se ka qen\u00eb fati, sepse q\u00eb n\u00eb f\u00ebmij\u00ebri, n\u00eb Shqip\u00ebri, me gjyshen, m\u00eb p\u00eblqente t\u00eb p\u00ebrgatisja brumin me aq mund\u00ebsi sa kishim, n\u00eb nj\u00eb situat\u00eb shum\u00eb t\u00eb v\u00ebshtir\u00eb. Dhe menj\u00ebher\u00eb rash\u00eb n\u00eb dashuri me brumin dhe arom\u00ebn, t\u00eb nj\u00ebjtat q\u00eb gjeta dhe e gjej veten te \u00e7do pic\u00eb. M\u00eb pas, mund\u00ebsia e pun\u00ebs sime t\u00eb par\u00eb n\u00eb nj\u00eb piceri, pas 8 vitesh n\u00eb nj\u00eb komunitet p\u00ebr t\u00eb mitur, ishte nj\u00eb p\u00ebrvoj\u00eb profesionale q\u00eb la gjurm\u00eb tek un\u00eb p\u00ebrgjithmon\u00eb si shef i nj\u00eb picerie.<\/em><\/p>\n<p><strong>E mbani mend \u201ctakimin\u201d e par\u00eb me pic\u00ebn?<\/strong><\/p>\n<p><em>Po, k\u00ebtu n\u00eb Itali. Njohja n\u00eb at\u00eb pjat\u00eb aromat dhe shijet q\u00eb ndjeja me gjyshen. Ishte nj\u00eb zhytje n\u00eb t\u00eb kaluar\u00ebn, n\u00eb kuzhin\u00ebn e f\u00ebmij\u00ebris\u00eb sime, k\u00ebshtu q\u00eb menj\u00ebher\u00eb rash\u00eb n\u00eb dashuri me t\u00eb. Dhe jam ende super i dashuruar me t\u00eb.<\/em><\/p>\n<p><strong>Por cili \u00ebsht\u00eb sekreti i nj\u00eb pice t\u00eb mir\u00eb? Po n\u00eb ve\u00e7anti p\u00ebr pic\u00ebn tuaj, a mund t\u00eb na thoni?<\/strong><\/p>\n<p><em>Vet\u00eb brumi i pic\u00ebs \u00ebsht\u00eb shum\u00eb i thjesht\u00eb. Sigurisht q\u00eb n\u00eb nivel profesional ka studime pas brum\u00ebrave, produkteve, miellrave, por p\u00ebr mendimin tim duhet t\u00eb punohet gjithmon\u00eb p\u00ebr thjesht\u00ebsin\u00eb, sepse thjesht\u00ebsia \u00ebsht\u00eb gjithmon\u00eb gj\u00ebja m\u00eb e v\u00ebshtir\u00eb p\u00ebr t\u2019u arritur. Sekreti te pica ime? Nuk m\u00eb p\u00eblqen frigoriferi, p\u00ebrdor vet\u00ebm miell t\u00eb grurit t\u00eb but\u00eb plus Nobligrano n\u00eb nj\u00eb raport 70\/30. T\u00eb gjitha miellrat e krijuara posa\u00e7\u00ebrisht p\u00ebr mua, m\u00eb sjellin produktin final.<\/em><\/p>\n<p><strong>Cila \u00ebsht\u00eb pica juaj e preferuar? Cila \u00ebsht\u00eb m\u00eb e k\u00ebrkuara n\u00eb menun\u00eb tuaj?<\/strong><\/p>\n<p><em>E preferuara ime \u00ebsht\u00eb marinara. Nj\u00eb pic\u00eb e thjesht\u00eb n\u00eb vetvete, si\u00e7 \u00ebsht\u00eb stili im. Po ashtu edhe margherita. M\u00eb e k\u00ebrkuara nga klient\u00ebt e mi? Margherita \u00ebsht\u00eb gjithmon\u00eb mbret\u00ebresha.<\/em><\/p>\n<p><strong>Po t\u00eb mos kishte qen\u00eb shef picash, kush do t\u00eb ishte Endriti sot?<\/strong><\/p>\n<p><em>Gjithmon\u00eb e pyes veten p\u00ebr k\u00ebt\u00eb. Nuk kam b\u00ebr\u00eb asnj\u00eb pun\u00eb tjet\u00ebr n\u00eb jet\u00ebn time. Mund t\u00eb vazhdoj dhe t\u00eb provoj p\u00ebrs\u00ebri n\u00eb bot\u00ebn e kateringut dhe pasti\u00e7eris\u00eb. M\u00eb p\u00eblqen t\u00eb eksperimentoj, por gjithmon\u00eb dua t\u2019i kem duart me brum\u00eb.<\/em><\/p>\n","protected":false},"excerpt":{"rendered":"<p>I lindur n\u00eb Fier n\u00eb vitin 1991, Endrit Rustemi mb\u00ebrriti n\u00eb Itali n\u00eb mosh\u00ebn 9-vje\u00e7are me n\u00ebn\u00ebn dhe dy motrat e tij.Muajt \u200b\u200be par\u00eb i kaloi n\u00eb Milano duke fjetur n\u00eb Stacionin Qendror. M\u00eb pas, fal\u00eb nd\u00ebrhyrjes s\u00eb sh\u00ebrbimeve sociale, ai shkon t\u00eb jetoj\u00eb n\u00eb nj\u00eb komunitet t\u00eb miturish n\u00eb Brescia, ku rritet dhe edukohet [&hellip;]<\/p>\n","protected":false},"author":5,"featured_media":83776,"comment_status":"closed","ping_status":"closed","sticky":false,"template":"","format":"standard","meta":{"footnotes":""},"categories":[7664,6332],"tags":[34833,34832],"class_list":{"0":"post-83775","1":"post","2":"type-post","3":"status-publish","4":"format-standard","5":"has-post-thumbnail","7":"category-bota","8":"category-te-fundit","9":"tag-emri-foto-media-italiane-33-vjecari-shqiptar-dikur-flinte-ne-stacion-treni","10":"tag-sot-1-nga-picieret-me-te-mire-ne-itali"},"_links":{"self":[{"href":"https:\/\/jugulajm.net\/index.php?rest_route=\/wp\/v2\/posts\/83775","targetHints":{"allow":["GET"]}}],"collection":[{"href":"https:\/\/jugulajm.net\/index.php?rest_route=\/wp\/v2\/posts"}],"about":[{"href":"https:\/\/jugulajm.net\/index.php?rest_route=\/wp\/v2\/types\/post"}],"author":[{"embeddable":true,"href":"https:\/\/jugulajm.net\/index.php?rest_route=\/wp\/v2\/users\/5"}],"replies":[{"embeddable":true,"href":"https:\/\/jugulajm.net\/index.php?rest_route=%2Fwp%2Fv2%2Fcomments&post=83775"}],"version-history":[{"count":0,"href":"https:\/\/jugulajm.net\/index.php?rest_route=\/wp\/v2\/posts\/83775\/revisions"}],"wp:featuredmedia":[{"embeddable":true,"href":"https:\/\/jugulajm.net\/index.php?rest_route=\/wp\/v2\/media\/83776"}],"wp:attachment":[{"href":"https:\/\/jugulajm.net\/index.php?rest_route=%2Fwp%2Fv2%2Fmedia&parent=83775"}],"wp:term":[{"taxonomy":"category","embeddable":true,"href":"https:\/\/jugulajm.net\/index.php?rest_route=%2Fwp%2Fv2%2Fcategories&post=83775"},{"taxonomy":"post_tag","embeddable":true,"href":"https:\/\/jugulajm.net\/index.php?rest_route=%2Fwp%2Fv2%2Ftags&post=83775"}],"curies":[{"name":"wp","href":"https:\/\/api.w.org\/{rel}","templated":true}]}}