{"id":83763,"date":"2025-01-18T10:11:44","date_gmt":"2025-01-18T09:11:44","guid":{"rendered":"https:\/\/jugulajm.net\/?p=83763"},"modified":"2025-01-18T10:11:44","modified_gmt":"2025-01-18T09:11:44","slug":"aksident-kamioni-perplas-trajlerin-humb-jeten-shoferi","status":"publish","type":"post","link":"https:\/\/jugulajm.net\/?p=83763","title":{"rendered":"Aksident, kamioni p\u00ebrplas trajlerin, humb jet\u00ebn shoferi"},"content":{"rendered":"<p class=\"selectionShareable\">Aksident n\u00eb kantierin e nd\u00ebrtimit t\u00eb Aeroportit t\u00eb Vlor\u00ebs, ku nj\u00eb kamion ka p\u00ebrplasur nj\u00eb trakler, duke shkaktuar vdekjen e drejtuesit t\u00eb k\u00ebtij t\u00eb fundit.<\/p>\n<p class=\"selectionShareable\">Policia ka arrestuar drejtuesin e kamionit, Rr. S., 63 vje\u00e7, banues n\u00eb Prishtin\u00eb, pasi dyshohet se ai ka humbur kontrollin mbi fadrom\u00ebn q\u00eb drejtonte dhe ka p\u00ebrplasur trajlerin.<\/p>\n<p class=\"selectionShareable\">Si pasoj\u00eb e aksidentit, viktim\u00eb ka mbetur N. Xh., 60 vje\u00e7, banues n\u00eb Dib\u00ebr. Policia ka nisur hetimet p\u00ebr zbardhjen e plot\u00eb t\u00eb ngjarjes.<\/p>\n<p class=\"selectionShareable\"><em>\u201cSpecialist\u00ebt p\u00ebr Hetimin e Krimeve n\u00eb Komisariatin e Policis\u00eb Vlor\u00eb arrestuan shtetasin Rr. S., 63 vje\u00e7, banues n\u00eb Prishtin\u00eb, Kosov\u00eb, pasi dyshohet se m\u00eb dat\u00eb 17.01.2025, rreth or\u00ebs 21:20, n\u00eb kantierin e nd\u00ebrtimit t\u00eb Aeroportit t\u00eb Vlor\u00ebs, duke drejtuar nj\u00eb fadrom\u00eb, ka humbur kontrollin mbi drejtimin e saj dhe ka p\u00ebrplasur nj\u00eb trajler. Si pasoj\u00eb, drejtuesi i trajlerit, shtetasi N. Xh., 60 vje\u00e7, banues n\u00eb Dib\u00ebr, ka humbur jet\u00ebn\u201d,<\/em>\u00a0njoftoi policia.<\/p>\n","protected":false},"excerpt":{"rendered":"<p>Aksident n\u00eb kantierin e nd\u00ebrtimit t\u00eb Aeroportit t\u00eb Vlor\u00ebs, ku nj\u00eb kamion ka p\u00ebrplasur nj\u00eb trakler, duke shkaktuar vdekjen e drejtuesit t\u00eb k\u00ebtij t\u00eb fundit. Policia ka arrestuar drejtuesin e kamionit, Rr. S., 63 vje\u00e7, banues n\u00eb Prishtin\u00eb, pasi dyshohet se ai ka humbur kontrollin mbi fadrom\u00ebn q\u00eb drejtonte dhe ka p\u00ebrplasur trajlerin. Si pasoj\u00eb [&hellip;]<\/p>\n","protected":false},"author":5,"featured_media":58064,"comment_status":"closed","ping_status":"closed","sticky":false,"template":"","format":"standard","meta":{"footnotes":""},"categories":[1,6332,29228],"tags":[6868,22148,34828],"class_list":{"0":"post-83763","1":"post","2":"type-post","3":"status-publish","4":"format-standard","5":"has-post-thumbnail","7":"category-aktualitet","8":"category-te-fundit","9":"category-vendi","10":"tag-aksident","11":"tag-humb-jeten-shoferi","12":"tag-kamioni-perplas-trajlerin"},"_links":{"self":[{"href":"https:\/\/jugulajm.net\/index.php?rest_route=\/wp\/v2\/posts\/83763","targetHints":{"allow":["GET"]}}],"collection":[{"href":"https:\/\/jugulajm.net\/index.php?rest_route=\/wp\/v2\/posts"}],"about":[{"href":"https:\/\/jugulajm.net\/index.php?rest_route=\/wp\/v2\/types\/post"}],"author":[{"embeddable":true,"href":"https:\/\/jugulajm.net\/index.php?rest_route=\/wp\/v2\/users\/5"}],"replies":[{"embeddable":true,"href":"https:\/\/jugulajm.net\/index.php?rest_route=%2Fwp%2Fv2%2Fcomments&post=83763"}],"version-history":[{"count":0,"href":"https:\/\/jugulajm.net\/index.php?rest_route=\/wp\/v2\/posts\/83763\/revisions"}],"wp:featuredmedia":[{"embeddable":true,"href":"https:\/\/jugulajm.net\/index.php?rest_route=\/wp\/v2\/media\/58064"}],"wp:attachment":[{"href":"https:\/\/jugulajm.net\/index.php?rest_route=%2Fwp%2Fv2%2Fmedia&parent=83763"}],"wp:term":[{"taxonomy":"category","embeddable":true,"href":"https:\/\/jugulajm.net\/index.php?rest_route=%2Fwp%2Fv2%2Fcategories&post=83763"},{"taxonomy":"post_tag","embeddable":true,"href":"https:\/\/jugulajm.net\/index.php?rest_route=%2Fwp%2Fv2%2Ftags&post=83763"}],"curies":[{"name":"wp","href":"https:\/\/api.w.org\/{rel}","templated":true}]}}