{"id":83741,"date":"2025-01-17T10:13:19","date_gmt":"2025-01-17T09:13:19","guid":{"rendered":"https:\/\/jugulajm.net\/?p=83741"},"modified":"2025-01-17T10:13:19","modified_gmt":"2025-01-17T09:13:19","slug":"arrestohet-43-vjecari-qelloi-aksidentalisht-me-cifte-kusheririn","status":"publish","type":"post","link":"https:\/\/jugulajm.net\/?p=83741","title":{"rendered":"Arrestohet 43 vje\u00e7ari, q\u00eblloi aksidentalisht me \u00e7ifte kush\u00ebririn"},"content":{"rendered":"<p>Policia e Bulqiz\u00ebs ka v\u00ebn\u00eb n\u00eb pranga autorin e ngjarjes s\u00eb ndodhur n\u00eb pyllin e fshatit T\u00ebrnov\u00eb e Vog\u00ebl, ku u plagos me arm\u00eb gjahu dhe m\u00eb pas humbi jet\u00ebn nj\u00eb 35-vje\u00e7ar.<\/p>\n<div id=\"taboola-sponsored-mid-article\" class=\"trc_related_container tbl-trecs-container trc_spotlight_widget trc_elastic trc_elastic_sc-ma-balkanweb\" data-placement-name=\"Sponsored Mid Article\">\n<div class=\"trc_rbox_container\">\n<div id=\"trc_wrapper_6491052108\" class=\"trc_rbox sc-ma-balkanweb trc-content-sponsored\">\n<div id=\"outer_6491052108\" class=\"trc_rbox_outer\">\n<div id=\"rbox-t2m\" class=\"trc_rbox_div trc_rbox_border_elm\">\n<div class=\"thumbBlock_holder\">\n<p>Gjithashtu, Policia nis procedimin penal dhe p\u00ebr 3 shtetas t\u00eb tjer\u00eb.<\/p>\n<p>M\u00ebsohet se viktima dhe k\u00ebta shtetas kishin dal\u00eb p\u00ebr gjueti n\u00eb pyllin e fshatit T\u00ebrnov\u00eb dhe askidentalisht shtetasi F.K., ka q\u00eblluar me arm\u00ebn e gjahut n\u00eb drejtim t\u00eb viktim\u00ebs, ku si pasoj\u00eb e plag\u00ebve t\u00eb marra humbi jet\u00ebn gjat\u00eb transportimit me helikopter p\u00ebr n\u00eb spital.<\/p>\n<p><em>\u201cSpecialist\u00ebt e seksionit p\u00ebr Hetimin e Krimeve t\u00eb R\u00ebnda n\u00eb Drejtorin\u00eb Vendore t\u00eb Policis\u00eb Dib\u00ebr n\u00eb bashk\u00ebpunim me Komisariatin e Policis\u00eb Bulqiz\u00eb dhe Prokurorin\u00eb, n\u00eb vijim t\u00eb hetimeve t\u00eb thelluara p\u00ebr zbardhjen e ngjarjes s\u00eb ndodhur dit\u00ebn e djeshme n\u00eb pyllin e fshatit T\u00ebrnov\u00eb e Vog\u00ebl, n\u00eb Bulqiz\u00eb, arrestuan shtetasin F.K., 43 vje\u00e7, banues n\u00eb fshatin T\u00ebrnov\u00eb, Bulqiz\u00eb.<\/em><\/p>\n<\/div>\n<\/div>\n<\/div>\n<\/div>\n<\/div>\n<\/div>\n<div id=\"taboola-sponsored-mid-article\" class=\"trc_related_container tbl-trecs-container trc_spotlight_widget trc_elastic trc_elastic_sc-ma-balkanweb\" data-placement-name=\"Sponsored Mid Article\">\n<div class=\"trc_rbox_container\">\n<div id=\"trc_wrapper_6491052108\" class=\"trc_rbox sc-ma-balkanweb trc-content-sponsored\">\n<div id=\"outer_6491052108\" class=\"trc_rbox_outer\">\n<div id=\"rbox-t2m\" class=\"trc_rbox_div trc_rbox_border_elm\">\n<div class=\"thumbBlock_holder\">\n<p><em>Gjithashtu nisi procedimi penal n\u00eb gjendje t\u00eb lir\u00eb p\u00ebr shtetasit A.K., 33 vje\u00e7; H.T., 42 vje\u00e7; R.K., 28 vje\u00e7, banues n\u00eb fshatin T\u00ebrnov\u00eb.<\/em><\/p>\n<p><em>Nga hetimet e kryera ka rezultuar se shtetasi F.K., s\u00ebbashku me shtetasin V.K, (viktima), dhe shtetasit A.K., H.T., R.K., kishin dal\u00eb p\u00ebr gjueti n\u00eb pyllin e fshatit T\u00ebrnov\u00eb dhe askidentalisht shtetasi F.K., ka q\u00eblluar me arm\u00ebn e gjahut n\u00eb drejtim t\u00eb shtetasit V.K., ku si pasoj\u00eb e plag\u00ebve t\u00eb marra humbi jet\u00ebn gjat\u00eb transportimit me helikopter p\u00ebr n\u00eb spital.<\/em><\/p>\n<p><em>Sh\u00ebrbimet e Policis\u00eb n\u00eb vendin e ngjarjes, kan\u00eb gjetur dhe sekuestuar n\u00eb cil\u00ebsin\u00eb e prov\u00ebs materiale, 4 arm\u00eb gjahu (\u00e7ifte), 2 g\u00ebzhoja, 22 cop\u00eb fishek dhe 4 celular\u00eb\u201d,<\/em>\u00a0njofton policia.<\/p>\n<p>Materialet procedurale i kaluan Prokuroris\u00eb pran\u00eb Gjykat\u00ebs s\u00eb Shkall\u00ebs s\u00eb Par\u00eb t\u00eb Juridiksionit t\u00eb P\u00ebrgjithsh\u00ebm Dib\u00ebr, p\u00ebr veprime t\u00eb m\u00ebtejshme.<\/p>\n<\/div>\n<\/div>\n<\/div>\n<\/div>\n<\/div>\n<\/div>\n","protected":false},"excerpt":{"rendered":"<p>Policia e Bulqiz\u00ebs ka v\u00ebn\u00eb n\u00eb pranga autorin e ngjarjes s\u00eb ndodhur n\u00eb pyllin e fshatit T\u00ebrnov\u00eb e Vog\u00ebl, ku u plagos me arm\u00eb gjahu dhe m\u00eb pas humbi jet\u00ebn nj\u00eb 35-vje\u00e7ar. Gjithashtu, Policia nis procedimin penal dhe p\u00ebr 3 shtetas t\u00eb tjer\u00eb. M\u00ebsohet se viktima dhe k\u00ebta shtetas kishin dal\u00eb p\u00ebr gjueti n\u00eb pyllin [&hellip;]<\/p>\n","protected":false},"author":5,"featured_media":83742,"comment_status":"closed","ping_status":"closed","sticky":false,"template":"","format":"standard","meta":{"footnotes":""},"categories":[1,6332,29228],"tags":[15074,34822],"class_list":{"0":"post-83741","1":"post","2":"type-post","3":"status-publish","4":"format-standard","5":"has-post-thumbnail","7":"category-aktualitet","8":"category-te-fundit","9":"category-vendi","10":"tag-arrestohet-43-vjecari","11":"tag-qelloi-aksidentalisht-me-cifte-kusheririn"},"_links":{"self":[{"href":"https:\/\/jugulajm.net\/index.php?rest_route=\/wp\/v2\/posts\/83741","targetHints":{"allow":["GET"]}}],"collection":[{"href":"https:\/\/jugulajm.net\/index.php?rest_route=\/wp\/v2\/posts"}],"about":[{"href":"https:\/\/jugulajm.net\/index.php?rest_route=\/wp\/v2\/types\/post"}],"author":[{"embeddable":true,"href":"https:\/\/jugulajm.net\/index.php?rest_route=\/wp\/v2\/users\/5"}],"replies":[{"embeddable":true,"href":"https:\/\/jugulajm.net\/index.php?rest_route=%2Fwp%2Fv2%2Fcomments&post=83741"}],"version-history":[{"count":0,"href":"https:\/\/jugulajm.net\/index.php?rest_route=\/wp\/v2\/posts\/83741\/revisions"}],"wp:featuredmedia":[{"embeddable":true,"href":"https:\/\/jugulajm.net\/index.php?rest_route=\/wp\/v2\/media\/83742"}],"wp:attachment":[{"href":"https:\/\/jugulajm.net\/index.php?rest_route=%2Fwp%2Fv2%2Fmedia&parent=83741"}],"wp:term":[{"taxonomy":"category","embeddable":true,"href":"https:\/\/jugulajm.net\/index.php?rest_route=%2Fwp%2Fv2%2Fcategories&post=83741"},{"taxonomy":"post_tag","embeddable":true,"href":"https:\/\/jugulajm.net\/index.php?rest_route=%2Fwp%2Fv2%2Ftags&post=83741"}],"curies":[{"name":"wp","href":"https:\/\/api.w.org\/{rel}","templated":true}]}}