{"id":83691,"date":"2025-01-15T21:30:34","date_gmt":"2025-01-15T20:30:34","guid":{"rendered":"https:\/\/jugulajm.net\/?p=83691"},"modified":"2025-01-15T21:30:34","modified_gmt":"2025-01-15T20:30:34","slug":"gjkko-denon-ish-kryebashkiaken-socialiste-ja-sa-vite","status":"publish","type":"post","link":"https:\/\/jugulajm.net\/?p=83691","title":{"rendered":"GJKKO d\u00ebnon ish-kryebashkiaken socialiste, ja sa vite&#8230;"},"content":{"rendered":"<p>Gjykata e Posa\u00e7me e Shkall\u00ebs s\u00eb Par\u00eb p\u00ebr Korrupsionin dhe Krimin e Organizuar ka dnuarish kryetaren e Bashkis\u00eb s\u00eb Patosit, Rajmonda Balilaj, me 2 vite burg p\u00ebr vepr\u00ebn penale \u201cShkelja e barazis\u00eb s\u00eb pjes\u00ebmarr\u00ebsve n\u00eb tendera apo ankande publike\u201d, n\u00eb bashk\u00ebpunim. D\u00ebnimi i ish- kryebashkiakes \u00ebsht\u00eb konvertuar n\u00eb 2 vjet e 8 muaj n\u00eb sh\u00ebrbim prove. Prokuroria e Posa\u00e7me kund\u00ebr Korrupsionit dhe Krimit t\u00eb Organizuar ka paraqitur pran\u00eb Gjykat\u00ebs k\u00ebrkes\u00ebn me objekt: \u201cD\u00ebrgimin n\u00eb gjyq t\u00eb \u04ab\u00ebshtjes penale n\u00eb ngarkim t\u00eb t\u00eb pandehurve: Rajmonda Balilaj, Anisa Petani, Shk\u00eblqim Beqiraj dhe Enirjada Rizaj, t\u00eb akuzuar p\u00ebr kryerjen e vepr\u00ebs penale \u201cShkelja e barazis\u00eb s\u00eb pjes\u00ebmarr\u00ebsve n\u00eb tendera\u201d kryer n\u00eb bashk\u00ebpunim, parashikuar nga nenet 258-25 t\u00eb Kodit Penal\u201d.<\/p>\n<p>Gjykimi i k\u00ebsaj \u04ab\u00ebshtje u zhvillua me rregullat e gjykimit t\u00eb shkurtuar. N\u00eb p\u00ebrfundim t\u00eb gjykimit, Gjykata e Posa\u00e7me e Shkall\u00ebs s\u00eb Par\u00eb p\u00ebr Korrupsionin dhe Krimin e Organizuar me trup gjykues t\u00eb p\u00ebrb\u00ebr\u00eb nga gjyqtar\u00ebt Flora Hajredinaj, Erjon \u00c7ela dhe Irena Gjoka, vendosi: Deklarimin fajtor t\u00eb t\u00eb pandehur\u00ebs Rajmonda Balilaj, p\u00ebr vepr\u00ebn penale \u201cShkelja e barazis\u00eb s\u00eb pjes\u00ebmarr\u00ebsve n\u00eb tendera apo ankande publike\u201d, n\u00eb bashk\u00ebpunim, dhe d\u00ebnimin e saj 1 (nj\u00eb) vit e 6 (gjasht\u00eb) muaj burgim.<\/p>\n<p>GJKKO vendoi deklarimin fajtor t\u00eb t\u00eb pandehur\u00ebs Rajmonda Balilaj, p\u00ebr vepr\u00ebn penale \u201cShkelja e barazis\u00eb s\u00eb pjes\u00ebmarr\u00ebsve n\u00eb tendera apo ankande publike\u201d, n\u00eb bashk\u00ebpunim, dhe d\u00ebnimin e saj me 1 (nj\u00eb) vit e 6 (gjasht\u00eb) muaj burgim.<\/p>\n<p><em>&#8220;N\u00eb bashkim t\u00eb d\u00ebnimeve, vendosi d\u00ebnimin e t\u00eb pandehur\u00ebs Rajmonda Balilaj me nj\u00eb d\u00ebnim t\u00eb vet\u00ebm prej 2 (dy) vjet\u00ebsh burgim. Rajmonda Balilajt i ulet 1\/3 e d\u00ebnimit, p\u00ebr shkak t\u00eb aplikimit t\u00eb gjykimit t\u00eb shkurtuar dhe, p\u00ebrfundimisht d\u00ebnohet me 1 (nj\u00eb) vit e 4 (kat\u00ebr) muaj burgim. Urdh\u00ebrohet pezullimi i ekzekutimit t\u00eb d\u00ebnimit me burgim p\u00ebr t\u00eb pandehur\u00ebn Rajmonda Balilaj, dhe v\u00ebnien e saj n\u00eb prov\u00eb p\u00ebr nj\u00eb periudh\u00eb prej 2 (dy) vjet e 8 (tet\u00eb) muaj, me kusht q\u00eb e pandehura gjat\u00eb periudh\u00ebs s\u00eb prov\u00ebs t\u00eb mos kryej\u00eb vep\u00ebr tjet\u00ebr penale dhe t\u00eb mbaj\u00eb kontakte me Sh\u00ebrbimin e Prov\u00ebs q\u00eb mbulon vendbanimin e saj. Afati i prov\u00ebs fillon nga e nes\u00ebrmja e shpalljes s\u00eb vendimit p\u00ebr pezullimin e d\u00ebnimit me burgim. Heqjen e s\u00eb drejt\u00ebs p\u00ebr t\u00eb pandehur\u00ebn Rajmonda Balilaj p\u00ebr t\u00eb ushtruar funksione publike p\u00ebr nj\u00eb koh\u00eb prej 5 (pes\u00eb) vjet&#8221;,<\/em>\u00a0thuhet n\u00eb vendim.<\/p>\n","protected":false},"excerpt":{"rendered":"<p>Gjykata e Posa\u00e7me e Shkall\u00ebs s\u00eb Par\u00eb p\u00ebr Korrupsionin dhe Krimin e Organizuar ka dnuarish kryetaren e Bashkis\u00eb s\u00eb Patosit, Rajmonda Balilaj, me 2 vite burg p\u00ebr vepr\u00ebn penale \u201cShkelja e barazis\u00eb s\u00eb pjes\u00ebmarr\u00ebsve n\u00eb tendera apo ankande publike\u201d, n\u00eb bashk\u00ebpunim. D\u00ebnimi i ish- kryebashkiakes \u00ebsht\u00eb konvertuar n\u00eb 2 vjet e 8 muaj n\u00eb sh\u00ebrbim [&hellip;]<\/p>\n","protected":false},"author":5,"featured_media":52047,"comment_status":"closed","ping_status":"closed","sticky":false,"template":"","format":"standard","meta":{"footnotes":""},"categories":[1,6326,6332,29228],"tags":[34803,21391],"class_list":{"0":"post-83691","1":"post","2":"type-post","3":"status-publish","4":"format-standard","5":"has-post-thumbnail","7":"category-aktualitet","8":"category-politike","9":"category-te-fundit","10":"category-vendi","11":"tag-gjkko-denon-ish-kryebashkiaken-socialiste","12":"tag-ja-sa-vite"},"_links":{"self":[{"href":"https:\/\/jugulajm.net\/index.php?rest_route=\/wp\/v2\/posts\/83691","targetHints":{"allow":["GET"]}}],"collection":[{"href":"https:\/\/jugulajm.net\/index.php?rest_route=\/wp\/v2\/posts"}],"about":[{"href":"https:\/\/jugulajm.net\/index.php?rest_route=\/wp\/v2\/types\/post"}],"author":[{"embeddable":true,"href":"https:\/\/jugulajm.net\/index.php?rest_route=\/wp\/v2\/users\/5"}],"replies":[{"embeddable":true,"href":"https:\/\/jugulajm.net\/index.php?rest_route=%2Fwp%2Fv2%2Fcomments&post=83691"}],"version-history":[{"count":0,"href":"https:\/\/jugulajm.net\/index.php?rest_route=\/wp\/v2\/posts\/83691\/revisions"}],"wp:featuredmedia":[{"embeddable":true,"href":"https:\/\/jugulajm.net\/index.php?rest_route=\/wp\/v2\/media\/52047"}],"wp:attachment":[{"href":"https:\/\/jugulajm.net\/index.php?rest_route=%2Fwp%2Fv2%2Fmedia&parent=83691"}],"wp:term":[{"taxonomy":"category","embeddable":true,"href":"https:\/\/jugulajm.net\/index.php?rest_route=%2Fwp%2Fv2%2Fcategories&post=83691"},{"taxonomy":"post_tag","embeddable":true,"href":"https:\/\/jugulajm.net\/index.php?rest_route=%2Fwp%2Fv2%2Ftags&post=83691"}],"curies":[{"name":"wp","href":"https:\/\/api.w.org\/{rel}","templated":true}]}}