{"id":83684,"date":"2025-01-15T19:28:41","date_gmt":"2025-01-15T18:28:41","guid":{"rendered":"https:\/\/jugulajm.net\/?p=83684"},"modified":"2025-01-15T19:41:26","modified_gmt":"2025-01-15T18:41:26","slug":"video-cifti-i-pensionisteve-nga-gjirokastra-ne-mjerim-e-skamje-te-plote","status":"publish","type":"post","link":"https:\/\/jugulajm.net\/?p=83684","title":{"rendered":"VIDEO\/ \u00c7ifti i pensionist\u00ebve nga Gjirokastra n\u00eb mjerim e skamje t\u00eb plot\u00eb"},"content":{"rendered":"<p>Silvana Braho \u00ebsht\u00eb nj\u00eb nd\u00ebr shum\u00eb pensionistet e mbetura vet\u00ebm n\u00eb Gjirokast\u00ebr.<\/p>\n<p>Shpopullimi, largimi i t\u00eb rinjve \u00ebsht\u00eb b\u00ebr\u00eb shkak p\u00ebr mij\u00ebra pensionist\u00eb n\u00eb Qarkun jugor, q\u00eb vitet e pleq\u00ebris\u00eb t&#8217;i kalojn\u00eb n\u00eb vetmi te plote.<\/p>\n<p>Silvana sot \u00ebsht\u00eb 79 vje\u00e7e dhe bashkeshorti i saj 86 vje\u00e7.<\/p>\n<p>T\u00eb dy gdhihen e ngrysen n\u00eb k\u00ebt\u00eb dhom\u00eb, e cila n\u00eb koh\u00eb me shi pikon nga tavani.<\/p>\n<p>Silvana ka punuar gjith\u00eb jet\u00ebn e saj si infermiere n\u00eb spital, por kurr\u00eb nuk e kishte menduar, q\u00eb demokracia do t&#8217;a linte t\u00eb vetmuar dhe me nj\u00eb pension, q\u00eb nuk arrin dot fundin e muajit.<\/p>\n<p>Nje figorifer bosh, mjerimi, skamja, nj\u00eb mal me ila\u00e7e dhe malli p\u00ebr f\u00ebmij\u00ebt e larguar jan\u00eb shoq\u00ebruesit e perditshmerise s\u00eb tyre.<\/p>\n<p>&#8220;Kurr\u00eb se prisja k\u00ebt\u00eb situat\u00eb. Ne v\u00ebrtete k\u00ebrkuam demokraci, por jo k\u00ebshtu. Une kam punuar 36 vite n\u00eb spital, nuk marr asnj\u00eb ndihm\u00eb nga bashkia apo qeveria. Pensioni \u00ebsht\u00eb vet\u00ebm p\u00ebr ila\u00e7e. Ja shiko pak sa kam k\u00ebtu ila\u00e7et me rimbursim na b\u00ebjn\u00eb keq dhe s\u00ebmuremi m\u00eb shum\u00eb. F\u00ebmij\u00ebt kan\u00eb ikur, ne jemi p\u00ebr t\u00eb vdekur po kush do te na varros\u00eb&#8221;, shprehet Silvana p\u00ebr Jugulajm.net.<\/p>\n<p>Qyteti i Gjirokastr\u00ebs, zonat p\u00ebrreth dhe fshatrat e tij shfaqin t\u00eb nj\u00ebjt\u00ebn panoram\u00eb, t\u00eb moshuar t\u00eb vetmuar t\u00eb cil\u00ebt syt\u00eb i mbajn\u00eb nga dera n\u00eb pritje t\u00eb f\u00ebmij\u00ebve t\u00eb larguar n\u00eb emigrim.<\/p>\n","protected":false},"excerpt":{"rendered":"<p>Silvana Braho \u00ebsht\u00eb nj\u00eb nd\u00ebr shum\u00eb pensionistet e mbetura vet\u00ebm n\u00eb Gjirokast\u00ebr. Shpopullimi, largimi i t\u00eb rinjve \u00ebsht\u00eb b\u00ebr\u00eb shkak p\u00ebr mij\u00ebra pensionist\u00eb n\u00eb Qarkun jugor, q\u00eb vitet e pleq\u00ebris\u00eb t&#8217;i kalojn\u00eb n\u00eb vetmi te plote. Silvana sot \u00ebsht\u00eb 79 vje\u00e7e dhe bashkeshorti i saj 86 vje\u00e7. T\u00eb dy gdhihen e ngrysen n\u00eb k\u00ebt\u00eb dhom\u00eb, [&hellip;]<\/p>\n","protected":false},"author":5,"featured_media":83686,"comment_status":"closed","ping_status":"closed","sticky":false,"template":"","format":"video","meta":{"footnotes":""},"categories":[1,6332,29228,26832],"tags":[20323,34802,34801],"class_list":{"0":"post-83684","1":"post","2":"type-post","3":"status-publish","4":"format-video","5":"has-post-thumbnail","7":"category-aktualitet","8":"category-te-fundit","9":"category-vendi","10":"category-video","11":"tag-gjirokaster","12":"tag-silvana","13":"tag-skamje","14":"post_format-post-format-video"},"_links":{"self":[{"href":"https:\/\/jugulajm.net\/index.php?rest_route=\/wp\/v2\/posts\/83684","targetHints":{"allow":["GET"]}}],"collection":[{"href":"https:\/\/jugulajm.net\/index.php?rest_route=\/wp\/v2\/posts"}],"about":[{"href":"https:\/\/jugulajm.net\/index.php?rest_route=\/wp\/v2\/types\/post"}],"author":[{"embeddable":true,"href":"https:\/\/jugulajm.net\/index.php?rest_route=\/wp\/v2\/users\/5"}],"replies":[{"embeddable":true,"href":"https:\/\/jugulajm.net\/index.php?rest_route=%2Fwp%2Fv2%2Fcomments&post=83684"}],"version-history":[{"count":0,"href":"https:\/\/jugulajm.net\/index.php?rest_route=\/wp\/v2\/posts\/83684\/revisions"}],"wp:featuredmedia":[{"embeddable":true,"href":"https:\/\/jugulajm.net\/index.php?rest_route=\/wp\/v2\/media\/83686"}],"wp:attachment":[{"href":"https:\/\/jugulajm.net\/index.php?rest_route=%2Fwp%2Fv2%2Fmedia&parent=83684"}],"wp:term":[{"taxonomy":"category","embeddable":true,"href":"https:\/\/jugulajm.net\/index.php?rest_route=%2Fwp%2Fv2%2Fcategories&post=83684"},{"taxonomy":"post_tag","embeddable":true,"href":"https:\/\/jugulajm.net\/index.php?rest_route=%2Fwp%2Fv2%2Ftags&post=83684"}],"curies":[{"name":"wp","href":"https:\/\/api.w.org\/{rel}","templated":true}]}}