{"id":83596,"date":"2025-01-12T21:42:24","date_gmt":"2025-01-12T20:42:24","guid":{"rendered":"https:\/\/jugulajm.net\/?p=83596"},"modified":"2025-01-12T21:42:24","modified_gmt":"2025-01-12T20:42:24","slug":"emri-vritet-me-arme-zjarri-56-vjecari","status":"publish","type":"post","link":"https:\/\/jugulajm.net\/?p=83596","title":{"rendered":"EMRI\/ Vritet me arm\u00eb zjarri 56-vje\u00e7ari"},"content":{"rendered":"<div class=\"firstP\">\n<p>Vrasje me arm\u00eb zjarri n\u00eb Tiran\u00eb!<\/p>\n<\/div>\n<p>Ngjarja ka ndodhur rreth or\u00ebs 21:00, tek \u201cPallati me Shigjeta\u201d n\u00eb rrug\u00ebn \u201cMyrte Zeneli\u201d, ku \u00ebsht\u00eb q\u00eblluar me arm\u00eb zjarri n\u00eb drejtim t\u00eb nj\u00eb automjeti me drejtues shtetasin, Bujar Nasufi, rreth 56 vje\u00e7, i cili si pasoj\u00eb ka humbur jet\u00ebn.<\/p>\n<p>Policia thot\u00eb se nj\u00eb grup i posa\u00e7\u00ebm hetimor, n\u00ebn drejtimin e Prokuroris\u00eb, ndodhet n\u00eb vendngjarje dhe vazhdon pun\u00ebn p\u00ebr sqarimin e rrethanave t\u00eb ngjarjes, identifikimin dhe kapjen e autorit\/\u00ebve t\u00eb dyshuar.<\/p>\n<p>Sh\u00ebrbimet e Policis\u00eb kan\u00eb ngritur pika kontrolli dhe po ushtrojn\u00eb kontrolle n\u00eb zon\u00eb p\u00ebr kapjen e autorit.<\/p>\n","protected":false},"excerpt":{"rendered":"<p>Vrasje me arm\u00eb zjarri n\u00eb Tiran\u00eb! Ngjarja ka ndodhur rreth or\u00ebs 21:00, tek \u201cPallati me Shigjeta\u201d n\u00eb rrug\u00ebn \u201cMyrte Zeneli\u201d, ku \u00ebsht\u00eb q\u00eblluar me arm\u00eb zjarri n\u00eb drejtim t\u00eb nj\u00eb automjeti me drejtues shtetasin, Bujar Nasufi, rreth 56 vje\u00e7, i cili si pasoj\u00eb ka humbur jet\u00ebn. Policia thot\u00eb se nj\u00eb grup i posa\u00e7\u00ebm hetimor, n\u00ebn [&hellip;]<\/p>\n","protected":false},"author":5,"featured_media":58339,"comment_status":"closed","ping_status":"closed","sticky":false,"template":"","format":"standard","meta":{"footnotes":""},"categories":[1,6332,29228],"tags":[34765],"class_list":{"0":"post-83596","1":"post","2":"type-post","3":"status-publish","4":"format-standard","5":"has-post-thumbnail","7":"category-aktualitet","8":"category-te-fundit","9":"category-vendi","10":"tag-emri-vritet-me-arme-zjarri-56-vjecari"},"_links":{"self":[{"href":"https:\/\/jugulajm.net\/index.php?rest_route=\/wp\/v2\/posts\/83596","targetHints":{"allow":["GET"]}}],"collection":[{"href":"https:\/\/jugulajm.net\/index.php?rest_route=\/wp\/v2\/posts"}],"about":[{"href":"https:\/\/jugulajm.net\/index.php?rest_route=\/wp\/v2\/types\/post"}],"author":[{"embeddable":true,"href":"https:\/\/jugulajm.net\/index.php?rest_route=\/wp\/v2\/users\/5"}],"replies":[{"embeddable":true,"href":"https:\/\/jugulajm.net\/index.php?rest_route=%2Fwp%2Fv2%2Fcomments&post=83596"}],"version-history":[{"count":0,"href":"https:\/\/jugulajm.net\/index.php?rest_route=\/wp\/v2\/posts\/83596\/revisions"}],"wp:featuredmedia":[{"embeddable":true,"href":"https:\/\/jugulajm.net\/index.php?rest_route=\/wp\/v2\/media\/58339"}],"wp:attachment":[{"href":"https:\/\/jugulajm.net\/index.php?rest_route=%2Fwp%2Fv2%2Fmedia&parent=83596"}],"wp:term":[{"taxonomy":"category","embeddable":true,"href":"https:\/\/jugulajm.net\/index.php?rest_route=%2Fwp%2Fv2%2Fcategories&post=83596"},{"taxonomy":"post_tag","embeddable":true,"href":"https:\/\/jugulajm.net\/index.php?rest_route=%2Fwp%2Fv2%2Ftags&post=83596"}],"curies":[{"name":"wp","href":"https:\/\/api.w.org\/{rel}","templated":true}]}}