{"id":83572,"date":"2025-01-12T11:55:57","date_gmt":"2025-01-12T10:55:57","guid":{"rendered":"https:\/\/jugulajm.net\/?p=83572"},"modified":"2025-01-12T11:55:57","modified_gmt":"2025-01-12T10:55:57","slug":"rama-me-kane-bere-dhunues-homo-dhe","status":"publish","type":"post","link":"https:\/\/jugulajm.net\/?p=83572","title":{"rendered":"Rama: M\u00eb kan\u00eb b\u00ebr\u00eb dhunues, homo dhe&#8230;"},"content":{"rendered":"<p>Kryeministri Edi Rama n\u00eb konferenc\u00eb p\u00ebr mediat tha se kund\u00ebrshtar\u00ebt politik\u00eb e kan\u00eb b\u00ebr\u00eb kriminel, duke th\u00ebn\u00eb se asnj\u00ebher\u00eb nuk ka kryer ndonj\u00eb krim n\u00eb jet\u00eb.<\/p>\n<p>Rama deklaroi se parat\u00eb nuk kan\u00eb qen\u00eb kurr\u00eb tundim p\u00ebr t\u00eb. Ai tha se sht\u00ebpin\u00eb e ka nd\u00ebrtuar me parat\u00eb e tij e t\u00eb bashk\u00ebshortes.<\/p>\n<p>Kryeministri Edi Rama i \u00ebsht\u00eb p\u00ebrgjigjur akuzave t\u00eb opozit\u00ebs, q\u00eb si\u00e7 tha ai e kan\u00eb quajtur dhunues, homoseksual dhe kriminel.<\/p>\n<p>\u201cKush m\u00eb njeh \u2013 tha Rama \u2013 e di q\u00eb paraja nuk ka qen\u00eb asnj\u00ebher\u00eb nj\u00eb tundim i madh p\u00ebr mua\u201d.<\/p>\n<p>\u201cM\u00eb kan\u00eb b\u00ebr\u00eb p\u00ebrdhos\u00ebs t\u00eb familjes time, duke m\u00eb akuzuar se n\u00eb gjyqin e divorcit, un\u00eb kam akuzuar gruan time se djalin tim e kishte me babain tim.<\/p>\n<p>Jo, divorci im, qysh n\u00eb fillim t\u00eb viteve \u201890 s\u2019ka pasur asnj\u00eb konflikt dhe asnj\u00eb pretendim t\u00eb nd\u00ebrsjell\u00eb. P\u00ebrkundrazi, ka qen\u00eb t\u00ebr\u00ebsisht paq\u00ebsor.<\/p>\n<p>Nd\u00ebrsa po, si\u00e7 \u00ebsht\u00eb provuar m\u00eb pas, katrani i madh ka fabrikuar nj\u00eb dokument gjyqi dhe e ka publikuar asokohe, p\u00ebr ta mb\u00ebshtetur me nj\u00eb prov\u00eb t\u00eb rreme at\u00eb akuz\u00eb, q\u00eb qoft\u00eb edhe thjesht p\u00ebr ta imagjinuar, duhet t\u00eb jesh eg\u00ebrsir\u00eb, jo njeri; l\u00ebre pastaj t\u00eb jesh udh\u00ebheq\u00ebs i popullit.<\/p>\n<p>M\u00eb kan\u00eb b\u00ebr\u00eb homoseksual, biseksual, transeksual. Edhe mund t\u00eb kisha q\u00eblluar nj\u00eb nga t\u00eb treja k\u00ebto ose dhe t\u00eb treja bashk\u00eb.<\/p>\n<p>Po jo, Zoti m\u00eb ka p\u00ebrcaktuar si heteroseksual dhe nuk kam pasur kurr\u00eb kuriozitet ta pyes si e b\u00ebn Ai p\u00ebrzgjedhjen p\u00ebr prirjen seksuale t\u00eb njer\u00ebzve.<\/p>\n<p>M\u00eb kan\u00eb b\u00ebr\u00eb dhunues grash, madje dhunues t\u00eb ndjes\u00eb past\u00eb n\u00ebn\u00ebs time.<\/p>\n<p>E shkreta n\u00ebna ime, Aneta, u sulmua nga foltorja e parlamentit, deri nga foltorja e parlamentit, ku katrani me boj\u00eb e akuzoi se po c\u00ebnonte interesin publik, duke mos m\u00eb denoncuar, ajo mua, si dhunues t\u00eb sajin dhe duke i l\u00ebn\u00eb k\u00ebsisoj shqiptar\u00ebt, t\u00eb votonin qorrazi p\u00ebr nj\u00eb kriminel q\u00eb dhunon edhe gra.<\/p>\n<p>N\u00ebna ime e ndjer\u00eb, u ndje aq e l\u00ebnduar sa e \u00e7oi edhe n\u00eb gjyq, katranin e madh\u201c, tha Rama.<\/p>\n<p>Nj\u00eb p\u00ebrgjigje kishte edhe p\u00ebr ata q\u00eb e kan\u00eb akuzuar se jeton n\u00eb saraje: \u201cM\u00eb kan\u00eb b\u00ebr\u00eb me saraje dhe \u00e7\u2019nuk kan\u00eb fantazuar, th\u00ebn\u00eb e shkruar, p\u00ebr si \u00ebsht\u00eb nd\u00ebrtuar, e me \u00e7far\u00eb lek\u00ebsh \u00ebsht\u00eb nd\u00ebrtuar sht\u00ebpia jon\u00eb.<\/p>\n<p>Jo, ajo sht\u00ebpi nuk ka lidhje as me sarajet, as me favore nd\u00ebrtuesish apo lek\u00eb me burim tjet\u00ebr, p\u00ebrve\u00e7 t\u00eb ardhurave nga puna e t\u00eb dyve ne, burr\u00eb e grua.<\/p>\n<p>Gati \u00e7erek shekulli akuza pa asnj\u00eb \u00e7erek prove, ku m\u00eb kan\u00eb b\u00ebr\u00eb si veten; politikan q\u00eb marr pjes\u00ebn nga firmat q\u00eb hedh, duke futur duart n\u00eb buxhetin e shtetit dhe n\u00eb xhepat e sip\u00ebrmarr\u00ebsve q\u00eb nd\u00ebrtojn\u00eb kulla apo partneritete me qeverin\u00eb\u201d.- tha Rama.<\/p>\n","protected":false},"excerpt":{"rendered":"<p>Kryeministri Edi Rama n\u00eb konferenc\u00eb p\u00ebr mediat tha se kund\u00ebrshtar\u00ebt politik\u00eb e kan\u00eb b\u00ebr\u00eb kriminel, duke th\u00ebn\u00eb se asnj\u00ebher\u00eb nuk ka kryer ndonj\u00eb krim n\u00eb jet\u00eb. Rama deklaroi se parat\u00eb nuk kan\u00eb qen\u00eb kurr\u00eb tundim p\u00ebr t\u00eb. Ai tha se sht\u00ebpin\u00eb e ka nd\u00ebrtuar me parat\u00eb e tij e t\u00eb bashk\u00ebshortes. Kryeministri Edi Rama i [&hellip;]<\/p>\n","protected":false},"author":5,"featured_media":77316,"comment_status":"closed","ping_status":"closed","sticky":false,"template":"","format":"standard","meta":{"footnotes":""},"categories":[6326,6332,29228],"tags":[34755,34754],"class_list":{"0":"post-83572","1":"post","2":"type-post","3":"status-publish","4":"format-standard","5":"has-post-thumbnail","7":"category-politike","8":"category-te-fundit","9":"category-vendi","10":"tag-homo-dhe","11":"tag-rama-me-kane-bere-dhunues"},"_links":{"self":[{"href":"https:\/\/jugulajm.net\/index.php?rest_route=\/wp\/v2\/posts\/83572","targetHints":{"allow":["GET"]}}],"collection":[{"href":"https:\/\/jugulajm.net\/index.php?rest_route=\/wp\/v2\/posts"}],"about":[{"href":"https:\/\/jugulajm.net\/index.php?rest_route=\/wp\/v2\/types\/post"}],"author":[{"embeddable":true,"href":"https:\/\/jugulajm.net\/index.php?rest_route=\/wp\/v2\/users\/5"}],"replies":[{"embeddable":true,"href":"https:\/\/jugulajm.net\/index.php?rest_route=%2Fwp%2Fv2%2Fcomments&post=83572"}],"version-history":[{"count":0,"href":"https:\/\/jugulajm.net\/index.php?rest_route=\/wp\/v2\/posts\/83572\/revisions"}],"wp:featuredmedia":[{"embeddable":true,"href":"https:\/\/jugulajm.net\/index.php?rest_route=\/wp\/v2\/media\/77316"}],"wp:attachment":[{"href":"https:\/\/jugulajm.net\/index.php?rest_route=%2Fwp%2Fv2%2Fmedia&parent=83572"}],"wp:term":[{"taxonomy":"category","embeddable":true,"href":"https:\/\/jugulajm.net\/index.php?rest_route=%2Fwp%2Fv2%2Fcategories&post=83572"},{"taxonomy":"post_tag","embeddable":true,"href":"https:\/\/jugulajm.net\/index.php?rest_route=%2Fwp%2Fv2%2Ftags&post=83572"}],"curies":[{"name":"wp","href":"https:\/\/api.w.org\/{rel}","templated":true}]}}