{"id":83559,"date":"2025-01-11T17:41:33","date_gmt":"2025-01-11T16:41:33","guid":{"rendered":"https:\/\/jugulajm.net\/?p=83559"},"modified":"2025-01-11T17:42:03","modified_gmt":"2025-01-11T16:42:03","slug":"emrat-zbardhet-deshmia-e-shoqeve-te-21-vjecares-na-ftoi-te-kalonim-kohen-me-5-djem-dhe","status":"publish","type":"post","link":"https:\/\/jugulajm.net\/?p=83559","title":{"rendered":"EMRAT\/ Ja d\u00ebshmia e shoqeve t\u00eb 21-vje\u00e7ares: Na ftoi t\u00eb kalonim koh\u00ebn me 5 djem dhe&#8230;"},"content":{"rendered":"<div class=\"firstP\">\n<p>Shoqet e 21-vje\u00e7ares q\u00eb u ky\u00e7 brenda n\u00eb apartament t\u00eb enjten n\u00eb Astir kan\u00eb d\u00ebshmuar s\u00ebrish p\u00ebrpara Policis\u00eb s\u00eb Tiran\u00ebs.<\/p>\n<\/div>\n<p>Ato than\u00eb se kan\u00eb shkuar me d\u00ebshir\u00eb n\u00eb apartament, pasi i ka thirrur shoqja e tyre p\u00ebr t\u00eb kalua koh\u00eb me 5 djemt\u00eb.<\/p>\n<p>N\u00eb k\u00ebto kushte ndaj 5 t\u00eb rinjve q\u00eb tashm\u00eb t\u00eb shpallur n\u00eb k\u00ebrkim nga blut\u00eb, u \u00ebsht\u00eb shtuar edhe akuza e shitjes dhe prodhimit t\u00eb narkotik\u00ebve.<\/p>\n<p>Ata akuzohen edhe p\u00ebr arm\u00ebmbajtje pa leje si dhe p\u00ebr mbajtjen pa d\u00ebshir\u00eb n\u00eb apartament t\u00eb 21-vje\u00e7ares.<\/p>\n<p>Personat e shpallur n\u00eb k\u00ebrkim jan\u00eb Joni Sadikaj, Skerdi Sina, Ogert Alia, Arnold Jaho dhe Anduel Alia.<\/p>\n<p>Nj\u00eb dit\u00eb m\u00eb par\u00eb, vajza d\u00ebshmoi se nuk \u00ebsht\u00eb dhunuar dhe ka shkuar vet\u00eb me d\u00ebshir\u00eb n\u00eb banes\u00ebn me qira ditore, ndryshe nga versioni i par\u00eb q\u00eb dha kur telefonoi sall\u00ebn operative. 21-vje\u00e7arja \u00ebsht\u00eb shprehur se \u00ebsht\u00eb ndjer\u00eb e frik\u00ebsuar n\u00eb momentin q\u00eb ka par\u00eb se nj\u00eb prej djemve kishte arm\u00eb me vete.<\/p>\n<p>Vajza ka treguar m\u00eb tej se me Joni Sadikaj ishte njohur vet\u00ebm nj\u00eb dit\u00eb m\u00eb par\u00eb n\u00eb nj\u00eb lokal t\u00eb zon\u00ebs dhe ai i kishte k\u00ebrkuar q\u00eb t\u00eb merrte disa shoqe t\u00eb sajat p\u00ebr t\u00eb kaluar nat\u00ebn bashk\u00eb, pasi kishte edhe disa shok\u00eb me vete. E reja ka d\u00ebshmuar m\u00eb tej se kan\u00eb q\u00ebndruar n\u00eb banes\u00ebn e marr\u00eb me qira ditore gjat\u00eb gjith\u00eb nat\u00ebs duke konsumuar kokain\u00eb.<\/p>\n<p>Burime nga policia pohojn\u00eb se t\u00eb shpallurit n\u00eb k\u00ebrkim jan\u00eb persona me precedent\u00eb penal\u00eb. Joni Sadikaj, n\u00eb vitin 2017 u arrestua n\u00eb Kavaj\u00eb bashk\u00eb me 4 persona t\u00eb tjer\u00eb me akuz\u00ebn e tentativ\u00ebs s\u00eb trafikimit drejt Italis\u00eb s\u00eb 1.3 ton\u00eb kanabis. Nd\u00ebrsa ver\u00ebn e vitit 2022 u prangos n\u00eb Vlor\u00eb p\u00ebr arm\u00ebmbajtje pa leje.<\/p>\n<p>Telefonata e Sajma Qordjas alarmoi policin\u00eb, ku forcat RENEA nd\u00ebrhyn\u00eb me litar\u00eb nga tarraca e pallatit drejt dritares p\u00ebr t\u00eb hapur der\u00ebn, pasi e reja nuk i p\u00ebrgjigjej thirrjes s\u00eb tyre, si dhe negociatave t\u00eb t\u00eb atit q\u00eb deklaronte se t\u00eb bij\u00ebn ia kishin rr\u00ebmbyer.<\/p>\n<p>N\u00eb dy banesat e marra me qira, policia gjeti dy arm\u00eb zjarri dhe mbetje kokaine, si dhe sendet personale t\u00eb t\u00eb shpallurve n\u00eb k\u00ebrkim.<\/p>\n","protected":false},"excerpt":{"rendered":"<p>Shoqet e 21-vje\u00e7ares q\u00eb u ky\u00e7 brenda n\u00eb apartament t\u00eb enjten n\u00eb Astir kan\u00eb d\u00ebshmuar s\u00ebrish p\u00ebrpara Policis\u00eb s\u00eb Tiran\u00ebs. Ato than\u00eb se kan\u00eb shkuar me d\u00ebshir\u00eb n\u00eb apartament, pasi i ka thirrur shoqja e tyre p\u00ebr t\u00eb kalua koh\u00eb me 5 djemt\u00eb. N\u00eb k\u00ebto kushte ndaj 5 t\u00eb rinjve q\u00eb tashm\u00eb t\u00eb shpallur n\u00eb [&hellip;]<\/p>\n","protected":false},"author":5,"featured_media":83492,"comment_status":"closed","ping_status":"closed","sticky":false,"template":"","format":"standard","meta":{"footnotes":""},"categories":[1,6332,29228],"tags":[34749],"class_list":{"0":"post-83559","1":"post","2":"type-post","3":"status-publish","4":"format-standard","5":"has-post-thumbnail","7":"category-aktualitet","8":"category-te-fundit","9":"category-vendi","10":"tag-emrat-zbardhet-deshmia-e-shoqeve-te-21-vjecares-na-ftoi-te-kalonim-kohen-me-5-djem-dhe"},"_links":{"self":[{"href":"https:\/\/jugulajm.net\/index.php?rest_route=\/wp\/v2\/posts\/83559","targetHints":{"allow":["GET"]}}],"collection":[{"href":"https:\/\/jugulajm.net\/index.php?rest_route=\/wp\/v2\/posts"}],"about":[{"href":"https:\/\/jugulajm.net\/index.php?rest_route=\/wp\/v2\/types\/post"}],"author":[{"embeddable":true,"href":"https:\/\/jugulajm.net\/index.php?rest_route=\/wp\/v2\/users\/5"}],"replies":[{"embeddable":true,"href":"https:\/\/jugulajm.net\/index.php?rest_route=%2Fwp%2Fv2%2Fcomments&post=83559"}],"version-history":[{"count":0,"href":"https:\/\/jugulajm.net\/index.php?rest_route=\/wp\/v2\/posts\/83559\/revisions"}],"wp:featuredmedia":[{"embeddable":true,"href":"https:\/\/jugulajm.net\/index.php?rest_route=\/wp\/v2\/media\/83492"}],"wp:attachment":[{"href":"https:\/\/jugulajm.net\/index.php?rest_route=%2Fwp%2Fv2%2Fmedia&parent=83559"}],"wp:term":[{"taxonomy":"category","embeddable":true,"href":"https:\/\/jugulajm.net\/index.php?rest_route=%2Fwp%2Fv2%2Fcategories&post=83559"},{"taxonomy":"post_tag","embeddable":true,"href":"https:\/\/jugulajm.net\/index.php?rest_route=%2Fwp%2Fv2%2Ftags&post=83559"}],"curies":[{"name":"wp","href":"https:\/\/api.w.org\/{rel}","templated":true}]}}