{"id":83546,"date":"2025-01-11T10:54:24","date_gmt":"2025-01-11T09:54:24","guid":{"rendered":"https:\/\/jugulajm.net\/?p=83546"},"modified":"2025-01-11T10:54:24","modified_gmt":"2025-01-11T09:54:24","slug":"pensionistet-ne-dite-te-hallit-ndersa-rama-thote-me-mire-se-me-mua-nuk-do-te-gjeni","status":"publish","type":"post","link":"https:\/\/jugulajm.net\/?p=83546","title":{"rendered":"Pensionist\u00ebt n\u00eb dit\u00eb t\u00eb hallit, nd\u00ebrsa Rama thot\u00eb: M\u00eb mir\u00eb se me mua nuk do t\u00eb gjeni&#8230;"},"content":{"rendered":"<p>Kryeministri Edi Rama, u \u00ebsht\u00eb p\u00ebrgjigjur komentuesve p\u00ebr nivelin e ul\u00ebt t\u00eb pensioneve p\u00ebr mosh\u00ean e tret\u00eb dhe faktin, q\u00eb nuk mjaftuan tre mandate p\u00ebr t\u00eb b\u00ebr\u00eb reform\u00ebn. Cila ishte p\u00ebrgjigja?<\/p>\n<p>\u201c<em>P\u00ebr Elbasan sot. E mira s\u2019ka fund e borxhi i k\u00ebsaj shoq\u00ebri ndaj pensionist\u00ebve, qoft\u00eb atyre q\u00eb jetuan diktatur\u00ebn, qoft\u00eb atyre q\u00eb jetuan rrumpall\u00ebn pa shtet t\u00eb viteve t\u00eb tranzicionit, nuk ndalet kurr\u00eb. Por n\u00ebse ka nj\u00eb qeveri q\u00eb ka b\u00ebr\u00eb dhe mund t\u00eb b\u00ebj\u00eb akoma m\u00eb shum\u00eb p\u00ebr pensionist\u00ebt \u00ebsht\u00eb vet\u00ebm kjo qeveri e PS.<\/em><\/p>\n<p><em>Ishte kjo qeveri q\u00eb b\u00ebri reform\u00ebn e pensioneve dhe mund\u00ebsoi q\u00eb kush ka dal\u00eb pension 10 vitet e fundit t\u00eb ket\u00eb pension konsideruesh\u00ebm m\u00eb t\u00eb lart\u00eb se ata q\u00eb kan\u00eb dal\u00eb m\u00eb par\u00eb. \u00cbsht\u00eb kjo qeveri q\u00eb u dha pensionist\u00ebve pak jav\u00eb m\u00eb par\u00eb plot 100 mln euro si bonus p\u00ebr Vitin e Ri.<\/em><\/p>\n<p><em>Do do t\u2019u jap\u00eb p\u00ebr her\u00eb t\u00eb par\u00eb bonus t\u00eb dyt\u00eb n\u00eb pranver\u00eb dhe do mbaj\u00eb do bonuse n\u00eb vit. K\u00ebto jan\u00eb fakte kuptimplota t\u00eb kujdesit t\u00eb vazhduesh\u00ebm p\u00ebr pensionist\u00ebt, me t\u00eb cil\u00ebt ne do t\u00eb ndajm\u00eb n\u00eb \u00e7do hap pjes\u00ebn e tyre t\u00eb merituar nga rritja e pandalshme e ekonomis\u00eb<\/em>\u201d, shprehet Rama.<\/p>\n","protected":false},"excerpt":{"rendered":"<p>Kryeministri Edi Rama, u \u00ebsht\u00eb p\u00ebrgjigjur komentuesve p\u00ebr nivelin e ul\u00ebt t\u00eb pensioneve p\u00ebr mosh\u00ean e tret\u00eb dhe faktin, q\u00eb nuk mjaftuan tre mandate p\u00ebr t\u00eb b\u00ebr\u00eb reform\u00ebn. Cila ishte p\u00ebrgjigja? \u201cP\u00ebr Elbasan sot. E mira s\u2019ka fund e borxhi i k\u00ebsaj shoq\u00ebri ndaj pensionist\u00ebve, qoft\u00eb atyre q\u00eb jetuan diktatur\u00ebn, qoft\u00eb atyre q\u00eb jetuan rrumpall\u00ebn [&hellip;]<\/p>\n","protected":false},"author":5,"featured_media":83547,"comment_status":"closed","ping_status":"closed","sticky":false,"template":"","format":"standard","meta":{"footnotes":""},"categories":[6326,6332,29228],"tags":[34746,34745],"class_list":{"0":"post-83546","1":"post","2":"type-post","3":"status-publish","4":"format-standard","5":"has-post-thumbnail","7":"category-politike","8":"category-te-fundit","9":"category-vendi","10":"tag-ndersa-rama-thote-me-mire-se-me-mua-nuk-do-te-gjeni","11":"tag-pensionistet-ne-dite-te-hallit"},"_links":{"self":[{"href":"https:\/\/jugulajm.net\/index.php?rest_route=\/wp\/v2\/posts\/83546","targetHints":{"allow":["GET"]}}],"collection":[{"href":"https:\/\/jugulajm.net\/index.php?rest_route=\/wp\/v2\/posts"}],"about":[{"href":"https:\/\/jugulajm.net\/index.php?rest_route=\/wp\/v2\/types\/post"}],"author":[{"embeddable":true,"href":"https:\/\/jugulajm.net\/index.php?rest_route=\/wp\/v2\/users\/5"}],"replies":[{"embeddable":true,"href":"https:\/\/jugulajm.net\/index.php?rest_route=%2Fwp%2Fv2%2Fcomments&post=83546"}],"version-history":[{"count":0,"href":"https:\/\/jugulajm.net\/index.php?rest_route=\/wp\/v2\/posts\/83546\/revisions"}],"wp:featuredmedia":[{"embeddable":true,"href":"https:\/\/jugulajm.net\/index.php?rest_route=\/wp\/v2\/media\/83547"}],"wp:attachment":[{"href":"https:\/\/jugulajm.net\/index.php?rest_route=%2Fwp%2Fv2%2Fmedia&parent=83546"}],"wp:term":[{"taxonomy":"category","embeddable":true,"href":"https:\/\/jugulajm.net\/index.php?rest_route=%2Fwp%2Fv2%2Fcategories&post=83546"},{"taxonomy":"post_tag","embeddable":true,"href":"https:\/\/jugulajm.net\/index.php?rest_route=%2Fwp%2Fv2%2Ftags&post=83546"}],"curies":[{"name":"wp","href":"https:\/\/api.w.org\/{rel}","templated":true}]}}