{"id":83503,"date":"2025-01-10T10:25:29","date_gmt":"2025-01-10T09:25:29","guid":{"rendered":"https:\/\/jugulajm.net\/?p=83503"},"modified":"2025-01-10T10:42:05","modified_gmt":"2025-01-10T09:42:05","slug":"gripi-i-shpendeve-zbulohet-1-tjeter-vater","status":"publish","type":"post","link":"https:\/\/jugulajm.net\/?p=83503","title":{"rendered":"Gripi i shpend\u00ebve, zbulohet 1 tjet\u00ebr vat\u00ebr n\u00eb Shqip\u00ebri, ja se ku&#8230;"},"content":{"rendered":"<p>Ministria e Bujq\u00ebsis\u00eb ka b\u00ebr\u00eb nj\u00eb reagim publik n\u00eb lidhje me situat\u00ebn e gripit t\u00eb shpend\u00ebve n\u00eb vendin ton\u00eb, pas verifikimit t\u00eb disa rasteve n\u00eb zona t\u00eb ndryshme t\u00eb vendit.<\/p>\n<p>Sipas ministris\u00eb, situata \u00ebsht\u00eb n\u00eb kontroll dhe po vijon monitorimi i t\u00eb gjitha rasteve t\u00eb dyshuara, teksa i k\u00ebrkohet t\u00eb gjith\u00eb fermer\u00ebve t\u00eb bashk\u00ebpunojn\u00eb.<\/p>\n<h4>NJOFTIMI ZYRTAR<\/h4>\n<p>Ministria e Bujq\u00ebsis\u00eb dhe Zhvillimit Rural n\u00eb kuad\u00ebr t\u00eb transparenc\u00ebs dhe komunikimit me publikun informon qytetar\u00ebt se situata p\u00ebr Influenc\u00ebn Aviare n\u00eb vend \u00ebsht\u00eb n\u00ebn kontroll dhe monitorim t\u00eb vazhduesh\u00ebm, n\u00ebp\u00ebrmjet strukturave n\u00eb qend\u00ebr dhe atyre rajonale.<\/p>\n<p>S\u00ebmundja e Influenc\u00ebs Aviare e konfirmuar edhe n\u00eb vendin ton\u00eb, \u00ebsht\u00eb nj\u00eb s\u00ebmundje e nj\u00eb r\u00ebnd\u00ebsie t\u00eb ve\u00e7ant\u00eb dhe me p\u00ebrhapje mbar\u00ebbot\u00ebrore. Sipas komunikimeve t\u00eb vazhdueshme n\u00eb faqen zyrtare t\u00eb Organizat\u00ebs Bot\u00ebrore t\u00eb Sh\u00ebndetit t\u00eb Kafsh\u00ebve s\u00ebmundja aktualisht \u00ebsht\u00eb e pranishme n\u00eb mjaft shtete t\u00eb tjera, t\u00eb cil\u00ebt zbatojn\u00eb programe kontrolli dhe mbik\u00ebqyrjeje t\u00eb nj\u00ebjta me vendin ton\u00eb. Ky infeksion mund t\u00eb parandalohet vet\u00ebm n\u00ebp\u00ebrmjet zbatimit t\u00eb masave t\u00eb biosiguris\u00eb me qellim uljen e nivelit t\u00eb ekspozimit ndaj virusit i cili p\u00ebrhapet me rrug\u00eb ajrore dhe ato t\u00eb kontaktit me shpend\u00ebt portator\u00eb, t\u00eb eg\u00ebr dhe migrator\u00eb p\u00ebr n\u00eb fermat dhe oborret familjare, t\u00eb cil\u00ebt mbar\u00ebshtojn\u00eb shpend\u00eb.<\/p>\n<p>Q\u00eb prej konfirmimit t\u00eb rastit t\u00eb par\u00eb \u00ebsht\u00eb n\u00eb fuqi dhe mblidhet n\u00eb rend ditor Qendra Komb\u00ebtare e Kriz\u00ebs p\u00ebr s\u00ebmundjen e Influenc\u00ebs Aviare me p\u00ebrfaq\u00ebsues nga Ministria e Bujq\u00ebsis\u00eb dhe Zhvillimit Rural, Ministria e Brend\u00ebshme, Ministria e Turizmit dhe Mjedisit dhe Instituti i Sh\u00ebndetit Publik p\u00ebr koordinimin e veprimeve dhe marrjen e informacionit mbi masat e marra nga Qendra Rajonale t\u00eb Kriz\u00ebs, e cila ka identifikuar Nj\u00ebsit\u00eb Administrative t\u00eb zonave t\u00eb mbrojtjes (3 km) dhe mbikqyrjes (10 km) p\u00ebr tre vatrat n\u00eb Zall Herr, Nart\u00eb, Paskuqan dhe asaj t\u00eb konfirmuar dit\u00ebn e sotme 09.01.2025 n\u00eb Lagun\u00ebn e Karavastas\u00eb.<\/p>\n<h4>Prej rastit t\u00eb par\u00eb t\u00eb konfirmuar Sh\u00ebrbimi Veterinar Rajonal ka marr\u00eb t\u00eb gjitha masat e duhura p\u00ebr monitorimin e situat\u00ebs sh\u00ebndet\u00ebsore t\u00eb shpend\u00ebve t\u00eb but\u00eb, p\u00ebr izolimin e infeksionit me q\u00ebllim parandalimin e p\u00ebrhapjes duke vijuar komunikimin me Agjencin\u00eb e Zonave t\u00eb Mbrojtura p\u00ebr monitorime dy-pal\u00ebshe t\u00eb faun\u00ebs s\u00eb eg\u00ebr n\u00eb zonat lagunore e ujore t\u00eb mbrojtura.<\/h4>\n<p>\u00cbsht\u00eb bashk\u00ebpunuar me Nj\u00ebsit\u00eb Vendore t\u00eb Kujdesit Sh\u00ebndet\u00ebsor p\u00ebr monitorimin dhe testimin e personave t\u00eb kontaktit, teste t\u00eb cilat deri m\u00eb tani kan\u00eb rezultuar negative, me Nj\u00ebsit\u00eb e vet\u00ebqeverisjes vendore n\u00eb Bashkit\u00eb e prekura, si dhe me Policin\u00eb e Shtetit p\u00ebr zbatimin e Urdhrave t\u00eb Ministrit t\u00eb Bujq\u00ebsis\u00eb n\u00eb fuqi p\u00ebr marrjen e masave parandaluese t\u00eb p\u00ebrhapjes s\u00eb virusit t\u00eb Influenc\u00ebs Aviare n\u00ebp\u00ebrmjet ndalimit t\u00eb l\u00ebvizjes s\u00eb shpend\u00ebve t\u00eb gjall\u00eb jasht\u00eb fermave, t\u00eb ndodhura n\u00eb Nj\u00ebsit\u00eb Administrative t\u00eb zonave t\u00eb mbrojtjes dhe mbikqyrjes.<\/p>\n<p>Duke qen\u00eb se dy prej rasteve n\u00eb vatrat aktuale pozitive jan\u00eb t\u00eb pranish\u00ebm n\u00eb specie t\u00eb shpend\u00ebve t\u00eb eg\u00ebr, Ministria e Bujq\u00ebsis\u00eb dhe Zhvillimit Rural fton fermer\u00ebt dhe qytetar\u00ebt t\u00eb rrisin vigjilenc\u00ebn dhe t\u00eb bashk\u00ebpunojn\u00eb me q\u00ebllim jo vet\u00ebm raportimin n\u00eb koh\u00eb t\u00eb \u00e7do dyshimi n\u00ebp\u00ebrmjet komunikimit t\u00eb shpejt\u00eb n\u00eb numrin e gjelb\u00ebr 08003366, por dhe zbatimit rigoroz t\u00eb masave t\u00eb biosiguris\u00eb dhe kufizimit t\u00eb ekspozimit t\u00eb shpend\u00ebve n\u00eb mjedise t\u00eb hapura, p\u00ebr t\u00eb ulur nivelin e riskut t\u00eb kontaktit me shpend\u00ebt e eg\u00ebr dhe migrator\u00eb.<\/p>\n","protected":false},"excerpt":{"rendered":"<p>Ministria e Bujq\u00ebsis\u00eb ka b\u00ebr\u00eb nj\u00eb reagim publik n\u00eb lidhje me situat\u00ebn e gripit t\u00eb shpend\u00ebve n\u00eb vendin ton\u00eb, pas verifikimit t\u00eb disa rasteve n\u00eb zona t\u00eb ndryshme t\u00eb vendit. Sipas ministris\u00eb, situata \u00ebsht\u00eb n\u00eb kontroll dhe po vijon monitorimi i t\u00eb gjitha rasteve t\u00eb dyshuara, teksa i k\u00ebrkohet t\u00eb gjith\u00eb fermer\u00ebve t\u00eb bashk\u00ebpunojn\u00eb. NJOFTIMI [&hellip;]<\/p>\n","protected":false},"author":5,"featured_media":44694,"comment_status":"closed","ping_status":"closed","sticky":false,"template":"","format":"standard","meta":{"footnotes":""},"categories":[1,6332,29228],"tags":[34735,34736],"class_list":{"0":"post-83503","1":"post","2":"type-post","3":"status-publish","4":"format-standard","5":"has-post-thumbnail","7":"category-aktualitet","8":"category-te-fundit","9":"category-vendi","10":"tag-gripi-i-shpendeve","11":"tag-zbulohet-1-tjeter-vater"},"_links":{"self":[{"href":"https:\/\/jugulajm.net\/index.php?rest_route=\/wp\/v2\/posts\/83503","targetHints":{"allow":["GET"]}}],"collection":[{"href":"https:\/\/jugulajm.net\/index.php?rest_route=\/wp\/v2\/posts"}],"about":[{"href":"https:\/\/jugulajm.net\/index.php?rest_route=\/wp\/v2\/types\/post"}],"author":[{"embeddable":true,"href":"https:\/\/jugulajm.net\/index.php?rest_route=\/wp\/v2\/users\/5"}],"replies":[{"embeddable":true,"href":"https:\/\/jugulajm.net\/index.php?rest_route=%2Fwp%2Fv2%2Fcomments&post=83503"}],"version-history":[{"count":0,"href":"https:\/\/jugulajm.net\/index.php?rest_route=\/wp\/v2\/posts\/83503\/revisions"}],"wp:featuredmedia":[{"embeddable":true,"href":"https:\/\/jugulajm.net\/index.php?rest_route=\/wp\/v2\/media\/44694"}],"wp:attachment":[{"href":"https:\/\/jugulajm.net\/index.php?rest_route=%2Fwp%2Fv2%2Fmedia&parent=83503"}],"wp:term":[{"taxonomy":"category","embeddable":true,"href":"https:\/\/jugulajm.net\/index.php?rest_route=%2Fwp%2Fv2%2Fcategories&post=83503"},{"taxonomy":"post_tag","embeddable":true,"href":"https:\/\/jugulajm.net\/index.php?rest_route=%2Fwp%2Fv2%2Ftags&post=83503"}],"curies":[{"name":"wp","href":"https:\/\/api.w.org\/{rel}","templated":true}]}}