{"id":83489,"date":"2025-01-09T19:20:40","date_gmt":"2025-01-09T18:20:40","guid":{"rendered":"https:\/\/jugulajm.net\/?p=83489"},"modified":"2025-01-09T19:20:40","modified_gmt":"2025-01-09T18:20:40","slug":"emri-tjeter-kryebashkiak-socialist-nen-kthetrat-e-spak-ut","status":"publish","type":"post","link":"https:\/\/jugulajm.net\/?p=83489","title":{"rendered":"EMRI\/ Tjet\u00ebr kryebashkiak socialist n\u00ebn &#8220;kthetrat&#8221; e SPAK-ut"},"content":{"rendered":"<p>Prokuroria e Posa\u00e7me ka mbyllur hetimet dhe ka ngritur akuz\u00ebn e shp\u00ebrdorimit t\u00eb detyr\u00ebs ndaj Pjerin Ndreut, kryetarit t\u00eb bashkis\u00eb Lezh\u00eb.<\/p>\n<p>P\u00ebr shqyrtimin e k\u00ebsaj dosjeje \u00ebsht\u00eb caktuar gjyqtarja Etleva Deda, e cila do t\u00eb vendos\u00eb n\u00ebse dosja do t\u00eb kaloj\u00eb p\u00ebr gjykim, do t\u00eb kthehet n\u00eb SPAK p\u00ebr hetime t\u00eb m\u00ebtejshme, apo do t\u00eb pushohet.<\/p>\n<p>Pjerin Ndreu mban postin e kryetar t\u00eb Bashkise Lezh\u00eb q\u00eb nga 30 qershori i vitit 2019.<\/p>\n","protected":false},"excerpt":{"rendered":"<p>Prokuroria e Posa\u00e7me ka mbyllur hetimet dhe ka ngritur akuz\u00ebn e shp\u00ebrdorimit t\u00eb detyr\u00ebs ndaj Pjerin Ndreut, kryetarit t\u00eb bashkis\u00eb Lezh\u00eb. P\u00ebr shqyrtimin e k\u00ebsaj dosjeje \u00ebsht\u00eb caktuar gjyqtarja Etleva Deda, e cila do t\u00eb vendos\u00eb n\u00ebse dosja do t\u00eb kaloj\u00eb p\u00ebr gjykim, do t\u00eb kthehet n\u00eb SPAK p\u00ebr hetime t\u00eb m\u00ebtejshme, apo do t\u00eb [&hellip;]<\/p>\n","protected":false},"author":5,"featured_media":52047,"comment_status":"closed","ping_status":"closed","sticky":false,"template":"","format":"standard","meta":{"footnotes":""},"categories":[1,6326,6332,29228],"tags":[34727],"class_list":{"0":"post-83489","1":"post","2":"type-post","3":"status-publish","4":"format-standard","5":"has-post-thumbnail","7":"category-aktualitet","8":"category-politike","9":"category-te-fundit","10":"category-vendi","11":"tag-emri-tjeter-kryebashkiak-socialist-nen-kthetrat-e-spak"},"_links":{"self":[{"href":"https:\/\/jugulajm.net\/index.php?rest_route=\/wp\/v2\/posts\/83489","targetHints":{"allow":["GET"]}}],"collection":[{"href":"https:\/\/jugulajm.net\/index.php?rest_route=\/wp\/v2\/posts"}],"about":[{"href":"https:\/\/jugulajm.net\/index.php?rest_route=\/wp\/v2\/types\/post"}],"author":[{"embeddable":true,"href":"https:\/\/jugulajm.net\/index.php?rest_route=\/wp\/v2\/users\/5"}],"replies":[{"embeddable":true,"href":"https:\/\/jugulajm.net\/index.php?rest_route=%2Fwp%2Fv2%2Fcomments&post=83489"}],"version-history":[{"count":0,"href":"https:\/\/jugulajm.net\/index.php?rest_route=\/wp\/v2\/posts\/83489\/revisions"}],"wp:featuredmedia":[{"embeddable":true,"href":"https:\/\/jugulajm.net\/index.php?rest_route=\/wp\/v2\/media\/52047"}],"wp:attachment":[{"href":"https:\/\/jugulajm.net\/index.php?rest_route=%2Fwp%2Fv2%2Fmedia&parent=83489"}],"wp:term":[{"taxonomy":"category","embeddable":true,"href":"https:\/\/jugulajm.net\/index.php?rest_route=%2Fwp%2Fv2%2Fcategories&post=83489"},{"taxonomy":"post_tag","embeddable":true,"href":"https:\/\/jugulajm.net\/index.php?rest_route=%2Fwp%2Fv2%2Ftags&post=83489"}],"curies":[{"name":"wp","href":"https:\/\/api.w.org\/{rel}","templated":true}]}}