{"id":83432,"date":"2025-01-07T13:21:58","date_gmt":"2025-01-07T12:21:58","guid":{"rendered":"https:\/\/jugulajm.net\/?p=83432"},"modified":"2025-01-07T13:23:44","modified_gmt":"2025-01-07T12:23:44","slug":"vrasja-e-33-vjecarit-policiaviktima-u-nxor-ne-prite-nga","status":"publish","type":"post","link":"https:\/\/jugulajm.net\/?p=83432","title":{"rendered":"Vrasja e 33-vje\u00e7arit, Policia: Viktima u nxorr n\u00eb prit\u00eb nga&#8230;"},"content":{"rendered":"<p>Drejtoria Vendore e Policis\u00eb Shkod\u00ebr ka mbajtur nj\u00eb komunikat\u00eb lidhur me ngjarjen e ndodhur n\u00eb fshatin Drago\u00e7 t\u00eb Shkodr\u00ebs m\u00eb dat\u00eb 5 janar 2025, ku u vra me arm\u00eb zjarri 33-vje\u00e7ari, Ramazan Mataj.<\/p>\n<p>Pas njoftimit p\u00ebr ngjarjen e ndodhur, policia ka shkuar n\u00eb vendngjarje dhe n\u00eb vijim, ka shoq\u00ebruar n\u00eb ambientet e Policis\u00eb shum\u00eb persona, p\u00ebr t\u2019i pyetur n\u00eb lidhje me ngjarjen.<\/p>\n<p>Si rezultat i hetimeve kan\u00eb b\u00ebr\u00eb t\u00eb mundur arrestimin e autorit t\u00eb dyshuar Arjon Hasa p\u00ebr vrasjen e Ramazan Mataj, si dhe t\u00eb v\u00ebllait t\u00eb autorit Klisman Hasa si bashk\u00ebpun\u00ebtor.<\/p>\n<p><strong>Konferenca e mbajtur nga Policia Shkod\u00ebr:<\/strong><\/p>\n<p>Drejtoria Vendore e Policis\u00eb Shkod\u00ebr, menj\u00ebher\u00eb pas njoftimit p\u00ebr ngjarjen e ndodhur n\u00eb fshatin Drago\u00e7, ngriti nj\u00eb grup t\u00eb posa\u00e7\u00ebm hetimor dhe s\u00eb bashku me sh\u00ebrbime t\u00eb shumta t\u00eb Policis\u00eb s\u00eb Shkodr\u00ebs, t\u00eb Forc\u00ebs Komb\u00ebtare t\u00eb Siguris\u00eb Nj\u00ebsia Shkod\u00ebr dhe t\u00eb Drejtoris\u00eb p\u00ebr Kufirin dhe Migracionin Shkod\u00ebr, shkuan n\u00eb vendin e ngjarjes.<\/p>\n<p>Sh\u00ebrbimet e Policis\u00eb, pas veprimeve t\u00eb shpejta n\u00eb vendin e ngjarjes, shoq\u00ebruan n\u00eb ambientet e Policis\u00eb, shum\u00eb shtetas, p\u00ebr t\u2019i pyetur n\u00eb lidhje me ngjarjen.<\/p>\n<p>Nga hetimet rezultoi se shtetasi Arjon Hasa, 29 vje\u00e7, banues n\u00eb Drago\u00e7, p\u00ebr motive t\u00eb dob\u00ebta, ka organizuar dhe ka kryer vrasjen e shtetasit Ramazan Mataj. 29-vje\u00e7ari, n\u00ebp\u00ebrmjet llogarive t\u00eb rreme n\u00eb rrjete sociale, ka komunikuar me shtetasin Ramazan Mataj, p\u00ebr ta nxjerr\u00eb n\u00eb prit\u00eb n\u00eb fshatin Drago\u00e7, ku dhe dyshohet se e ka vrar\u00eb.<\/p>\n<p>Gjithashtu, nga hetimet dyshohet se shtetasi Ramazan Mataj kishte ndikuar p\u00ebr prishjen e marr\u00ebdh\u00ebnieve bashk\u00ebshortore t\u00eb motr\u00ebs s\u00eb autorit. Autori i dyshuar \u00ebsht\u00eb ndihmuar nga v\u00ebllai i tij, shtetasi Klisman Hasa, p\u00ebr sigurimin e kushteve p\u00ebr t\u00eb kryer vrasjen dhe p\u00ebr t\u00eb fshehur arm\u00ebn e krimit.<\/p>\n<p>Si rezultat i kontrolleve u b\u00eb e mundur gjetja e arm\u00ebs s\u00eb zjarrit me t\u00eb cil\u00ebn dyshohet se autori ka kryer vrasjen. Pas krimit, dy v\u00ebllez\u00ebrit e fsheh\u00ebn arm\u00ebn n\u00eb nj\u00eb zon\u00eb t\u00eb pyll\u00ebzuar dhe m\u00eb pas e gropos\u00ebn n\u00eb tok\u00eb n\u00eb oborrin e banes\u00ebs.<\/p>\n<p>N\u00eb p\u00ebrfundim t\u00eb hetimeve u b\u00eb arrestimi i shtetasve: Arjon Hasa, p\u00ebr veprat penale \u201cVrasja me paramendim\u201d dhe \u201cProdhimi dhe mbajtja pa leje e arm\u00ebve, arm\u00ebve shp\u00ebrthyese dhe municionit luftarak\u201d; dhe arrestimi i Klisman Hasa, p\u00ebr vepr\u00ebn penale \u201cSigurimi i kushteve dhe mjeteve materiale p\u00ebr t\u00eb kryer vrasje\u201d.<\/p>\n","protected":false},"excerpt":{"rendered":"<p>Drejtoria Vendore e Policis\u00eb Shkod\u00ebr ka mbajtur nj\u00eb komunikat\u00eb lidhur me ngjarjen e ndodhur n\u00eb fshatin Drago\u00e7 t\u00eb Shkodr\u00ebs m\u00eb dat\u00eb 5 janar 2025, ku u vra me arm\u00eb zjarri 33-vje\u00e7ari, Ramazan Mataj. Pas njoftimit p\u00ebr ngjarjen e ndodhur, policia ka shkuar n\u00eb vendngjarje dhe n\u00eb vijim, ka shoq\u00ebruar n\u00eb ambientet e Policis\u00eb shum\u00eb persona, [&hellip;]<\/p>\n","protected":false},"author":5,"featured_media":54364,"comment_status":"closed","ping_status":"closed","sticky":false,"template":"","format":"standard","meta":{"footnotes":""},"categories":[1,6332,29228],"tags":[25543,34692,34693],"class_list":{"0":"post-83432","1":"post","2":"type-post","3":"status-publish","4":"format-standard","5":"has-post-thumbnail","7":"category-aktualitet","8":"category-te-fundit","9":"category-vendi","10":"tag-policia","11":"tag-viktima-u-nxor-ne-prite","12":"tag-vrasja"},"_links":{"self":[{"href":"https:\/\/jugulajm.net\/index.php?rest_route=\/wp\/v2\/posts\/83432","targetHints":{"allow":["GET"]}}],"collection":[{"href":"https:\/\/jugulajm.net\/index.php?rest_route=\/wp\/v2\/posts"}],"about":[{"href":"https:\/\/jugulajm.net\/index.php?rest_route=\/wp\/v2\/types\/post"}],"author":[{"embeddable":true,"href":"https:\/\/jugulajm.net\/index.php?rest_route=\/wp\/v2\/users\/5"}],"replies":[{"embeddable":true,"href":"https:\/\/jugulajm.net\/index.php?rest_route=%2Fwp%2Fv2%2Fcomments&post=83432"}],"version-history":[{"count":0,"href":"https:\/\/jugulajm.net\/index.php?rest_route=\/wp\/v2\/posts\/83432\/revisions"}],"wp:featuredmedia":[{"embeddable":true,"href":"https:\/\/jugulajm.net\/index.php?rest_route=\/wp\/v2\/media\/54364"}],"wp:attachment":[{"href":"https:\/\/jugulajm.net\/index.php?rest_route=%2Fwp%2Fv2%2Fmedia&parent=83432"}],"wp:term":[{"taxonomy":"category","embeddable":true,"href":"https:\/\/jugulajm.net\/index.php?rest_route=%2Fwp%2Fv2%2Fcategories&post=83432"},{"taxonomy":"post_tag","embeddable":true,"href":"https:\/\/jugulajm.net\/index.php?rest_route=%2Fwp%2Fv2%2Ftags&post=83432"}],"curies":[{"name":"wp","href":"https:\/\/api.w.org\/{rel}","templated":true}]}}