{"id":83407,"date":"2025-01-06T18:12:06","date_gmt":"2025-01-06T17:12:06","guid":{"rendered":"https:\/\/jugulajm.net\/?p=83407"},"modified":"2025-01-06T18:12:06","modified_gmt":"2025-01-06T17:12:06","slug":"rrefehet-babai-i-33-vjecarit-ja-biseda-e-fundit-me-te-birin","status":"publish","type":"post","link":"https:\/\/jugulajm.net\/?p=83407","title":{"rendered":"Rr\u00ebfehet babai i 33-vje\u00e7arit: Ja biseda e fundit me t\u00eb birin&#8230;"},"content":{"rendered":"<p>Fatmir Mataj, babai i 33-vje\u00e7arit Ramazan Mataj q\u00eb u ekzekutua me bresh\u00ebri plumbash n\u00eb makin\u00eb mbr\u00ebmjen e 4 Janarit, ka rr\u00ebfyer bised\u00ebn e fundit me t\u00eb birin, pak or\u00eb para se t\u00eb largohej nga banesa p\u00ebr t\u00eb mos u kthyer m\u00eb.<\/p>\n<p>Babai i viktim\u00ebs ka rr\u00ebfyer se komunikimi i fundit me t\u00eb birin ishte kur 33-vje\u00e7ari po largohej nga banesa dhe i tha q\u00eb \u2018do iki t\u00eb takoj nj\u00eb njeri\u2019. Ai shtoi se telefonoi t\u00eb birin, por Ramazani nuk ia hapi telefonin pasi ishte i vdekur.<\/p>\n<p>\u2018Nuk m\u00eb \u00ebsht\u00eb p\u00ebrgjigjur n\u00eb telefon, jo se nuk e ka hapur, por ishte i vdekur\u2019, deklaroi babai p\u00ebr TCH.<\/p>\n<p>Fatmir Mataj, me lot n\u00eb sy, rr\u00ebfeu se djali i tij priste t\u00eb fejohej dhe se do largohej n\u00eb Gjermani pasi t\u2019i dilnin letrat, nd\u00ebrsa theksoi se i biri nuk ka pasur konflikte me asnj\u00eb njeri.<\/p>\n<p>Ai i b\u00ebri thirrje shtetit p\u00ebr zbardhjen e ngjarjes, n\u00eb t\u00eb kund\u00ebrt, deklaroi se \u2018do ta laj me gjak n\u00ebse nuk nd\u00ebrhyhet\u2019.<\/p>\n<p><strong>Rr\u00ebfimi i babait:<\/strong>\u00a0Komunikimi i fundit n\u00eb or\u00ebn 20:20 kur doli nga sht\u00ebpia. M\u00eb tha \u2018do t\u00eb iki t\u00eb takoj nj\u00eb njeri\u2019, nuk di asgj\u00eb tjet\u00ebr.<\/p>\n<p>Nuk m\u00eb \u00ebsht\u00eb p\u00ebrgjigjur n\u00eb telefon, jo se nuk e ka hapur, por ishte i vdekur.<\/p>\n<p>Nuk kemi pasur asnj\u00eb ngat\u00ebrres\u00eb, as debat me ask\u00ebnd. I k\u00ebrkoj shtetit mos t\u00eb hapim viktima m\u00eb tep\u00ebr, t\u00eb vendos\u00eb dor\u00ebn n\u00eb zem\u00ebr, t\u00eb marr\u00eb vesh k\u00ebto probleme, se nuk jemi n\u00eb dijeni p\u00ebr asgj\u00eb. Nuk kam dyshuar p\u00ebr asgj\u00eb, s\u2019kam pas frik\u00eb sepse kur nuk ke debat me ask\u00ebnd. Kemi qen\u00eb vet\u00ebm p\u00ebr nj\u00eb kafshat\u00eb buk\u00eb.<\/p>\n<p>Djali punonte n\u00eb Mal t\u00eb Zi, po priste fejes\u00ebn dhe letrat e Gjermanis\u00eb.<\/p>\n<p>Kaq ishte jeta e tij. I k\u00ebrkoj shtetit drejt\u00ebsi, mos t\u00eb hapen viktima t\u00eb tjera, mos t\u00eb marrim rrug\u00eb pa dashje me fjal\u00eb.<\/p>\n<p>Kur nuk del e drejta, do e gjej vet\u00eb. Kur nuk e vendos dor\u00ebn n\u00eb zem\u00ebr shteti do e zgjidh vet\u00eb, Do ta laj me gjak n\u00ebse nuk nd\u00ebrhyn shteti. I b\u00ebj thirrje shtetit t\u00eb kapen autor\u00ebt sa m\u00eb par\u00eb. Nuk kemi asnj\u00eb dyshim. Djali m\u00eb shprehte \u00e7do gj\u00eb, m\u00eb thoshte p\u00ebr gjith\u00e7ka, jam n\u00eb dijeni t\u00eb \u00e7do gj\u00ebje t\u00eb tij. Nuk e b\u00ebnte asnj\u00eb hap pa fjal\u00ebn time. Kemi qen\u00eb njer\u00ebz familjar dhe t\u00eb rregullt. N\u00eb Belgjik\u00eb ka q\u00ebndruar 1 vit, erdhi p\u00ebr letrat, i hodhi letrat p\u00ebr n\u00eb Gjermani dhe derisa t\u2019i dilnin letrat iku n\u00eb Mal t\u00eb Zi.<\/p>\n<p>\u00c7far\u00eb jan\u00eb k\u00ebto rrjetet e telefonave, i kam lexuar, ju lutem nuk jemi njer\u00ebz q\u00eb merremi me gj\u00ebra t\u00eb pista. Nuk kemi lidhje me ask\u00ebnd, vet\u00ebm pun\u00eb-sht\u00ebpi. Shtetit i k\u00ebrkojm\u00eb drejt\u00ebsi, t\u00eb mos ket\u00eb viktima t\u00eb tjera. Do ta k\u00ebrkoj vet\u00eb n\u00ebse nuk gjendet, dhe nuk do t\u00eb shkoj\u00eb gjat\u00eb.<\/p>\n<p>Kur nuk jemi n\u00eb dijeni ne familja, nuk kam asnj\u00eb dyshim se do t\u00eb kisha vepruar brenda 24 or\u00ebve. Do kisha b\u00ebr\u00eb pun\u00ebt e mia. Nuk \u00ebsht\u00eb gjetur as thik\u00eb, as pistolet\u00eb, as asgj\u00eb, ishte i pap\u00ebrgatitur. Na kan\u00eb njoftuar p\u00ebr vrasjen e djalit.<\/p>\n","protected":false},"excerpt":{"rendered":"<p>Fatmir Mataj, babai i 33-vje\u00e7arit Ramazan Mataj q\u00eb u ekzekutua me bresh\u00ebri plumbash n\u00eb makin\u00eb mbr\u00ebmjen e 4 Janarit, ka rr\u00ebfyer bised\u00ebn e fundit me t\u00eb birin, pak or\u00eb para se t\u00eb largohej nga banesa p\u00ebr t\u00eb mos u kthyer m\u00eb. Babai i viktim\u00ebs ka rr\u00ebfyer se komunikimi i fundit me t\u00eb birin ishte kur [&hellip;]<\/p>\n","protected":false},"author":5,"featured_media":83408,"comment_status":"closed","ping_status":"closed","sticky":false,"template":"","format":"standard","meta":{"footnotes":""},"categories":[1,6332,29228],"tags":[34683],"class_list":{"0":"post-83407","1":"post","2":"type-post","3":"status-publish","4":"format-standard","5":"has-post-thumbnail","7":"category-aktualitet","8":"category-te-fundit","9":"category-vendi","10":"tag-rrefehet-babai-i-33-vjecarit-ja-biseda-e-fundit-me-te-birin"},"_links":{"self":[{"href":"https:\/\/jugulajm.net\/index.php?rest_route=\/wp\/v2\/posts\/83407","targetHints":{"allow":["GET"]}}],"collection":[{"href":"https:\/\/jugulajm.net\/index.php?rest_route=\/wp\/v2\/posts"}],"about":[{"href":"https:\/\/jugulajm.net\/index.php?rest_route=\/wp\/v2\/types\/post"}],"author":[{"embeddable":true,"href":"https:\/\/jugulajm.net\/index.php?rest_route=\/wp\/v2\/users\/5"}],"replies":[{"embeddable":true,"href":"https:\/\/jugulajm.net\/index.php?rest_route=%2Fwp%2Fv2%2Fcomments&post=83407"}],"version-history":[{"count":0,"href":"https:\/\/jugulajm.net\/index.php?rest_route=\/wp\/v2\/posts\/83407\/revisions"}],"wp:featuredmedia":[{"embeddable":true,"href":"https:\/\/jugulajm.net\/index.php?rest_route=\/wp\/v2\/media\/83408"}],"wp:attachment":[{"href":"https:\/\/jugulajm.net\/index.php?rest_route=%2Fwp%2Fv2%2Fmedia&parent=83407"}],"wp:term":[{"taxonomy":"category","embeddable":true,"href":"https:\/\/jugulajm.net\/index.php?rest_route=%2Fwp%2Fv2%2Fcategories&post=83407"},{"taxonomy":"post_tag","embeddable":true,"href":"https:\/\/jugulajm.net\/index.php?rest_route=%2Fwp%2Fv2%2Ftags&post=83407"}],"curies":[{"name":"wp","href":"https:\/\/api.w.org\/{rel}","templated":true}]}}