{"id":83381,"date":"2025-01-05T14:09:08","date_gmt":"2025-01-05T13:09:08","guid":{"rendered":"https:\/\/jugulajm.net\/?p=83381"},"modified":"2025-01-05T14:09:46","modified_gmt":"2025-01-05T13:09:46","slug":"prangoset-shoferi-70-vjecar-aksidentoi-per-vdekje-75-vjecarin-qe-levizte-me-biciklete","status":"publish","type":"post","link":"https:\/\/jugulajm.net\/?p=83381","title":{"rendered":"Prangoset shoferi 70-vje\u00e7ar, aksidentoi p\u00ebr vdekje 75-vje\u00e7arin me bi\u00e7iklet\u00eb"},"content":{"rendered":"<p>Nj\u00eb 70-vje\u00e7ar u arrestua n\u00eb flagranc\u00eb, pasi p\u00ebrplasi p\u00ebr vdekje me automjetin e tij nj\u00eb 75-vje\u00e7ar.<\/p>\n<p>Aksidenti u sh\u00ebnua m\u00ebngjesin e k\u00ebsaj t\u00eb diele, n\u00eb aksin rrugor &#8220;C\u00ebrrik-Gramsh&#8221;, ku automjeti tip &#8220;Benz&#8221; q\u00eb ai drejtonte \u00ebsht\u00eb p\u00ebrplasur me bi\u00e7iklet\u00ebn q\u00eb l\u00ebvizte shtetasi F. B., 75 vje\u00e7, i cili p\u00ebr pasoj\u00eb ka humbur jet\u00ebn.<\/p>\n<p><strong>Njoftimi i policis\u00eb:<\/strong><\/p>\n<p><em>Specialist\u00ebt e Qarkullimit Rrugor arrestuan n\u00eb flagranc\u00eb shtetasin Q. B., 70 vje\u00e7, banues n\u00eb C\u00ebrrik, p\u00ebr vepr\u00ebn penale &#8220;Shkelja e rregullave t\u00eb qarkullimit rrugor&#8221;.<\/em><\/p>\n<p><em>M\u00ebngjesin e sot\u00ebm, n\u00eb aksin rrugor &#8220;C\u00ebrrik-Gramsh&#8221;, automjeti tip &#8220;Benz&#8221; q\u00eb ai drejtonte \u00ebsht\u00eb p\u00ebrplasur me bi\u00e7iklet\u00ebn q\u00eb l\u00ebvizte shtetasi F. B., 75 vje\u00e7, i cili p\u00ebr pasoj\u00eb ka humbur jet\u00ebn.<\/em><\/p>\n<p><em>Materialet procedurale i kaluan Prokuroris\u00eb p\u00ebr veprime t\u00eb m\u00ebtejshme.<\/em><\/p>\n","protected":false},"excerpt":{"rendered":"<p>Nj\u00eb 70-vje\u00e7ar u arrestua n\u00eb flagranc\u00eb, pasi p\u00ebrplasi p\u00ebr vdekje me automjetin e tij nj\u00eb 75-vje\u00e7ar. Aksidenti u sh\u00ebnua m\u00ebngjesin e k\u00ebsaj t\u00eb diele, n\u00eb aksin rrugor &#8220;C\u00ebrrik-Gramsh&#8221;, ku automjeti tip &#8220;Benz&#8221; q\u00eb ai drejtonte \u00ebsht\u00eb p\u00ebrplasur me bi\u00e7iklet\u00ebn q\u00eb l\u00ebvizte shtetasi F. B., 75 vje\u00e7, i cili p\u00ebr pasoj\u00eb ka humbur jet\u00ebn. Njoftimi i [&hellip;]<\/p>\n","protected":false},"author":5,"featured_media":72950,"comment_status":"closed","ping_status":"closed","sticky":false,"template":"","format":"standard","meta":{"footnotes":""},"categories":[1,6332,29228],"tags":[34673,34672],"class_list":{"0":"post-83381","1":"post","2":"type-post","3":"status-publish","4":"format-standard","5":"has-post-thumbnail","7":"category-aktualitet","8":"category-te-fundit","9":"category-vendi","10":"tag-aksidentoi-per-vdekje-75-vjecarin-qe-levizte-me-biciklete","11":"tag-prangoset-shoferi-70-vjecar"},"_links":{"self":[{"href":"https:\/\/jugulajm.net\/index.php?rest_route=\/wp\/v2\/posts\/83381","targetHints":{"allow":["GET"]}}],"collection":[{"href":"https:\/\/jugulajm.net\/index.php?rest_route=\/wp\/v2\/posts"}],"about":[{"href":"https:\/\/jugulajm.net\/index.php?rest_route=\/wp\/v2\/types\/post"}],"author":[{"embeddable":true,"href":"https:\/\/jugulajm.net\/index.php?rest_route=\/wp\/v2\/users\/5"}],"replies":[{"embeddable":true,"href":"https:\/\/jugulajm.net\/index.php?rest_route=%2Fwp%2Fv2%2Fcomments&post=83381"}],"version-history":[{"count":0,"href":"https:\/\/jugulajm.net\/index.php?rest_route=\/wp\/v2\/posts\/83381\/revisions"}],"wp:featuredmedia":[{"embeddable":true,"href":"https:\/\/jugulajm.net\/index.php?rest_route=\/wp\/v2\/media\/72950"}],"wp:attachment":[{"href":"https:\/\/jugulajm.net\/index.php?rest_route=%2Fwp%2Fv2%2Fmedia&parent=83381"}],"wp:term":[{"taxonomy":"category","embeddable":true,"href":"https:\/\/jugulajm.net\/index.php?rest_route=%2Fwp%2Fv2%2Fcategories&post=83381"},{"taxonomy":"post_tag","embeddable":true,"href":"https:\/\/jugulajm.net\/index.php?rest_route=%2Fwp%2Fv2%2Ftags&post=83381"}],"curies":[{"name":"wp","href":"https:\/\/api.w.org\/{rel}","templated":true}]}}