{"id":83370,"date":"2025-01-05T11:02:36","date_gmt":"2025-01-05T10:02:36","guid":{"rendered":"https:\/\/jugulajm.net\/?p=83370"},"modified":"2025-01-05T11:02:36","modified_gmt":"2025-01-05T10:02:36","slug":"publikohet-foto-e-33-vjecarit-qe-u-vra-me-arme-zjarri","status":"publish","type":"post","link":"https:\/\/jugulajm.net\/?p=83370","title":{"rendered":"Publikohet FOTO e 33-vje\u00e7arit q\u00eb u vra me arm\u00eb zjarri"},"content":{"rendered":"<p>\u00cbsht\u00eb publikuar fotoja e t\u00eb riut q\u00eb u vra me bresh\u00ebri plumbash n\u00eb Drago\u00e7 t\u00eb Shkodr\u00ebs.<\/p>\n<p>I riu, Ramazan Mataj \u00ebsht\u00eb q\u00eblluar brenda n\u00eb makin\u00ebn e tij tip Benz.<\/p>\n<p>Dyshohet se ngjarja ka ndodhur mbr\u00ebmjen e djeshme, 4 janar, por 33-vje\u00e7ari \u00ebsht\u00eb gjetur i pajet\u00eb dit\u00ebn e sotme nga banor\u00eb t\u00eb zon\u00ebs.<\/p>\n<p>Ramazan Mataj rezulton se ka jetuar p\u00ebr nj\u00eb periudh\u00eb 1-vjecare n\u00eb shtetin belg.<\/p>\n<p>Pas kthimit t\u00eb tij n\u00eb Shqip\u00ebri sipas familjar\u00ebve ai punonte n\u00eb zon\u00ebn e Ulqinit n\u00eb nd\u00ebrtim.<\/p>\n<p>Ata tregojn\u00eb se pas kthimit nga Belgjika apo pun\u00ebs s\u00eb tij ne vendin fqinj ku ka shprehur pak\u00ebnaq\u00ebsi apo probleme.<\/p>\n<figure id=\"attachment_1489676\" class=\"wp-caption alignnone\" aria-describedby=\"caption-attachment-1489676\"><img loading=\"lazy\" loading=\"lazy\" decoding=\"async\" class=\"wp-image-1489676 size-full td-animation-stack-type0-2\" src=\"https:\/\/boldnews.al\/wp-content\/uploads\/2025\/01\/7e8d5f93-5d48-49d7-a1b6-ab4ffdc78887.jpg\" alt=\"\" width=\"522\" height=\"578\" data-pin-no-hover=\"true\" \/><\/figure>\n","protected":false},"excerpt":{"rendered":"<p>\u00cbsht\u00eb publikuar fotoja e t\u00eb riut q\u00eb u vra me bresh\u00ebri plumbash n\u00eb Drago\u00e7 t\u00eb Shkodr\u00ebs. I riu, Ramazan Mataj \u00ebsht\u00eb q\u00eblluar brenda n\u00eb makin\u00ebn e tij tip Benz. Dyshohet se ngjarja ka ndodhur mbr\u00ebmjen e djeshme, 4 janar, por 33-vje\u00e7ari \u00ebsht\u00eb gjetur i pajet\u00eb dit\u00ebn e sotme nga banor\u00eb t\u00eb zon\u00ebs. Ramazan Mataj rezulton [&hellip;]<\/p>\n","protected":false},"author":5,"featured_media":83371,"comment_status":"closed","ping_status":"closed","sticky":false,"template":"","format":"standard","meta":{"footnotes":""},"categories":[1,6332,29228],"tags":[34669],"class_list":{"0":"post-83370","1":"post","2":"type-post","3":"status-publish","4":"format-standard","5":"has-post-thumbnail","7":"category-aktualitet","8":"category-te-fundit","9":"category-vendi","10":"tag-publikohet-foto-e-33-vjecarit-qe-u-vra-me-arme-zjarri"},"_links":{"self":[{"href":"https:\/\/jugulajm.net\/index.php?rest_route=\/wp\/v2\/posts\/83370","targetHints":{"allow":["GET"]}}],"collection":[{"href":"https:\/\/jugulajm.net\/index.php?rest_route=\/wp\/v2\/posts"}],"about":[{"href":"https:\/\/jugulajm.net\/index.php?rest_route=\/wp\/v2\/types\/post"}],"author":[{"embeddable":true,"href":"https:\/\/jugulajm.net\/index.php?rest_route=\/wp\/v2\/users\/5"}],"replies":[{"embeddable":true,"href":"https:\/\/jugulajm.net\/index.php?rest_route=%2Fwp%2Fv2%2Fcomments&post=83370"}],"version-history":[{"count":0,"href":"https:\/\/jugulajm.net\/index.php?rest_route=\/wp\/v2\/posts\/83370\/revisions"}],"wp:featuredmedia":[{"embeddable":true,"href":"https:\/\/jugulajm.net\/index.php?rest_route=\/wp\/v2\/media\/83371"}],"wp:attachment":[{"href":"https:\/\/jugulajm.net\/index.php?rest_route=%2Fwp%2Fv2%2Fmedia&parent=83370"}],"wp:term":[{"taxonomy":"category","embeddable":true,"href":"https:\/\/jugulajm.net\/index.php?rest_route=%2Fwp%2Fv2%2Fcategories&post=83370"},{"taxonomy":"post_tag","embeddable":true,"href":"https:\/\/jugulajm.net\/index.php?rest_route=%2Fwp%2Fv2%2Ftags&post=83370"}],"curies":[{"name":"wp","href":"https:\/\/api.w.org\/{rel}","templated":true}]}}