{"id":83198,"date":"2024-12-27T20:26:30","date_gmt":"2024-12-27T19:26:30","guid":{"rendered":"https:\/\/jugulajm.net\/?p=83198"},"modified":"2024-12-27T20:29:08","modified_gmt":"2024-12-27T19:29:08","slug":"mberrin-ne-shqiperi-murtaja-afrikane-e-derrave-e-konfirmon-ministria-e-bujqesise-ja-se-ku","status":"publish","type":"post","link":"https:\/\/jugulajm.net\/?p=83198","title":{"rendered":"Mb\u00ebrrin n\u00eb Shqip\u00ebri murtaja Afrikane e derrave, e konfirmon Ministria e Bujq\u00ebsis\u00eb, ja se ku&#8230;."},"content":{"rendered":"<p>Jan\u00eb konfirmuar rastet e para t\u00eb murtaj\u00ebs afrikane t\u00eb derrave t\u00eb but\u00eb n\u00eb Shqip\u00ebri.<\/p>\n<p>Ministria e Bujq\u00ebsis\u00eb dhe Zhvillimit Rural p\u00ebrmes nj\u00eb njoftim publik, b\u00ebn me dije se jan\u00eb identifikuar disa raste n\u00eb nj\u00eb ferm\u00eb n\u00eb Lezh\u00eb.<\/p>\n<p>Mnistria thote se ferma e cila \u00ebsht\u00eb v\u00ebn\u00eb menj\u00ebher\u00eb n\u00eb mbikqyrje veterinare ka q\u00ebn\u00eb n\u00eb zon\u00ebn e survejanc\u00ebs 10 km me vatr\u00ebn n\u00eb malin e Rrencit.<\/p>\n<p>N\u00eb kuad\u00ebr t\u00eb transparenc\u00ebs publike, Ministria e Bujq\u00ebsis\u00eb dhe Zhvillimit Rural informon qytetar\u00ebt se n\u00eb dat\u00ebn 25 Dhjetor 2024, nga veterineri zyrtar i sh\u00ebrbimit p\u00ebr Nj\u00ebsin\u00eb Administrative Sh\u00ebngjin, \u00ebsht\u00eb konstatuar se n\u00eb fshatin Ishull \u2013 Lezh\u00eb tek fermeri Vitor Zef Jushi me kod ferme AL091919860492, me 71 krer\u00eb derra ka patur ngordhje n\u00eb 8 krer\u00eb. N\u00eb dat\u00ebn 26 Dhjetor 2024 Sh\u00ebrbimi Veterinar i Sektorit t\u00eb Lezh\u00ebs ka shkuar n\u00eb ferm\u00eb dhe ka konstatuar ngordhjen edhe t\u00eb 7 krer\u00ebve t\u00eb tjer\u00eb. Menj\u00ebher\u00eb \u00ebsht\u00eb kryer groposoja e kafsh\u00ebve t\u00eb ngordhura, disinfektimi i mjedisit, si dhe jan\u00eb marr\u00eb kampione zyrtare (karkas\u00eb dhe organe), t\u00eb cilat u d\u00ebrguan n\u00eb ISUV me flet\u00eb shoq\u00ebrimi p\u00ebr dyshim t\u00eb s\u00ebmundjes s\u00eb Murtaj\u00ebs Afrikane t\u00eb Derrave, sipas protokollit t\u00eb p\u00ebrcaktuar.<\/p>\n<p>Kampionet e d\u00ebrguara nga kadavra t\u00eb derrave t\u00eb but\u00eb dhe t\u00eb kryq\u00ebzuar, prej Sh\u00ebrbimit Veterinar Rajonal t\u00eb Qarkut Lezh\u00eb, n\u00eb Laboratorin e Referenc\u00ebs \u2013 Institutin e Siguris\u00eb Ushqimore dhe Veterinaris\u00eb, n\u00eb dat\u00ebn 26.12.2024, kan\u00eb rezultuar pozitive me testin konfirmator RT \u2013 PCR, p\u00ebr pranin\u00eb e s\u00ebmundjes s\u00eb Murtaj\u00ebs Afrikane t\u00eb Derrave.<\/p>\n<p>Ferma e cila \u00ebsht\u00eb v\u00ebn\u00eb menj\u00ebher\u00eb n\u00eb mbikqyrje veterinare ka q\u00ebn\u00eb n\u00eb zon\u00ebn e survejanc\u00ebs 10 km me vatr\u00ebn n\u00eb malin e Rrencit. \u00cbsht\u00eb kontrolluar 3-her\u00eb gjat\u00eb periudh\u00ebs se karantin\u00ebs n\u00eb datat 27.11.2024 dhe n\u00eb datat 02.12.2024 dhe 09.12.2024, nga ku \u00ebsht\u00eb konstatuar gjendje e mir\u00eb sh\u00ebndet\u00ebsore e kafsh\u00ebve n\u00eb ferm\u00eb.<\/p>\n<p>Ministria e Bujq\u00ebsis\u00eb dhe Zhvillimit Rural me strukturat ligj-zbatuese kan\u00eb marr\u00eb masat dhe \u00ebsht\u00eb n\u00eb gadishm\u00ebri t\u00eb cdo rasti p\u00ebr menaxhimin n\u00eb koh\u00eb dhe pa vones\u00eb t\u00eb kufizimit p\u00ebr p\u00ebrhapjen e s\u00ebmundjes.<br \/>\nDit\u00ebn e sotme, n\u00eb dat\u00eb 27.12.2024 \u00ebsht\u00eb mbajtur takimi i Q\u00ebndr\u00ebs Komb\u00ebtare t\u00eb Kriz\u00ebs dhe ka hyr\u00eb n\u00eb fuqi Urdhri nr.1131 \u201cP\u00ebr marrjen e masave kufizuese p\u00ebr parandalimin dhe kontrollin e s\u00ebmundjes s\u00eb Murtaj\u00ebs Afrikan\u00eb n\u00eb Derrat e but\u00eb\u201d, n\u00eb t\u00eb cilin udh\u00ebrohen masa shtes\u00eb p\u00ebr:<br \/>\n1. Ndalimin e shitjes dhe tregtimit t\u00eb derrave t\u00eb gjall\u00eb n\u00eb mjediset e hapura dhe tregjet e kafsh\u00ebve t\u00eb gjalla, n\u00eb territorin e Bashkin\u00eb Lezh\u00eb.<br \/>\n2. Ndalimin n\u00eb territorin e Bashkis\u00eb Lezh\u00eb t\u00eb l\u00ebvizjes s\u00eb derrave t\u00eb gjall\u00eb nga ferma n\u00eb ferm\u00eb dhe nga ferma n\u00eb tregjet, panairet dhe ekspozitat e kafsh\u00ebve t\u00eb gjalla.<br \/>\n3. Veterineri zyrtar me miratim t\u00eb titullarit t\u00eb DRVMB mund t\u00eb autorizoj\u00eb l\u00ebvizjet e derrave t\u00eb mbar\u00ebshtuar nga fermat pa prani t\u00eb s\u00ebmundjes, q\u00eb ndodhen n\u00eb zon\u00ebn e mbrojtes direkt p\u00ebr n\u00eb nj\u00eb thertore, e cila ndodhet sa m\u00eb af\u00ebr q\u00eb t\u00eb jet\u00eb e mundur me ferm\u00ebn e origjin\u00ebs dhe brenda zon\u00ebs s\u00eb mbrojtjes, ose n\u00eb zon\u00ebn e mbik\u00ebqyrjes, kur nuk \u00ebsht\u00eb e mundur q\u00eb kafsh\u00ebt t\u00eb theren n\u00eb zon\u00ebn e mbrojtjes.<br \/>\n4. T\u00eb kryhet inventarizimi dhe gjurmimi me teste laboratorike konfermatore p\u00ebr s\u00ebmundjen e Murtaj\u00ebs Afrikane t\u00eb Derrave, n\u00eb zonat e mbrojtjes dhe mbikqyrjes, n\u00eb Nj\u00ebsit\u00eb Administrative: Sh\u00ebngjin, Kolsh, Zejmen, Lezh\u00eb, Balldre, Kallmet dhe Sh\u00ebnkoll t\u00eb Bashkis\u00eb Lezh\u00eb.<br \/>\n5. T\u00eb forcohet marrja e masave p\u00ebr kontrollin e l\u00ebvizjes s\u00eb kafsh\u00ebve, zbatimin e masave t\u00eb Biosiguris\u00eb dhe masave sanitaro-veterinare n\u00eb zon\u00ebn e mbrojtjes dhe mbikqyrjes n\u00eb Nj\u00ebsit\u00eb Administrative Sh\u00ebngjin, Kolsh, Zejmen, Lezh\u00eb, Balldre, Kallmet dhe Sh\u00ebnkoll.<br \/>\nI b\u00ebjm\u00eb thirrje pronar\u00ebve t\u00eb kafsh\u00ebve t\u00eb zbatojn\u00eb masat karantinore dhe t\u00eb biosiguris\u00eb, veteriner\u00ebve privat\u00eb, teknik\u00ebve veterinar\u00eb, drejtuesve t\u00eb nj\u00ebsive t\u00eb qeverisjes vendore, punonj\u00ebsve e sh\u00ebrbimit pyjor dhe gjuetar\u00ebve, q\u00eb p\u00ebr cdo rast dyshimi apo prani t\u00eb shenjave klinike n\u00eb derra, t\u00eb informojn\u00eb pa vones\u00eb Sh\u00ebrbimin Veterinar Rajonal n\u00eb numrin e gjelb\u00ebr 08003366 ose n\u00eb rrug\u00eb zyrtare n\u00eb adres\u00ebn e e-mailit\u00a0info@akvmb.gov.al.<br \/>\nNjoftojm\u00eb qytetar\u00ebt se Murtaja Afrikane e Derrave nuk \u00ebsht\u00eb nj\u00eb s\u00ebmundje q\u00eb prek njeriun, mir\u00ebpo ajo p\u00ebrb\u00ebn nj\u00eb r\u00ebnd\u00ebsi t\u00eb madhe p\u00ebr ekonomin\u00eb dhe sh\u00ebndetin e popullat\u00ebs s\u00eb derrit, n\u00eb vendin ton\u00eb.<\/p>\n","protected":false},"excerpt":{"rendered":"<p>Jan\u00eb konfirmuar rastet e para t\u00eb murtaj\u00ebs afrikane t\u00eb derrave t\u00eb but\u00eb n\u00eb Shqip\u00ebri. Ministria e Bujq\u00ebsis\u00eb dhe Zhvillimit Rural p\u00ebrmes nj\u00eb njoftim publik, b\u00ebn me dije se jan\u00eb identifikuar disa raste n\u00eb nj\u00eb ferm\u00eb n\u00eb Lezh\u00eb. Mnistria thote se ferma e cila \u00ebsht\u00eb v\u00ebn\u00eb menj\u00ebher\u00eb n\u00eb mbikqyrje veterinare ka q\u00ebn\u00eb n\u00eb zon\u00ebn e survejanc\u00ebs [&hellip;]<\/p>\n","protected":false},"author":5,"featured_media":83199,"comment_status":"closed","ping_status":"closed","sticky":false,"template":"","format":"standard","meta":{"footnotes":""},"categories":[1,7652,6332,29228],"tags":[34592,20740,34591],"class_list":{"0":"post-83198","1":"post","2":"type-post","3":"status-publish","4":"format-standard","5":"has-post-thumbnail","7":"category-aktualitet","8":"category-shendetesi","9":"category-te-fundit","10":"category-vendi","11":"tag-e-konfirmon-ministria-e-bujqesise","12":"tag-ja-se-ku","13":"tag-mberrin-ne-shqiperi-murtaja-afrikane-e-derrave"},"_links":{"self":[{"href":"https:\/\/jugulajm.net\/index.php?rest_route=\/wp\/v2\/posts\/83198","targetHints":{"allow":["GET"]}}],"collection":[{"href":"https:\/\/jugulajm.net\/index.php?rest_route=\/wp\/v2\/posts"}],"about":[{"href":"https:\/\/jugulajm.net\/index.php?rest_route=\/wp\/v2\/types\/post"}],"author":[{"embeddable":true,"href":"https:\/\/jugulajm.net\/index.php?rest_route=\/wp\/v2\/users\/5"}],"replies":[{"embeddable":true,"href":"https:\/\/jugulajm.net\/index.php?rest_route=%2Fwp%2Fv2%2Fcomments&post=83198"}],"version-history":[{"count":0,"href":"https:\/\/jugulajm.net\/index.php?rest_route=\/wp\/v2\/posts\/83198\/revisions"}],"wp:featuredmedia":[{"embeddable":true,"href":"https:\/\/jugulajm.net\/index.php?rest_route=\/wp\/v2\/media\/83199"}],"wp:attachment":[{"href":"https:\/\/jugulajm.net\/index.php?rest_route=%2Fwp%2Fv2%2Fmedia&parent=83198"}],"wp:term":[{"taxonomy":"category","embeddable":true,"href":"https:\/\/jugulajm.net\/index.php?rest_route=%2Fwp%2Fv2%2Fcategories&post=83198"},{"taxonomy":"post_tag","embeddable":true,"href":"https:\/\/jugulajm.net\/index.php?rest_route=%2Fwp%2Fv2%2Ftags&post=83198"}],"curies":[{"name":"wp","href":"https:\/\/api.w.org\/{rel}","templated":true}]}}