{"id":83182,"date":"2024-12-27T12:38:48","date_gmt":"2024-12-27T11:38:48","guid":{"rendered":"https:\/\/jugulajm.net\/?p=83182"},"modified":"2024-12-27T12:41:44","modified_gmt":"2024-12-27T11:41:44","slug":"spak-per-veliajn-ka-te-dhena-per-4-vepra-penale-ja-cilat","status":"publish","type":"post","link":"https:\/\/jugulajm.net\/?p=83182","title":{"rendered":"SPAK: P\u00ebr Veliajn ka t\u00eb dh\u00ebna p\u00ebr 4 vepra penale, ja cilat&#8230;"},"content":{"rendered":"<p>Prokuroria e Posa\u00e7me ka nxjerr detaje n\u00eb lidhje me hetimin q\u00eb po b\u00ebhet ndaj kryebashkiakut t\u00eb Tiran\u00ebs Erion Veliaj. SPAK n\u00eb nj\u00eb p\u00ebrgjigje p\u00ebr A2CNN, thekson se deri m\u00eb tani nga hetimi ekzistojn\u00eb t\u00eb dh\u00ebna p\u00ebr 4 vepra penale.<\/p>\n<p>Sipas SPAK, informacionet p\u00ebr veprat penale mor\u00ebn shkas\u00eb nga nj\u00eb kall\u00ebzim i b\u00ebr\u00eb nga nj\u00eb qytetar i identifikuar Nesti Angoni. Po ashtu SPAK thekson se deri m\u00eb tani jan\u00eb 4 vepra q\u00eb po hetohen, t\u00eb cilat korrupsion pasiv, korrupsion aktiv, pastrim i produkteve (parash) dhe fshehje e pasuris\u00eb.<\/p>\n<p><strong>P\u00ebrgjigja e SPAK:<\/strong><\/p>\n<p><em>N\u00eb p\u00ebrgjigje t\u00eb interesit tuaj ju komunikojme: Mbi baz\u00ebn e informacionit p\u00ebr referimin e vepr\u00ebs penale i dat\u00ebs 08.02.2024- i p\u00ebrpiluar nga hetuesit e Byros\u00eb Komb\u00ebtare t\u00eb Hetimit (BKH), Prokuroria e Posa\u00e7me kund\u00ebr Korrupsionit dhe Krimit t\u00eb Organizuar ka rregjistruar Procedimin Penal nr.27\/2024, i cili fillimisht b\u00ebn fjal\u00eb p\u00ebr vepr\u00ebn penale:\u201cKorrupsion pasiv i funksionar\u00ebve t\u00eb lart\u00eb shtet\u00ebror\u00eb ose i t\u00eb zgjedhurve vendor\u00eb\u201d i parashikuar nga neni 260 i Kodit Penal.<\/em><\/p>\n<p><em>Informacioni p\u00ebr referimin e vepr\u00ebs penale mori shkas nga nj\u00eb kall\u00ebzim i b\u00ebr\u00eb nga shtetasi i vet\u00ebidentifikuar si N.A. Hetuesit e BKH-s\u00eb, pas verifikimit t\u00eb t\u00eb dh\u00ebnave dhe administrimit t\u00eb provave dokumentare, referuan informacionin p\u00ebrkat\u00ebs p\u00ebr vepr\u00ebn penale, mbi baz\u00ebn e t\u00eb cilit u rregjistrua procedimi penal i m\u00ebsip\u00ebrm.<\/em><\/p>\n<p><em>Deri n\u00eb k\u00ebt\u00eb faz\u00eb t\u00eb hetimit paraprak, nga provat e grumbulluara, \u00ebsht\u00eb arritur n\u00eb konkluzionin se ekzistojn\u00eb t\u00eb dh\u00ebna konkrete, t\u00eb cilat lidhen jo vet\u00ebm me vepr\u00ebn penale t\u00eb parashikuar nga neni 260 i Kodit Penal, por edhe me veprat penale: \u201cKorrupsion aktiv i funksionar\u00ebve t\u00eb lart\u00eb shtet\u00ebror\u00eb ose t\u00eb zgjedhurve vendor\u00eb\u201d i parashikuar nga neni 245, \u201cPastrimi i produkteve t\u00eb vepr\u00ebs penale ose veprimtaris\u00eb kriminale\u201d parashikuar nga neni 287\/2 i Kodit Penal dhe \u201cRefuzim p\u00ebr deklarim, mosdeklarim, fshehja ose deklarimi i rrem\u00eb i pasurive, interesave privat\u00eb t\u00eb personave t\u00eb zgjedhur dhe n\u00ebpun\u00ebsve publik\u00eb, ose i \u00e7do personi tjet\u00ebr q\u00eb ka detyrim ligjor p\u00ebr deklarim\u201d parashikuar nga neni 257\/a, pgf 2 i Kodit Penal.\u00a0<\/em><em>K\u00ebto vepra jan\u00eb pasqyruar tashm\u00eb edhe n\u00eb Rregjistrin e Njoftimeve t\u00eb Veprave Penale pran\u00eb Prokuroris\u00eb s\u00eb Posa\u00e7me kund\u00ebr Korrupsionit dhe Krimit t\u00eb Organizuar.<\/em><\/p>\n<p>Kryebashkiaku i Tiran\u00ebs, Erion Veliaj, \u00ebsht\u00eb paraqitur m\u00ebngjesin e dit\u00ebs s\u00eb djeshme n\u00eb ambientet e Prokuroris\u00eb s\u00eb Posa\u00e7me. Veliaj ishte i shoq\u00ebruar nga drejtori juridik i bashkis\u00eb s\u00eb Tiran\u00ebs, Alban Dokushi ka q\u00ebndruar n\u00eb ambientet e SPAK p\u00ebr m\u00eb shum\u00eb se 5 or\u00eb.<\/p>\n<p>M\u00ebngjesin e 6 dhjetorit me urdh\u00ebr t\u00eb Gjykat\u00ebs s\u00eb Posa\u00e7me kund\u00ebr Korrupsionit dhe Krimit t\u00eb Organizuar, oficer\u00ebt e policis\u00eb gjyq\u00ebsore ushtruan kontrolle n\u00eb zyrat e kompanis\u00eb s\u00eb bashk\u00ebshortes s\u00eb kryebashkiakut t\u00eb Tiran\u00ebs Erion Veliaj, nd\u00ebrsa m\u00eb par\u00eb i kishin sekuestruar dhe telefonin celular.<\/p>\n<p>Kontrolle u ushtruan dhe n\u00eb banes\u00ebn e v\u00ebllait t\u00eb Veliajt. Vet\u00eb Prokuroria e Posa\u00e7me nuk dha detaje, por u mjaftua t\u00eb shpjegoj\u00eb se ka kryer disa &#8220;veprime hetimore n\u00eb kuad\u00ebr t\u00eb nj\u00eb procedimi penal&#8221;.\u00a0Ndaj Veliajt ka nisur nj\u00eb hetim pasuror, nd\u00ebrsa po shihet dhe roli i tij n\u00eb rastin e inceneratorit t\u00eb Tiran\u00ebs si dhe n\u00eb \u00e7\u00ebshtjen e kompanis\u00eb &#8220;5D&#8221;, q\u00eb zot\u00ebrohej nga ish-drejtor\u00eb t\u00eb Bashkis\u00eb. Veliaj reagoi n\u00eb mbr\u00ebmje e 6 dhjetorit duke deklaruar se mb\u00ebshtet n\u00eb \u00e7do hap veprimet e Prokuroris\u00eb.<\/p>\n","protected":false},"excerpt":{"rendered":"<p>Prokuroria e Posa\u00e7me ka nxjerr detaje n\u00eb lidhje me hetimin q\u00eb po b\u00ebhet ndaj kryebashkiakut t\u00eb Tiran\u00ebs Erion Veliaj. SPAK n\u00eb nj\u00eb p\u00ebrgjigje p\u00ebr A2CNN, thekson se deri m\u00eb tani nga hetimi ekzistojn\u00eb t\u00eb dh\u00ebna p\u00ebr 4 vepra penale. Sipas SPAK, informacionet p\u00ebr veprat penale mor\u00ebn shkas\u00eb nga nj\u00eb kall\u00ebzim i b\u00ebr\u00eb nga nj\u00eb qytetar [&hellip;]<\/p>\n","protected":false},"author":5,"featured_media":83184,"comment_status":"closed","ping_status":"closed","sticky":false,"template":"","format":"standard","meta":{"footnotes":""},"categories":[1,6326,6332,29228],"tags":[21504,34587],"class_list":{"0":"post-83182","1":"post","2":"type-post","3":"status-publish","4":"format-standard","5":"has-post-thumbnail","7":"category-aktualitet","8":"category-politike","9":"category-te-fundit","10":"category-vendi","11":"tag-ja-cilat","12":"tag-spak-per-veliajn-ka-te-dhena-per-4-vepra-penale"},"_links":{"self":[{"href":"https:\/\/jugulajm.net\/index.php?rest_route=\/wp\/v2\/posts\/83182","targetHints":{"allow":["GET"]}}],"collection":[{"href":"https:\/\/jugulajm.net\/index.php?rest_route=\/wp\/v2\/posts"}],"about":[{"href":"https:\/\/jugulajm.net\/index.php?rest_route=\/wp\/v2\/types\/post"}],"author":[{"embeddable":true,"href":"https:\/\/jugulajm.net\/index.php?rest_route=\/wp\/v2\/users\/5"}],"replies":[{"embeddable":true,"href":"https:\/\/jugulajm.net\/index.php?rest_route=%2Fwp%2Fv2%2Fcomments&post=83182"}],"version-history":[{"count":0,"href":"https:\/\/jugulajm.net\/index.php?rest_route=\/wp\/v2\/posts\/83182\/revisions"}],"wp:featuredmedia":[{"embeddable":true,"href":"https:\/\/jugulajm.net\/index.php?rest_route=\/wp\/v2\/media\/83184"}],"wp:attachment":[{"href":"https:\/\/jugulajm.net\/index.php?rest_route=%2Fwp%2Fv2%2Fmedia&parent=83182"}],"wp:term":[{"taxonomy":"category","embeddable":true,"href":"https:\/\/jugulajm.net\/index.php?rest_route=%2Fwp%2Fv2%2Fcategories&post=83182"},{"taxonomy":"post_tag","embeddable":true,"href":"https:\/\/jugulajm.net\/index.php?rest_route=%2Fwp%2Fv2%2Ftags&post=83182"}],"curies":[{"name":"wp","href":"https:\/\/api.w.org\/{rel}","templated":true}]}}