{"id":83167,"date":"2024-12-26T14:20:59","date_gmt":"2024-12-26T13:20:59","guid":{"rendered":"https:\/\/jugulajm.net\/?p=83167"},"modified":"2024-12-26T14:20:59","modified_gmt":"2024-12-26T13:20:59","slug":"emrat-3-mjeke-pezullohen-nga-detyra-ja-arsyeja","status":"publish","type":"post","link":"https:\/\/jugulajm.net\/?p=83167","title":{"rendered":"EMRAT\/ 3 mjek\u00eb pezullohen nga detyra, ja arsyeja&#8230;"},"content":{"rendered":"<p>Tre mjek\u00eb t\u00eb spitalit t\u00eb Fierit jan\u00eb pezulluar nga detyra pasi akuzohen se kan\u00eb neglizhuar trajtimin mjek\u00ebsor t\u00eb nj\u00eb 54 vje\u00e7ari, i cili humbi jet\u00ebn 2 vite m\u00eb par\u00eb.<\/p>\n<p>54 vje\u00e7ari humbi jet\u00ebn n\u00eb muajin shkurt t\u00eb 2022-it nd\u00ebrsa mjek\u00ebt Blendi Dhespollari, Ilva \u00c7uni dhe Klajdi Jesini dyshohet se kan\u00eb neglizhuar trajtimin mjek\u00ebsor t\u00eb tij.<\/p>\n<p>\u201cKomisariati i Policis\u00eb Fier ekzekutoi masat e caktuara m\u00eb dat\u00eb 21.12.2024, nga Gjykata e Shkall\u00ebs s\u00eb Par\u00eb t\u00eb Juridiksionit t\u00eb P\u00ebrgjithsh\u00ebm Fier, p\u00ebr 3 shtetas. Konkretisht, p\u00ebr shtetasin: Blendi Dhespollari, 56 vje\u00e7, masa \u201cPezullimi i ushtrimit t\u00eb nj\u00eb detyre apo sh\u00ebrbimi publik\u201d;<\/p>\n<p>Ilva \u00c7uni,29 vje\u00e7e, masa \u201cPezullimi i ushtrimit t\u00eb nj\u00eb detyre apo sh\u00ebrbimi publik\u201d; Klajdi Jasini, 40 vje\u00e7, masa \u201cDetyrimi p\u00ebr t\u2019u paraqitur n\u00eb Policin\u00eb Gjyq\u00ebsore\u201d.<\/p>\n<p>K\u00ebta shtetas, me profesion mjek\u00eb n\u00eb spitalin rajonal t\u00eb Fierit, dyshohet se kan\u00eb neglizhuar trajtimin mjek\u00ebsor t\u00eb shtetasit A. Sh., 54 vje\u00e7, dhe si pasoj\u00eb 54-vje\u00e7ari ka humbur jet\u00ebn m\u00eb dat\u00eb 03.02.2022\u201d- thuhet n\u00eb njoftimin e policis\u00eb.<\/p>\n<p>Materialet procedurale i kaluan Prokuroris\u00eb s\u00eb Fierit, p\u00ebr veprime t\u00eb m\u00ebtejshme.<\/p>\n","protected":false},"excerpt":{"rendered":"<p>Tre mjek\u00eb t\u00eb spitalit t\u00eb Fierit jan\u00eb pezulluar nga detyra pasi akuzohen se kan\u00eb neglizhuar trajtimin mjek\u00ebsor t\u00eb nj\u00eb 54 vje\u00e7ari, i cili humbi jet\u00ebn 2 vite m\u00eb par\u00eb. 54 vje\u00e7ari humbi jet\u00ebn n\u00eb muajin shkurt t\u00eb 2022-it nd\u00ebrsa mjek\u00ebt Blendi Dhespollari, Ilva \u00c7uni dhe Klajdi Jesini dyshohet se kan\u00eb neglizhuar trajtimin mjek\u00ebsor t\u00eb tij. [&hellip;]<\/p>\n","protected":false},"author":5,"featured_media":78723,"comment_status":"closed","ping_status":"closed","sticky":false,"template":"","format":"standard","meta":{"footnotes":""},"categories":[1,6332,29228],"tags":[34583,20856],"class_list":{"0":"post-83167","1":"post","2":"type-post","3":"status-publish","4":"format-standard","5":"has-post-thumbnail","7":"category-aktualitet","8":"category-te-fundit","9":"category-vendi","10":"tag-emrat-3-mjeke-pezullohen-nga-detyra","11":"tag-ja-arsyeja"},"_links":{"self":[{"href":"https:\/\/jugulajm.net\/index.php?rest_route=\/wp\/v2\/posts\/83167","targetHints":{"allow":["GET"]}}],"collection":[{"href":"https:\/\/jugulajm.net\/index.php?rest_route=\/wp\/v2\/posts"}],"about":[{"href":"https:\/\/jugulajm.net\/index.php?rest_route=\/wp\/v2\/types\/post"}],"author":[{"embeddable":true,"href":"https:\/\/jugulajm.net\/index.php?rest_route=\/wp\/v2\/users\/5"}],"replies":[{"embeddable":true,"href":"https:\/\/jugulajm.net\/index.php?rest_route=%2Fwp%2Fv2%2Fcomments&post=83167"}],"version-history":[{"count":0,"href":"https:\/\/jugulajm.net\/index.php?rest_route=\/wp\/v2\/posts\/83167\/revisions"}],"wp:featuredmedia":[{"embeddable":true,"href":"https:\/\/jugulajm.net\/index.php?rest_route=\/wp\/v2\/media\/78723"}],"wp:attachment":[{"href":"https:\/\/jugulajm.net\/index.php?rest_route=%2Fwp%2Fv2%2Fmedia&parent=83167"}],"wp:term":[{"taxonomy":"category","embeddable":true,"href":"https:\/\/jugulajm.net\/index.php?rest_route=%2Fwp%2Fv2%2Fcategories&post=83167"},{"taxonomy":"post_tag","embeddable":true,"href":"https:\/\/jugulajm.net\/index.php?rest_route=%2Fwp%2Fv2%2Ftags&post=83167"}],"curies":[{"name":"wp","href":"https:\/\/api.w.org\/{rel}","templated":true}]}}