{"id":83114,"date":"2024-12-24T15:58:35","date_gmt":"2024-12-24T14:58:35","guid":{"rendered":"https:\/\/jugulajm.net\/?p=83114"},"modified":"2024-12-25T15:15:37","modified_gmt":"2024-12-25T14:15:37","slug":"foto-49-vjecarja-vrau-bashkeshortin-publikohet-fotoja-e-ciftit-tahiraj","status":"publish","type":"post","link":"https:\/\/jugulajm.net\/?p=83114","title":{"rendered":"FOTO\/ 49-vje\u00e7arja vrau bashk\u00ebshortin, publikohet fotoja e \u00e7iftit Tahiraj"},"content":{"rendered":"<p>\u00cbsht\u00eb publikuar fotoja e autores dhe viktim\u00ebs s\u00eb ngjarjes t\u00eb ndodhur n\u00eb Sarand\u00eb, ku Elvira Tahiraj goditi me s\u00ebpat\u00eb ne kok\u00eb, duke e l\u00ebn\u00eb t\u00eb vdekur bashk\u00ebshortin e saj, Llazar Tahiraj.<\/p>\n<p>Krimi n\u00eb familje m\u00ebsohet se ka ndodhur n\u00eb or\u00ebt e para t\u00eb m\u00ebngjesit n\u00eb fshatin Metoq.\u00a0Sipas informacioneve paraprake, 49-vje\u00e7arja, Elvira Tahiraj e ka goditur p\u00ebr vdekje bashk\u00ebshortin e saj, Llazar Tahiraj 55 vje\u00e7 me s\u00ebpat\u00eb n\u00eb kok\u00eb, pas nj\u00eb konflikti mes tyre.<\/p>\n<p>Gruaja \u00ebsht\u00eb\u00a0shoq\u00ebruar n\u00eb ambientet e Komisariatit t\u00eb Sarand\u00ebs.<\/p>\n","protected":false},"excerpt":{"rendered":"<p>\u00cbsht\u00eb publikuar fotoja e autores dhe viktim\u00ebs s\u00eb ngjarjes t\u00eb ndodhur n\u00eb Sarand\u00eb, ku Elvira Tahiraj goditi me s\u00ebpat\u00eb ne kok\u00eb, duke e l\u00ebn\u00eb t\u00eb vdekur bashk\u00ebshortin e saj, Llazar Tahiraj. Krimi n\u00eb familje m\u00ebsohet se ka ndodhur n\u00eb or\u00ebt e para t\u00eb m\u00ebngjesit n\u00eb fshatin Metoq.\u00a0Sipas informacioneve paraprake, 49-vje\u00e7arja, Elvira Tahiraj e ka goditur [&hellip;]<\/p>\n","protected":false},"author":5,"featured_media":47270,"comment_status":"closed","ping_status":"closed","sticky":false,"template":"","format":"standard","meta":{"footnotes":""},"categories":[1,6332,29228],"tags":[34562,34563],"class_list":{"0":"post-83114","1":"post","2":"type-post","3":"status-publish","4":"format-standard","5":"has-post-thumbnail","7":"category-aktualitet","8":"category-te-fundit","9":"category-vendi","10":"tag-foto-49-vjecarja-vrau-bashkeshortin","11":"tag-publikohet-fotoja-e-ciftit-tahiraj"},"_links":{"self":[{"href":"https:\/\/jugulajm.net\/index.php?rest_route=\/wp\/v2\/posts\/83114","targetHints":{"allow":["GET"]}}],"collection":[{"href":"https:\/\/jugulajm.net\/index.php?rest_route=\/wp\/v2\/posts"}],"about":[{"href":"https:\/\/jugulajm.net\/index.php?rest_route=\/wp\/v2\/types\/post"}],"author":[{"embeddable":true,"href":"https:\/\/jugulajm.net\/index.php?rest_route=\/wp\/v2\/users\/5"}],"replies":[{"embeddable":true,"href":"https:\/\/jugulajm.net\/index.php?rest_route=%2Fwp%2Fv2%2Fcomments&post=83114"}],"version-history":[{"count":0,"href":"https:\/\/jugulajm.net\/index.php?rest_route=\/wp\/v2\/posts\/83114\/revisions"}],"wp:featuredmedia":[{"embeddable":true,"href":"https:\/\/jugulajm.net\/index.php?rest_route=\/wp\/v2\/media\/47270"}],"wp:attachment":[{"href":"https:\/\/jugulajm.net\/index.php?rest_route=%2Fwp%2Fv2%2Fmedia&parent=83114"}],"wp:term":[{"taxonomy":"category","embeddable":true,"href":"https:\/\/jugulajm.net\/index.php?rest_route=%2Fwp%2Fv2%2Fcategories&post=83114"},{"taxonomy":"post_tag","embeddable":true,"href":"https:\/\/jugulajm.net\/index.php?rest_route=%2Fwp%2Fv2%2Ftags&post=83114"}],"curies":[{"name":"wp","href":"https:\/\/api.w.org\/{rel}","templated":true}]}}