{"id":83071,"date":"2024-12-22T21:17:50","date_gmt":"2024-12-22T20:17:50","guid":{"rendered":"https:\/\/jugulajm.net\/?p=83071"},"modified":"2024-12-22T21:18:31","modified_gmt":"2024-12-22T20:18:31","slug":"rama-mbyll-tik-tok-un-eksperti-i-it-ja-menyrat-per-te-pasur-aplikacionin","status":"publish","type":"post","link":"https:\/\/jugulajm.net\/?p=83071","title":{"rendered":"Rama mbyll &#8220;Tik Tok-un&#8221;, eksperti i IT: Ja m\u00ebnyrat p\u00ebr t\u00eb pasur aplikacionin"},"content":{"rendered":"<p>Tomi Kallanxhi, ekspert IT, n\u00eb studion e News24 n\u00eb nj\u00eb intervist\u00eb me gazetaren Dajlana Sejdia tha se \u00ebsht\u00eb e pamundur q\u00eb t\u00eb bllokohet aplikacioni. Eksperti theksoi se mund\u00ebsia p\u00ebr t\u00eb mos arritur mbylljen e Tik Tok \u00ebsht\u00eb mbi 97%, nd\u00ebrsa e konsideroi si show vendimin e Kryeministrit.<\/p>\n<p>N\u00eb vijim, Kallanxhi tregoi disa nga m\u00ebnyrat q\u00eb mund t\u00eb p\u00ebrdorin qytetar\u00ebt p\u00ebr t\u00eb pasur akses n\u00eb k\u00ebt\u00eb platform\u00eb.<\/p>\n<p>Ai tha se mund t\u00eb blihet nj\u00eb kart\u00eb ISIM, e cila t\u00eb jep mund\u00ebsin\u00eb q\u00eb t\u00eb p\u00ebrdor\u00ebsh kompani jo shqiptare t\u00eb komunikacionit, pra p\u00ebrdor IP jo nga kompanit\u00eb shqiptare.<\/p>\n<p>\u201cNj\u00eb nga teknologjit\u00eb e reja \u00ebsht\u00eb Starlink, kompania e Elon Musk, q\u00eb mund t\u00eb marr\u00ebsh internetin satelitor, pra e ke t\u00eb v\u00ebshtir\u00eb t\u00eb gjurmosh\u201d, tha Kallanxhi.<\/p>\n<p>Ai u shpreh se ndoshta Kryeministri do t\u00eb krijoj\u00eb nj\u00eb alibi, pasi edhe n\u00eb SHBA, i \u00ebsht\u00eb dh\u00ebn\u00eb koh\u00eb Tik Tok, q\u00eb t\u00eb shes\u00eb aksionet.<br \/>\n\u201cN\u00ebse n\u00eb SHBA do t\u00eb mbyllet ai \u00ebsht\u00eb n\u00eb t\u00eb nj\u00ebjtin linj\u00eb me SHBA, por Presidenti Trump \u00ebsht\u00eb shprehur pro k\u00ebtij aplikacioni\u201d, tha eksperti.<\/p>\n<p>Ai shtoi se asnj\u00eb nga shtetet nuk ka dal\u00eb n\u00eb nj\u00eb vendim p\u00ebr mbyllje, nd\u00ebrsa n\u00eb Australi \u00ebsht\u00eb kufizuar deri n\u00eb mosh\u00ebn 16 vjec.<br \/>\n\u201cAta mund t\u00eb heqin p\u00ebrdorimin e aplikacionit, por shumica e njer\u00ebzve e kan\u00eb shkarkuar. Ata mund ta b\u00ebjn\u00eb p\u00ebr storin e Shqip\u00ebris\u00eb, por ti ndryshon storin e vendos Kosova dhe nuk mund t\u00eb bllokohet.<\/p>\n<p>T\u00eb duash t\u00eb ndalosh teknologjin\u00eb \u00ebsht\u00eb nj\u00eblloj si t\u00eb marr\u00ebsh nj\u00eb buding dhe ta ngul\u00ebsh n\u00eb mur me nj\u00eb gozhd\u00eb.<ins id=\"revive-0-24\" data-revive-zoneid=\"475\" data-revive-id=\"865a9b17001ac752b0bc1ea1f790187c\" data-revive-seq=\"24\" data-revive-loaded=\"1\"><\/ins><\/p>\n<p>Ai e paraqiti vendimin si t\u00eb Kryeministrit dhe jo t\u00eb shqiptar\u00ebve\u201d, tha Kallanxhi.<\/p>\n<p>N\u00eb vijim ai b\u00ebri edhe nj\u00eb pyetje ironike, duke u shprehur \u201cpo personat q\u00eb do t\u00eb p\u00ebrdorin Tik Tok do t\u00eb arrestohen, p\u00ebrsa koh\u00eb p\u00ebrdorimi i tij konsiderohet i paligjsh\u00ebm p\u00ebr 1 vit?\u201d.<\/p>\n<p>Ai u shpreh se Kryeministri do t\u00eb t\u00ebrhiqet nga vendimi, ndoshta mund t\u00eb p\u00ebrdor\u00eb m\u00ebnyr\u00ebn e Australis\u00eb q\u00eb t\u00eb kufizoj\u00eb mosh\u00ebn.<\/p>\n","protected":false},"excerpt":{"rendered":"<p>Tomi Kallanxhi, ekspert IT, n\u00eb studion e News24 n\u00eb nj\u00eb intervist\u00eb me gazetaren Dajlana Sejdia tha se \u00ebsht\u00eb e pamundur q\u00eb t\u00eb bllokohet aplikacioni. Eksperti theksoi se mund\u00ebsia p\u00ebr t\u00eb mos arritur mbylljen e Tik Tok \u00ebsht\u00eb mbi 97%, nd\u00ebrsa e konsideroi si show vendimin e Kryeministrit. N\u00eb vijim, Kallanxhi tregoi disa nga m\u00ebnyrat q\u00eb [&hellip;]<\/p>\n","protected":false},"author":5,"featured_media":83072,"comment_status":"closed","ping_status":"closed","sticky":false,"template":"","format":"standard","meta":{"footnotes":""},"categories":[6332],"tags":[34543,34542],"class_list":{"0":"post-83071","1":"post","2":"type-post","3":"status-publish","4":"format-standard","5":"has-post-thumbnail","7":"category-te-fundit","8":"tag-eksperti-i-it-ja-menyrat-per-te-pasur-aplikacionin","9":"tag-rama-mbyll-tik-tok-un"},"_links":{"self":[{"href":"https:\/\/jugulajm.net\/index.php?rest_route=\/wp\/v2\/posts\/83071","targetHints":{"allow":["GET"]}}],"collection":[{"href":"https:\/\/jugulajm.net\/index.php?rest_route=\/wp\/v2\/posts"}],"about":[{"href":"https:\/\/jugulajm.net\/index.php?rest_route=\/wp\/v2\/types\/post"}],"author":[{"embeddable":true,"href":"https:\/\/jugulajm.net\/index.php?rest_route=\/wp\/v2\/users\/5"}],"replies":[{"embeddable":true,"href":"https:\/\/jugulajm.net\/index.php?rest_route=%2Fwp%2Fv2%2Fcomments&post=83071"}],"version-history":[{"count":0,"href":"https:\/\/jugulajm.net\/index.php?rest_route=\/wp\/v2\/posts\/83071\/revisions"}],"wp:featuredmedia":[{"embeddable":true,"href":"https:\/\/jugulajm.net\/index.php?rest_route=\/wp\/v2\/media\/83072"}],"wp:attachment":[{"href":"https:\/\/jugulajm.net\/index.php?rest_route=%2Fwp%2Fv2%2Fmedia&parent=83071"}],"wp:term":[{"taxonomy":"category","embeddable":true,"href":"https:\/\/jugulajm.net\/index.php?rest_route=%2Fwp%2Fv2%2Fcategories&post=83071"},{"taxonomy":"post_tag","embeddable":true,"href":"https:\/\/jugulajm.net\/index.php?rest_route=%2Fwp%2Fv2%2Ftags&post=83071"}],"curies":[{"name":"wp","href":"https:\/\/api.w.org\/{rel}","templated":true}]}}