{"id":83039,"date":"2024-12-21T10:58:54","date_gmt":"2024-12-21T09:58:54","guid":{"rendered":"https:\/\/jugulajm.net\/?p=83039"},"modified":"2024-12-21T10:58:54","modified_gmt":"2024-12-21T09:58:54","slug":"benz-i-merr-zjarr-ne-ecje-ja-dyshimet","status":"publish","type":"post","link":"https:\/\/jugulajm.net\/?p=83039","title":{"rendered":"&#8220;Benz-i&#8221; merr zjarr n\u00eb ecje, ja dyshimet&#8230;"},"content":{"rendered":"<p>Nj\u00eb automjet tip \u2018Benz\u2019 \u00ebsht\u00eb p\u00ebrfshir\u00eb nga flak\u00ebt nd\u00ebrsa ishte n\u00eb l\u00ebvizje n\u00eb bypassin e Vlor\u00ebs, pran\u00eb fshatit Kanin\u00eb.<\/p>\n<p>Flak\u00ebt kan\u00eb p\u00ebrfshir\u00eb automjetin totalisht, nd\u00ebrsa dyshohet se shk\u00ebndija elektrike ka shkaktuar zjarrin.<\/p>\n<p>N\u00eb vendin e ngjarjes ka shkuar menj\u00ebher\u00eb nj\u00eb automjet zjarrfik\u00ebs p\u00ebr t\u00eb shuar flak\u00ebt.<\/p>\n<p>Si pasoj\u00eb e rrjedhjes s\u00eb gazit, makina ka shp\u00ebrthyer n\u00eb flak\u00eb, por fatmir\u00ebsisht nuk ka pasur persona t\u00eb l\u00ebnduar.<\/p>\n","protected":false},"excerpt":{"rendered":"<p>Nj\u00eb automjet tip \u2018Benz\u2019 \u00ebsht\u00eb p\u00ebrfshir\u00eb nga flak\u00ebt nd\u00ebrsa ishte n\u00eb l\u00ebvizje n\u00eb bypassin e Vlor\u00ebs, pran\u00eb fshatit Kanin\u00eb. Flak\u00ebt kan\u00eb p\u00ebrfshir\u00eb automjetin totalisht, nd\u00ebrsa dyshohet se shk\u00ebndija elektrike ka shkaktuar zjarrin. N\u00eb vendin e ngjarjes ka shkuar menj\u00ebher\u00eb nj\u00eb automjet zjarrfik\u00ebs p\u00ebr t\u00eb shuar flak\u00ebt. Si pasoj\u00eb e rrjedhjes s\u00eb gazit, makina ka shp\u00ebrthyer [&hellip;]<\/p>\n","protected":false},"author":5,"featured_media":49306,"comment_status":"closed","ping_status":"closed","sticky":false,"template":"","format":"standard","meta":{"footnotes":""},"categories":[1,6332,29228],"tags":[34523,20344],"class_list":{"0":"post-83039","1":"post","2":"type-post","3":"status-publish","4":"format-standard","5":"has-post-thumbnail","7":"category-aktualitet","8":"category-te-fundit","9":"category-vendi","10":"tag-benz-i-merr-zjarr-ne-ecje","11":"tag-ja-dyshimet"},"_links":{"self":[{"href":"https:\/\/jugulajm.net\/index.php?rest_route=\/wp\/v2\/posts\/83039","targetHints":{"allow":["GET"]}}],"collection":[{"href":"https:\/\/jugulajm.net\/index.php?rest_route=\/wp\/v2\/posts"}],"about":[{"href":"https:\/\/jugulajm.net\/index.php?rest_route=\/wp\/v2\/types\/post"}],"author":[{"embeddable":true,"href":"https:\/\/jugulajm.net\/index.php?rest_route=\/wp\/v2\/users\/5"}],"replies":[{"embeddable":true,"href":"https:\/\/jugulajm.net\/index.php?rest_route=%2Fwp%2Fv2%2Fcomments&post=83039"}],"version-history":[{"count":0,"href":"https:\/\/jugulajm.net\/index.php?rest_route=\/wp\/v2\/posts\/83039\/revisions"}],"wp:featuredmedia":[{"embeddable":true,"href":"https:\/\/jugulajm.net\/index.php?rest_route=\/wp\/v2\/media\/49306"}],"wp:attachment":[{"href":"https:\/\/jugulajm.net\/index.php?rest_route=%2Fwp%2Fv2%2Fmedia&parent=83039"}],"wp:term":[{"taxonomy":"category","embeddable":true,"href":"https:\/\/jugulajm.net\/index.php?rest_route=%2Fwp%2Fv2%2Fcategories&post=83039"},{"taxonomy":"post_tag","embeddable":true,"href":"https:\/\/jugulajm.net\/index.php?rest_route=%2Fwp%2Fv2%2Ftags&post=83039"}],"curies":[{"name":"wp","href":"https:\/\/api.w.org\/{rel}","templated":true}]}}