{"id":83025,"date":"2024-12-20T16:31:40","date_gmt":"2024-12-20T15:31:40","guid":{"rendered":"https:\/\/jugulajm.net\/?p=83025"},"modified":"2024-12-20T16:31:40","modified_gmt":"2024-12-20T15:31:40","slug":"vrane-babane-prokuroria-dergon-per-gjykim-3-femijet-e-pellumb-metes","status":"publish","type":"post","link":"https:\/\/jugulajm.net\/?p=83025","title":{"rendered":"Vran\u00eb baban\u00eb, Prokuroria d\u00ebrgon p\u00ebr gjykim 3 f\u00ebmij\u00ebt e P\u00ebllumb Met\u00ebs"},"content":{"rendered":"<p>Prokuroria e Durr\u00ebsit p\u00ebrfundon hetimet dhe dor\u00ebzon p\u00ebr gjykim dosjen penale p\u00ebr Hysen, Hygerta dhe Amarildo Met\u00ebn. P\u00ebr Hygerta Met\u00ebn dhe v\u00ebllan\u00eb Hyseni \u00ebsht\u00eb ngritur akuza e vrasjes me paramendim, nd\u00ebrsa p\u00ebr Amarildo Met\u00ebn vet\u00ebm akuz\u00eb e asgj\u00ebsimit t\u00eb kufom\u00ebs.<\/p>\n<p>Ngjarja e r\u00ebnd\u00eb, arsyet e s\u00eb cil\u00ebs mbeten ende mister, ndodhi m\u00eb 10 shkurt, por u zbulua nga policia vet\u00ebm m\u00eb 24 shkurt, disa dit\u00eb pasi djali i madh i viktim\u00ebs, Hyseni, denoncoi zhdukjen e t\u00eb atit.<\/p>\n<p>Hygerta dhe Hysen Meta akuzohen se kan\u00eb vrar\u00eb t\u00eb atin, nd\u00ebrsa dyshohet se n\u00eb bashk\u00ebpunim me v\u00ebllain e tyre Amarildon, m\u00eb pas e gropos\u00ebn n\u00eb sall\u00ebn e bag\u00ebtive, ku edhe u gjet trupi i pajet\u00eb i viktim\u00ebs.<\/p>\n<p>25-vje\u00e7ari Hysen Meta akuzoi t\u00eb motr\u00ebn, Hygert\u00ebn, 19-vje\u00e7are, si autore t\u00eb krimit duke u shprehur se ishte ajo q\u00eb e q\u00eblloi p\u00ebr vdekje t\u00eb atin.<\/p>\n<p>\u201cKam qen\u00eb prezent dhe e kam par\u00eb, ishte motra e vog\u00ebl q\u00eb e q\u00eblloi. Donte ta fejonte me zor babai\u201d, tha i riu gjat\u00eb seanc\u00ebs gjyq\u00ebsore t\u00eb zhvilluar m\u00eb 26 Shkurt.<\/p>\n<p>Nd\u00ebrsa, gjat\u00eb d\u00ebshmis\u00eb s\u00eb dh\u00ebn\u00eb para togave t\u00eb zeza, Hygerta Meta ka deklaruar se ajo \u00ebsht\u00eb autore e krimit makab\u00ebr.<\/p>\n","protected":false},"excerpt":{"rendered":"<p>Prokuroria e Durr\u00ebsit p\u00ebrfundon hetimet dhe dor\u00ebzon p\u00ebr gjykim dosjen penale p\u00ebr Hysen, Hygerta dhe Amarildo Met\u00ebn. P\u00ebr Hygerta Met\u00ebn dhe v\u00ebllan\u00eb Hyseni \u00ebsht\u00eb ngritur akuza e vrasjes me paramendim, nd\u00ebrsa p\u00ebr Amarildo Met\u00ebn vet\u00ebm akuz\u00eb e asgj\u00ebsimit t\u00eb kufom\u00ebs. Ngjarja e r\u00ebnd\u00eb, arsyet e s\u00eb cil\u00ebs mbeten ende mister, ndodhi m\u00eb 10 shkurt, por [&hellip;]<\/p>\n","protected":false},"author":5,"featured_media":72004,"comment_status":"closed","ping_status":"closed","sticky":false,"template":"","format":"standard","meta":{"footnotes":""},"categories":[1,6332,29228],"tags":[34517,34516],"class_list":{"0":"post-83025","1":"post","2":"type-post","3":"status-publish","4":"format-standard","5":"has-post-thumbnail","7":"category-aktualitet","8":"category-te-fundit","9":"category-vendi","10":"tag-prokuroria-dergon-per-gjykim-3-femijet-e-pellumb-metes","11":"tag-vrane-babane"},"_links":{"self":[{"href":"https:\/\/jugulajm.net\/index.php?rest_route=\/wp\/v2\/posts\/83025","targetHints":{"allow":["GET"]}}],"collection":[{"href":"https:\/\/jugulajm.net\/index.php?rest_route=\/wp\/v2\/posts"}],"about":[{"href":"https:\/\/jugulajm.net\/index.php?rest_route=\/wp\/v2\/types\/post"}],"author":[{"embeddable":true,"href":"https:\/\/jugulajm.net\/index.php?rest_route=\/wp\/v2\/users\/5"}],"replies":[{"embeddable":true,"href":"https:\/\/jugulajm.net\/index.php?rest_route=%2Fwp%2Fv2%2Fcomments&post=83025"}],"version-history":[{"count":0,"href":"https:\/\/jugulajm.net\/index.php?rest_route=\/wp\/v2\/posts\/83025\/revisions"}],"wp:featuredmedia":[{"embeddable":true,"href":"https:\/\/jugulajm.net\/index.php?rest_route=\/wp\/v2\/media\/72004"}],"wp:attachment":[{"href":"https:\/\/jugulajm.net\/index.php?rest_route=%2Fwp%2Fv2%2Fmedia&parent=83025"}],"wp:term":[{"taxonomy":"category","embeddable":true,"href":"https:\/\/jugulajm.net\/index.php?rest_route=%2Fwp%2Fv2%2Fcategories&post=83025"},{"taxonomy":"post_tag","embeddable":true,"href":"https:\/\/jugulajm.net\/index.php?rest_route=%2Fwp%2Fv2%2Ftags&post=83025"}],"curies":[{"name":"wp","href":"https:\/\/api.w.org\/{rel}","templated":true}]}}