{"id":82832,"date":"2024-12-15T15:06:49","date_gmt":"2024-12-15T14:06:49","guid":{"rendered":"https:\/\/jugulajm.net\/?p=82832"},"modified":"2024-12-15T15:06:49","modified_gmt":"2024-12-15T14:06:49","slug":"greqi-detaje-nga-atentati-ndaj-2-shqiptareve-flet-deshmitarja-autoret-ishin-veshur-me-te-zeza-dhe","status":"publish","type":"post","link":"https:\/\/jugulajm.net\/?p=82832","title":{"rendered":"Greqi\/ Detaje nga atentati ndaj 2 shqiptar\u00ebve, flet deshmitarja: Autor\u00ebt ishin veshur me t\u00eb zeza dhe&#8230;"},"content":{"rendered":"<p>Detaje kan\u00eb dal\u00eb n\u00eb drit\u00eb nga media greke p\u00ebr atentatin mafioz ndaj dy shqiptar\u00ebve n\u00eb Athin\u00eb, ku nj\u00ebri prej tyre u vra me plumb n\u00eb kok\u00eb.<\/p>\n<p>Sipas d\u00ebshmitar\u00ebve q\u00eb kan\u00eb par\u00eb ngjarjen, autor\u00ebt u jan\u00eb afruar dy shqiptar\u00ebve n\u00eb k\u00ebmb\u00eb dhe m\u00eb pas i kan\u00eb q\u00eblluar me arm\u00eb zjarri.<\/p>\n<p>\u201cD\u00ebgjuam t\u00eb sht\u00ebna, pam\u00eb njer\u00ebz me t\u00eb zeza te lishar\u00ebset. N\u00eb fillim menduam se po hidhnin fishekzjarr\u00eb. Pastaj, pam\u00eb nj\u00eb djal\u00eb q\u00eb th\u00ebrriste \u2018i kan\u00eb vrar\u00eb, i kan\u00eb goditur\u2019. Policia erdhi relativisht shpejt, m\u00eb pas filluan t\u00eb mblidheshin njer\u00ebz, sepse n\u00eb fillim nuk e kishin kuptuar \u00e7far\u00eb kishte ndodhur&#8221;, thot\u00eb nj\u00eb d\u00ebshmitare.<\/p>\n<p>Makina me t\u00eb cil\u00ebn autor\u00ebt kan\u00eb l\u00ebvizur ka qene sipas grupit hetimor e vjedhur m\u00ebngjesin e s\u00eb diel\u00ebs, \u00e7ka i b\u00ebn ata t\u00eb dyshojn\u00eb se atentati \u00ebsht\u00eb planifikuar me koh\u00eb dhe se autor\u00ebt mund t\u00eb jen\u00eb pjes\u00eb e grupeve rivale.<\/p>\n","protected":false},"excerpt":{"rendered":"<p>Detaje kan\u00eb dal\u00eb n\u00eb drit\u00eb nga media greke p\u00ebr atentatin mafioz ndaj dy shqiptar\u00ebve n\u00eb Athin\u00eb, ku nj\u00ebri prej tyre u vra me plumb n\u00eb kok\u00eb. Sipas d\u00ebshmitar\u00ebve q\u00eb kan\u00eb par\u00eb ngjarjen, autor\u00ebt u jan\u00eb afruar dy shqiptar\u00ebve n\u00eb k\u00ebmb\u00eb dhe m\u00eb pas i kan\u00eb q\u00eblluar me arm\u00eb zjarri. \u201cD\u00ebgjuam t\u00eb sht\u00ebna, pam\u00eb njer\u00ebz me [&hellip;]<\/p>\n","protected":false},"author":5,"featured_media":82833,"comment_status":"closed","ping_status":"closed","sticky":false,"template":"","format":"standard","meta":{"footnotes":""},"categories":[1,6332],"tags":[34454,34453],"class_list":{"0":"post-82832","1":"post","2":"type-post","3":"status-publish","4":"format-standard","5":"has-post-thumbnail","7":"category-aktualitet","8":"category-te-fundit","9":"tag-flet-deshmitarja-autoret-ishin-veshur-me-te-zeza-dhe","10":"tag-greqi-detaje-nga-atentati-ndaj-2-shqiptareve"},"_links":{"self":[{"href":"https:\/\/jugulajm.net\/index.php?rest_route=\/wp\/v2\/posts\/82832","targetHints":{"allow":["GET"]}}],"collection":[{"href":"https:\/\/jugulajm.net\/index.php?rest_route=\/wp\/v2\/posts"}],"about":[{"href":"https:\/\/jugulajm.net\/index.php?rest_route=\/wp\/v2\/types\/post"}],"author":[{"embeddable":true,"href":"https:\/\/jugulajm.net\/index.php?rest_route=\/wp\/v2\/users\/5"}],"replies":[{"embeddable":true,"href":"https:\/\/jugulajm.net\/index.php?rest_route=%2Fwp%2Fv2%2Fcomments&post=82832"}],"version-history":[{"count":0,"href":"https:\/\/jugulajm.net\/index.php?rest_route=\/wp\/v2\/posts\/82832\/revisions"}],"wp:featuredmedia":[{"embeddable":true,"href":"https:\/\/jugulajm.net\/index.php?rest_route=\/wp\/v2\/media\/82833"}],"wp:attachment":[{"href":"https:\/\/jugulajm.net\/index.php?rest_route=%2Fwp%2Fv2%2Fmedia&parent=82832"}],"wp:term":[{"taxonomy":"category","embeddable":true,"href":"https:\/\/jugulajm.net\/index.php?rest_route=%2Fwp%2Fv2%2Fcategories&post=82832"},{"taxonomy":"post_tag","embeddable":true,"href":"https:\/\/jugulajm.net\/index.php?rest_route=%2Fwp%2Fv2%2Ftags&post=82832"}],"curies":[{"name":"wp","href":"https:\/\/api.w.org\/{rel}","templated":true}]}}