{"id":82828,"date":"2024-12-15T13:45:18","date_gmt":"2024-12-15T12:45:18","guid":{"rendered":"https:\/\/jugulajm.net\/?p=82828"},"modified":"2024-12-15T13:45:18","modified_gmt":"2024-12-15T12:45:18","slug":"emrat-atentat-2-shqiptareve-ne-greqi-humb-jeten-1-ri-plagoset-tjetri","status":"publish","type":"post","link":"https:\/\/jugulajm.net\/?p=82828","title":{"rendered":"EMRAT\/ Atentat 2 shqiptar\u00ebve n\u00eb Greqi, humb jeten 1-ri, plagoset tjetri"},"content":{"rendered":"<div class=\"firstP\">\n<p>Nj\u00eb i vdekur dhe nj\u00eb i plagosur \u00ebsht\u00eb bilanci i nj\u00eb sulmi mafioz t\u00eb ndodhur n\u00eb vendin e quajtur Thrakomaqedones n\u00eb veri t\u00eb Athin\u00ebs.<\/p>\n<\/div>\n<p>Sipas burimeve policore, dy personat ndodheshin n\u00eb nj\u00eb kafe n\u00eb momentin, q\u00eb u q\u00eblluan nga nj\u00eb makin\u00eb n\u00eb l\u00ebvizje.<\/p>\n<p>Si pasoj\u00eb e disa t\u00eb sht\u00ebnave, nj\u00eb shtetas grek me origjin\u00eb shqiptare ka gjetur vdekjen e menj\u00ebhershme.<\/p>\n<p>Viktima \u00ebsht\u00eb identifikuar si, Irakli Davella, pronar i nj\u00eb lokali n\u00eb zon\u00ebn Peristeri t\u00eb Athin\u00ebs<\/p>\n<p>Nd\u00ebrsa personi tjet\u00ebr, Edi Lolo, ka marr\u00eb plag\u00eb dhe \u00ebsht\u00eb d\u00ebrguar me urgjenc\u00eb n\u00eb spital. Ai ka marr\u00eb plag\u00eb n\u00eb kok\u00eb dhe bark.<\/p>\n<p>Policia ka nisur nj\u00eb operacion p\u00ebr gjetjen e autor\u00ebve, por ende nuk ka mundur t\u00eb bjer\u00eb n\u00eb gjurm\u00ebt e tyre.<\/p>\n","protected":false},"excerpt":{"rendered":"<p>Nj\u00eb i vdekur dhe nj\u00eb i plagosur \u00ebsht\u00eb bilanci i nj\u00eb sulmi mafioz t\u00eb ndodhur n\u00eb vendin e quajtur Thrakomaqedones n\u00eb veri t\u00eb Athin\u00ebs. Sipas burimeve policore, dy personat ndodheshin n\u00eb nj\u00eb kafe n\u00eb momentin, q\u00eb u q\u00eblluan nga nj\u00eb makin\u00eb n\u00eb l\u00ebvizje. Si pasoj\u00eb e disa t\u00eb sht\u00ebnave, nj\u00eb shtetas grek me origjin\u00eb shqiptare [&hellip;]<\/p>\n","protected":false},"author":5,"featured_media":52760,"comment_status":"closed","ping_status":"closed","sticky":false,"template":"","format":"standard","meta":{"footnotes":""},"categories":[1,6332],"tags":[34450,34451,34452],"class_list":{"0":"post-82828","1":"post","2":"type-post","3":"status-publish","4":"format-standard","5":"has-post-thumbnail","7":"category-aktualitet","8":"category-te-fundit","9":"tag-emrat-atentat-2-shqiptareve-ne-greqi","10":"tag-humb-jeten-1-ri","11":"tag-plagoset-tjetri"},"_links":{"self":[{"href":"https:\/\/jugulajm.net\/index.php?rest_route=\/wp\/v2\/posts\/82828","targetHints":{"allow":["GET"]}}],"collection":[{"href":"https:\/\/jugulajm.net\/index.php?rest_route=\/wp\/v2\/posts"}],"about":[{"href":"https:\/\/jugulajm.net\/index.php?rest_route=\/wp\/v2\/types\/post"}],"author":[{"embeddable":true,"href":"https:\/\/jugulajm.net\/index.php?rest_route=\/wp\/v2\/users\/5"}],"replies":[{"embeddable":true,"href":"https:\/\/jugulajm.net\/index.php?rest_route=%2Fwp%2Fv2%2Fcomments&post=82828"}],"version-history":[{"count":0,"href":"https:\/\/jugulajm.net\/index.php?rest_route=\/wp\/v2\/posts\/82828\/revisions"}],"wp:featuredmedia":[{"embeddable":true,"href":"https:\/\/jugulajm.net\/index.php?rest_route=\/wp\/v2\/media\/52760"}],"wp:attachment":[{"href":"https:\/\/jugulajm.net\/index.php?rest_route=%2Fwp%2Fv2%2Fmedia&parent=82828"}],"wp:term":[{"taxonomy":"category","embeddable":true,"href":"https:\/\/jugulajm.net\/index.php?rest_route=%2Fwp%2Fv2%2Fcategories&post=82828"},{"taxonomy":"post_tag","embeddable":true,"href":"https:\/\/jugulajm.net\/index.php?rest_route=%2Fwp%2Fv2%2Ftags&post=82828"}],"curies":[{"name":"wp","href":"https:\/\/api.w.org\/{rel}","templated":true}]}}