{"id":82789,"date":"2024-12-14T21:22:31","date_gmt":"2024-12-14T20:22:31","guid":{"rendered":"https:\/\/jugulajm.net\/?p=82789"},"modified":"2024-12-14T21:23:43","modified_gmt":"2024-12-14T20:23:43","slug":"video-kosove-radio-saranda-fiton-cmim-special-ne-festivalin-mbarekombetare-te-radiostacioneve-ne-gjakove","status":"publish","type":"post","link":"https:\/\/jugulajm.net\/?p=82789","title":{"rendered":"VIDEO\/ &#8216;Radio Saranda&#8217; fiton \u00e7mim special n\u00eb &#8220;Festivalin Mbar\u00ebkomb\u00ebtar\u00eb t\u00eb Radiostacioneve&#8221; n\u00eb Gjakov\u00eb"},"content":{"rendered":"<p>Radio Saranda fitoi nje \u00e7mim special ne &#8220;Festivalin Mbar\u00ebkomb\u00ebtar\u00eb i Radiostacioneve&#8221;, qe u zhvillua sot ne mbremje ne qytetin e mrekullueshem te Gjakoves ne Kosove.<\/p>\n<p>\u00c7mimi u dorezua nga drejtori i radio Gjakova, Skender Gola dhe u terhoq nga administratori i Radio Saranda, Viktor Avdiaj .<\/p>\n<p>Ky eshte edicioni i 15 i ketij festivali mbarekombetar per radiot shqiptare.<\/p>\n<p>Radio Saranda u prezantua ne event me nje spot audio promovues per vlerat kulturore e turistike te qytetit te Sarandes.<\/p>\n<div style=\"width: 848px;\" class=\"wp-video\"><!--[if lt IE 9]><script>document.createElement('video');<\/script><![endif]-->\n<video class=\"wp-video-shortcode\" id=\"video-82789-1\" width=\"848\" height=\"480\" preload=\"metadata\" controls=\"controls\"><source type=\"video\/mp4\" src=\"https:\/\/jugulajm.net\/wp-content\/uploads\/2024\/12\/VID-20241214-WA0001.mp4?_=1\" \/><a href=\"https:\/\/jugulajm.net\/wp-content\/uploads\/2024\/12\/VID-20241214-WA0001.mp4\">https:\/\/jugulajm.net\/wp-content\/uploads\/2024\/12\/VID-20241214-WA0001.mp4<\/a><\/video><\/div>\n","protected":false},"excerpt":{"rendered":"<p>Radio Saranda fitoi nje \u00e7mim special ne &#8220;Festivalin Mbar\u00ebkomb\u00ebtar\u00eb i Radiostacioneve&#8221;, qe u zhvillua sot ne mbremje ne qytetin e mrekullueshem te Gjakoves ne Kosove. \u00c7mimi u dorezua nga drejtori i radio Gjakova, Skender Gola dhe u terhoq nga administratori i Radio Saranda, Viktor Avdiaj . Ky eshte edicioni i 15 i ketij festivali mbarekombetar [&hellip;]<\/p>\n","protected":false},"author":5,"featured_media":82791,"comment_status":"closed","ping_status":"closed","sticky":false,"template":"","format":"standard","meta":{"footnotes":""},"categories":[27451,6332],"tags":[34445,34444],"class_list":{"0":"post-82789","1":"post","2":"type-post","3":"status-publish","4":"format-standard","5":"has-post-thumbnail","7":"category-kosova","8":"category-te-fundit","9":"tag-radio-saranda-fiton-cmim-special-ne-festivalin-mbarekombetare-te-radiostacioneve-ne-gjakove","10":"tag-video-kosove"},"_links":{"self":[{"href":"https:\/\/jugulajm.net\/index.php?rest_route=\/wp\/v2\/posts\/82789","targetHints":{"allow":["GET"]}}],"collection":[{"href":"https:\/\/jugulajm.net\/index.php?rest_route=\/wp\/v2\/posts"}],"about":[{"href":"https:\/\/jugulajm.net\/index.php?rest_route=\/wp\/v2\/types\/post"}],"author":[{"embeddable":true,"href":"https:\/\/jugulajm.net\/index.php?rest_route=\/wp\/v2\/users\/5"}],"replies":[{"embeddable":true,"href":"https:\/\/jugulajm.net\/index.php?rest_route=%2Fwp%2Fv2%2Fcomments&post=82789"}],"version-history":[{"count":0,"href":"https:\/\/jugulajm.net\/index.php?rest_route=\/wp\/v2\/posts\/82789\/revisions"}],"wp:featuredmedia":[{"embeddable":true,"href":"https:\/\/jugulajm.net\/index.php?rest_route=\/wp\/v2\/media\/82791"}],"wp:attachment":[{"href":"https:\/\/jugulajm.net\/index.php?rest_route=%2Fwp%2Fv2%2Fmedia&parent=82789"}],"wp:term":[{"taxonomy":"category","embeddable":true,"href":"https:\/\/jugulajm.net\/index.php?rest_route=%2Fwp%2Fv2%2Fcategories&post=82789"},{"taxonomy":"post_tag","embeddable":true,"href":"https:\/\/jugulajm.net\/index.php?rest_route=%2Fwp%2Fv2%2Ftags&post=82789"}],"curies":[{"name":"wp","href":"https:\/\/api.w.org\/{rel}","templated":true}]}}