{"id":82754,"date":"2024-12-14T12:39:39","date_gmt":"2024-12-14T11:39:39","guid":{"rendered":"https:\/\/jugulajm.net\/?p=82754"},"modified":"2024-12-14T12:39:57","modified_gmt":"2024-12-14T11:39:57","slug":"arrestohet-17-vjecari-plagosi-bashkemoshatarin","status":"publish","type":"post","link":"https:\/\/jugulajm.net\/?p=82754","title":{"rendered":"Arrestohet 17-vje\u00e7ari, plagosi bashk\u00ebmoshatarin"},"content":{"rendered":"<p><span data-contrast=\"auto\">Nj\u00eb sherr mes adoleshent\u00ebve n\u00eb Fier, \u00e7oi n\u00eb plagosjen e nj\u00eb 17-vje\u00e7ari. <\/span><\/p>\n<p><span data-contrast=\"auto\">Policia e Fierit ka reaguar s\u00ebrish lidhur me k\u00ebt\u00eb ngjarje duke sqaruar se \u00ebsht\u00eb v\u00ebn\u00eb n\u00eb pranga autori i dyshuar i plagosjes, nj\u00eb 17-vje\u00e7ar. Ngjarja ndodhi t\u00eb premten n\u00eb shkoll\u00ebn e mesme \u201cMustafa Hoxha\u201d n\u00eb Cakran t\u00eb Fierit.<\/span><\/p>\n<p><span data-contrast=\"auto\">Autori i dyshuar u arrestuar p\u00ebr vepr\u00ebn penale \u201cVrasje me dashje\u201d, e mbetur n\u00eb tentativ\u00eb. M\u00ebsohet se sipas policis\u00eb, konflikti midis shtetasve t\u00eb mitur ka nisur pasi shtetasi i d\u00ebmtuar, pretendonte se autori i dyshuar, shp\u00ebrndante n\u00eb rrjetet sociale fotografi t\u00eb tij.<\/span><span data-ccp-props=\"{}\">\u00a0<\/span><\/p>\n<p><span data-contrast=\"auto\">I plagosuri aktualisht ndodhet n\u00eb spital p\u00ebr ndihm\u00eb mjek\u00ebsore, jasht\u00eb rrezikut p\u00ebr jet\u00ebn. <\/span><\/p>\n<p><span data-contrast=\"auto\">Mjeti prer\u00ebs (thik\u00eb), u sekuestrua n\u00eb cil\u00ebsin\u00eb e prov\u00ebs materiale.<\/span><span data-ccp-props=\"{}\">\u00a0<\/span><\/p>\n<p><span data-contrast=\"auto\">Materialet procedurale i kaluan Prokuroris\u00eb p\u00ebr veprime t\u00eb m\u00ebtejshme.<\/span><span data-ccp-props=\"{}\">\u00a0<\/span><\/p>\n","protected":false},"excerpt":{"rendered":"<p>Nj\u00eb sherr mes adoleshent\u00ebve n\u00eb Fier, \u00e7oi n\u00eb plagosjen e nj\u00eb 17-vje\u00e7ari. Policia e Fierit ka reaguar s\u00ebrish lidhur me k\u00ebt\u00eb ngjarje duke sqaruar se \u00ebsht\u00eb v\u00ebn\u00eb n\u00eb pranga autori i dyshuar i plagosjes, nj\u00eb 17-vje\u00e7ar. Ngjarja ndodhi t\u00eb premten n\u00eb shkoll\u00ebn e mesme \u201cMustafa Hoxha\u201d n\u00eb Cakran t\u00eb Fierit. Autori i dyshuar u arrestuar [&hellip;]<\/p>\n","protected":false},"author":5,"featured_media":51534,"comment_status":"closed","ping_status":"closed","sticky":false,"template":"","format":"standard","meta":{"footnotes":""},"categories":[1,6332,29228],"tags":[26902,34437],"class_list":{"0":"post-82754","1":"post","2":"type-post","3":"status-publish","4":"format-standard","5":"has-post-thumbnail","7":"category-aktualitet","8":"category-te-fundit","9":"category-vendi","10":"tag-arrestohet-17-vjecari","11":"tag-plagosi-bashkemoshatarin"},"_links":{"self":[{"href":"https:\/\/jugulajm.net\/index.php?rest_route=\/wp\/v2\/posts\/82754","targetHints":{"allow":["GET"]}}],"collection":[{"href":"https:\/\/jugulajm.net\/index.php?rest_route=\/wp\/v2\/posts"}],"about":[{"href":"https:\/\/jugulajm.net\/index.php?rest_route=\/wp\/v2\/types\/post"}],"author":[{"embeddable":true,"href":"https:\/\/jugulajm.net\/index.php?rest_route=\/wp\/v2\/users\/5"}],"replies":[{"embeddable":true,"href":"https:\/\/jugulajm.net\/index.php?rest_route=%2Fwp%2Fv2%2Fcomments&post=82754"}],"version-history":[{"count":0,"href":"https:\/\/jugulajm.net\/index.php?rest_route=\/wp\/v2\/posts\/82754\/revisions"}],"wp:featuredmedia":[{"embeddable":true,"href":"https:\/\/jugulajm.net\/index.php?rest_route=\/wp\/v2\/media\/51534"}],"wp:attachment":[{"href":"https:\/\/jugulajm.net\/index.php?rest_route=%2Fwp%2Fv2%2Fmedia&parent=82754"}],"wp:term":[{"taxonomy":"category","embeddable":true,"href":"https:\/\/jugulajm.net\/index.php?rest_route=%2Fwp%2Fv2%2Fcategories&post=82754"},{"taxonomy":"post_tag","embeddable":true,"href":"https:\/\/jugulajm.net\/index.php?rest_route=%2Fwp%2Fv2%2Ftags&post=82754"}],"curies":[{"name":"wp","href":"https:\/\/api.w.org\/{rel}","templated":true}]}}