{"id":82748,"date":"2024-12-14T10:52:16","date_gmt":"2024-12-14T09:52:16","guid":{"rendered":"https:\/\/jugulajm.net\/?p=82748"},"modified":"2024-12-14T10:52:16","modified_gmt":"2024-12-14T09:52:16","slug":"drejtori-i-policise-se-shtetit-ilir-proda-zgjidhet-president-i-sepca-s","status":"publish","type":"post","link":"https:\/\/jugulajm.net\/?p=82748","title":{"rendered":"Drejtori i Policis\u00eb s\u00eb Shtetit, Ilir Proda, zgjidhet president i SEPCA-s"},"content":{"rendered":"<p>Drejtori i p\u00ebrgjithsh\u00ebm i Policis\u00eb s\u00eb Shtetit, Drejtues Madhor Ilir Proda u zgodh president i Shoqat\u00ebs s\u00eb Shefave t\u00eb Policis\u00eb t\u00eb Evrop\u00ebs Juglindore (SEPCA).<\/p>\n<p>Proda siguroi p\u00ebr angazhim maksimal dhe luft\u00eb pa kompromis kund\u00ebr krimit p\u00ebr t\u00eb garantuar sigurin\u00eb e qytetar\u00ebve t\u00eb vendeve tona.<\/p>\n<p>\u201cJu siguroj p\u00ebr angazhimin tim maksimal n\u00eb krye t\u00eb SEPCA-s dhe t\u00eb Policis\u00eb s\u00eb Shtetit Shqiptar p\u00ebr t\u00eb punuar bashk\u00ebrisht duke thelluar m\u00eb shum\u00eb bashk\u00ebpunimin e deritanish\u00ebm. Ne jemi punonj\u00ebs policie dhe kemi nj\u00eb mision: luft\u00eb pa kompromis krimit p\u00ebr t\u00eb garantuar sigurin\u00eb e qytetar\u00ebve t\u00eb vendeve tona. Te Policia e Shtetit Shqiptar do t\u00eb gjeni angazhim, p\u00ebrkushtim, vendosm\u00ebri dhe besueshm\u00ebri p\u00ebr t\u00eb zhvilluar hetime dhe operacione t\u00eb p\u00ebrbashk\u00ebta. Pjes\u00ebmarrja e presidentit t\u00eb Interpolit dhe p\u00ebrfaq\u00ebsuesve t\u00eb tjer\u00eb t\u00eb agjencive ligjzbatuese \u00ebsht\u00eb tregues i mb\u00ebshtetjes dhe besimit q\u00eb ata kan\u00eb te puna jon\u00eb, dhe kjo na obligon p\u00ebr t\u00eb ecur p\u00ebrpara, duke korrigjuar ato q\u00eb s\u2019kemi b\u00ebr\u00eb mir\u00eb dhe duke nd\u00ebrmarr\u00eb hapat e duhur p\u00ebr t\u00eb parandaluar e goditur krimet globale q\u00eb k\u00ebrc\u00ebnojn\u00eb mbar\u00eb bot\u00ebn, me q\u00ebllim q\u00eb t\u00eb mund\u00ebsojm\u00eb sundimin e ligjit dhe krijimin e nj\u00eb ambienti sa m\u00eb t\u00eb pasigurt p\u00ebr ata q\u00eb shkelin ligjin\u201d, tha ai.<\/p>\n<p>Gjat\u00eb Asambles\u00eb s\u00eb P\u00ebrgjithshme t\u00eb SEPCA-s, pjes\u00ebmarr\u00ebsit pat\u00ebn mund\u00ebsin\u00eb t\u00eb diskutonin mbi situat\u00ebn aktuale dhe rolin rajonal t\u00eb SEPCA-s n\u00eb luft\u00ebn kund\u00ebr kontrabandimit t\u00eb qenieve njer\u00ebzore dhe trafikimit t\u00eb emigrant\u00ebve, sinergjit\u00eb rajonale n\u00eb luft\u00ebn kund\u00ebr krimit kibernetik, forcimin e m\u00ebtejsh\u00ebm t\u00eb bashk\u00ebpunimit operacional rajonal n\u00eb luft\u00ebn kund\u00ebr t\u00eb gjitha fenomeneve kriminale q\u00eb prekin vendet e rajonit t\u00eb SEPCA-s, rritjen e bashk\u00ebpunimit n\u00eb fush\u00ebn e trajnimeve, si edhe mbi r\u00ebnd\u00ebsin\u00eb dhe vler\u00ebsimin e rolit t\u00eb grave n\u00eb radh\u00ebt e Policis\u00eb.<\/p>\n<p>N\u00eb p\u00ebrfundim t\u00eb k\u00ebtij aktiviteti, u zhvillua edhe ceremonia e marrjes s\u00eb presidenc\u00ebs s\u00eb SEPCA-s nga drejtori i p\u00ebrgjithsh\u00ebm i Policis\u00eb s\u00eb Shtetit, Drejtues Madhor Ilir Proda.<\/p>\n<p>Drejtori i p\u00ebrgjithsh\u00ebm i Policis\u00eb s\u00eb Shtetit do ta mbaj\u00eb postin e presidentit t\u00eb SEPCA-s deri n\u00eb muajin dhjetor t\u00eb vitit 2025.<\/p>\n<p>Drejtori i p\u00ebrgjithsh\u00ebm i PSH, p\u00ebrgjat\u00eb asambles\u00eb, zhvilloi takime t\u00eb shumta me homolog\u00ebt e SEPCA-s dhe p\u00ebrfaq\u00ebsuesit e agjencive ligjzbatuese, t\u00eb cil\u00ebt i garantoi p\u00ebr angazhimin dhe vendosm\u00ebrin\u00eb e tij dhe t\u00eb Policis\u00eb s\u00eb Shtetit p\u00ebr t\u00eb forcuar bashk\u00ebpunimin n\u00eb interes t\u00eb sundimit t\u00eb ligjit.<\/p>\n<p>Asambleja e P\u00ebrgjithshme e SEPCA-s (Shoqata e Shefave t\u00eb Policis\u00eb t\u00eb Evrop\u00ebs Juglindore) u mbajt n\u00eb Beograd. T\u00eb pranish\u00ebm n\u00eb k\u00ebt\u00eb aktivitet ishin drejtor\u00ebt e p\u00ebrgjithsh\u00ebm t\u00eb Policis\u00eb t\u00eb vendeve an\u00ebtare t\u00eb SEPCA-s dhe Koordinator\u00ebt Komb\u00ebtar\u00eb t\u00eb saj.<\/p>\n<p>T\u00eb ftuar n\u00eb k\u00ebt\u00eb aktivitet ishin edhe presidenti i Interpolit, gjeneral major dr. Ahmed Naser Al Raisi,ministri i Brendsh\u00ebm i Republik\u00ebs s\u00eb Serbis\u00eb, Zoti Ivica Dacic, p\u00ebrfaq\u00ebsues t\u00eb OSBE-s\u00eb, Ambasad\u00ebs s\u00eb Shteteve t\u00eb Bashkuara t\u00eb Amerik\u00ebs n\u00eb Beograd, Europolit, Cepolit, B.K. Austriak, Projektit EU4FAST, etj.<\/p>\n","protected":false},"excerpt":{"rendered":"<p>Drejtori i p\u00ebrgjithsh\u00ebm i Policis\u00eb s\u00eb Shtetit, Drejtues Madhor Ilir Proda u zgodh president i Shoqat\u00ebs s\u00eb Shefave t\u00eb Policis\u00eb t\u00eb Evrop\u00ebs Juglindore (SEPCA). Proda siguroi p\u00ebr angazhim maksimal dhe luft\u00eb pa kompromis kund\u00ebr krimit p\u00ebr t\u00eb garantuar sigurin\u00eb e qytetar\u00ebve t\u00eb vendeve tona. \u201cJu siguroj p\u00ebr angazhimin tim maksimal n\u00eb krye t\u00eb SEPCA-s dhe [&hellip;]<\/p>\n","protected":false},"author":5,"featured_media":79330,"comment_status":"closed","ping_status":"closed","sticky":false,"template":"","format":"standard","meta":{"footnotes":""},"categories":[1,6332],"tags":[34434,34435,34436],"class_list":{"0":"post-82748","1":"post","2":"type-post","3":"status-publish","4":"format-standard","5":"has-post-thumbnail","7":"category-aktualitet","8":"category-te-fundit","9":"tag-drejtori-i-policise-se-shtetit","10":"tag-ilir-proda","11":"tag-zgjidhet-president-i-sepca-s"},"_links":{"self":[{"href":"https:\/\/jugulajm.net\/index.php?rest_route=\/wp\/v2\/posts\/82748","targetHints":{"allow":["GET"]}}],"collection":[{"href":"https:\/\/jugulajm.net\/index.php?rest_route=\/wp\/v2\/posts"}],"about":[{"href":"https:\/\/jugulajm.net\/index.php?rest_route=\/wp\/v2\/types\/post"}],"author":[{"embeddable":true,"href":"https:\/\/jugulajm.net\/index.php?rest_route=\/wp\/v2\/users\/5"}],"replies":[{"embeddable":true,"href":"https:\/\/jugulajm.net\/index.php?rest_route=%2Fwp%2Fv2%2Fcomments&post=82748"}],"version-history":[{"count":0,"href":"https:\/\/jugulajm.net\/index.php?rest_route=\/wp\/v2\/posts\/82748\/revisions"}],"wp:featuredmedia":[{"embeddable":true,"href":"https:\/\/jugulajm.net\/index.php?rest_route=\/wp\/v2\/media\/79330"}],"wp:attachment":[{"href":"https:\/\/jugulajm.net\/index.php?rest_route=%2Fwp%2Fv2%2Fmedia&parent=82748"}],"wp:term":[{"taxonomy":"category","embeddable":true,"href":"https:\/\/jugulajm.net\/index.php?rest_route=%2Fwp%2Fv2%2Fcategories&post=82748"},{"taxonomy":"post_tag","embeddable":true,"href":"https:\/\/jugulajm.net\/index.php?rest_route=%2Fwp%2Fv2%2Ftags&post=82748"}],"curies":[{"name":"wp","href":"https:\/\/api.w.org\/{rel}","templated":true}]}}