{"id":82531,"date":"2024-12-09T09:37:42","date_gmt":"2024-12-09T08:37:42","guid":{"rendered":"https:\/\/jugulajm.net\/?p=82531"},"modified":"2024-12-09T09:37:42","modified_gmt":"2024-12-09T08:37:42","slug":"foto-parashikimi-i-motit-per-kete-jave-2","status":"publish","type":"post","link":"https:\/\/jugulajm.net\/?p=82531","title":{"rendered":"FOTO\/ Parashikimi i motit p\u00ebr k\u00ebt\u00eb jav\u00eb&#8230;"},"content":{"rendered":"<p>P\u00ebr jav\u00ebn q\u00eb presim p\u00ebrpara vendi yn\u00eb do t\u00eb ndikohet nga nj\u00eb jav\u00eb \u201cnormale\u201d dimri si pasoj\u00eb e nj\u00eb qendre t\u00eb thell\u00eb e presionit t\u00eb ul\u00ebt q\u00eb ndikon jo vet\u00ebm mbi vendin ton\u00eb por edhe n\u00eb pjes\u00ebn m\u00eb t\u00eb madhe t\u00eb Evrop\u00ebs.<\/p>\n<p>Nuk do t\u00eb mungojn\u00eb dit\u00ebt me reshje shiu, n\u00eb relievet malore reshjet e d\u00ebbor\u00ebs nd\u00ebrsa p\u00ebrgjat\u00eb ult\u00ebsir\u00ebs per\u00ebndimore do t\u00eb ket\u00eb edhe dit\u00eb me diell (kthjellime afatshkurtra).<\/p>\n<p>Sipas Sh\u00ebrbimit Meteorologjik Ushtarak, p\u00ebr dit\u00ebn e h\u00ebn\u00eb moti parashikohet me vran\u00ebsira mesatare deri t\u00eb dendura si dhe intervale afatshkurtra me diell kryesisht p\u00ebrgjat\u00eb zonave t\u00eb ul\u00ebta. Vran\u00ebsirat do t\u00eb shoq\u00ebrohen me reshje shiu afatshkurtra me intensitet t\u00eb ul\u00ebt nd\u00ebrsa n\u00eb zon\u00ebn e veriper\u00ebndimit dhe jug reshjet me intensitet t\u00eb ul\u00ebt deri mesatar.<\/p>\n<p>Lokalisht dhe n\u00eb periudha tep\u00ebr afatshkurtra n\u00eb k\u00ebto zona reshjet me intensitet deri dhe t\u00eb lart\u00eb n\u00eb form\u00ebn e shtr\u00ebngatave shoq\u00ebruar me shkarkesa elektrike. N\u00eb relievet malore n\u00eb lart\u00ebsit\u00eb mbi 700-800 met\u00ebr reshje d\u00ebbore me intensitet t\u00eb ul\u00ebt lokalisht mesatar.<\/p>\n<p><img decoding=\"async\" src=\"https:\/\/cdnimpuls.com\/politiko.al\/media3\/-640-0-6755bd770e5b4.jpg\" alt=\"Temperatura deri n\u00eb -7 \u00b0C, parashikimi i motit p\u00ebr jav\u00ebn\" width=\"100%\" data-size=\"x\" data-id=\"287007\" \/><\/p>\n<p>Po ashtu edhe p\u00ebr dit\u00ebn e Mart\u00eb moti parashikohet me vran\u00ebsira mesatare deri t\u00eb dendura si dhe intervale afatshkurtra me diell. Reshje shiu t\u00eb her\u00ebpashershme me intensitet t\u00eb ul\u00ebt dhe lokalisht deri mesatar n\u00eb pjes\u00ebn m\u00eb t\u00eb madhe t\u00eb territorit. N\u00eb relievet malore n\u00eb lart\u00ebsit\u00eb mbi 700-800 met\u00ebr reshje d\u00ebbore me intensitet t\u00eb ul\u00ebt lokalisht mesatar.<\/p>\n<p>Duke filluar nga dita e m\u00ebrkur\u00eb moti kryesisht me kthjellime alternime vran\u00ebsirash kalimtare t\u00eb cilat n\u00eb zon\u00ebn e veriut dhe qend\u00ebr do t\u00eb shoq\u00ebrohen me reshje shiu me intensitet t\u00eb ul\u00ebt. Nd\u00ebrsa p\u00ebr dit\u00ebn e enjte dhe at\u00eb t\u00eb premte mot kryesisht i kthjell\u00ebt e alternime vran\u00ebsirash kalimtare.<\/p>\n","protected":false},"excerpt":{"rendered":"<p>P\u00ebr jav\u00ebn q\u00eb presim p\u00ebrpara vendi yn\u00eb do t\u00eb ndikohet nga nj\u00eb jav\u00eb \u201cnormale\u201d dimri si pasoj\u00eb e nj\u00eb qendre t\u00eb thell\u00eb e presionit t\u00eb ul\u00ebt q\u00eb ndikon jo vet\u00ebm mbi vendin ton\u00eb por edhe n\u00eb pjes\u00ebn m\u00eb t\u00eb madhe t\u00eb Evrop\u00ebs. Nuk do t\u00eb mungojn\u00eb dit\u00ebt me reshje shiu, n\u00eb relievet malore reshjet e [&hellip;]<\/p>\n","protected":false},"author":5,"featured_media":53315,"comment_status":"closed","ping_status":"closed","sticky":false,"template":"","format":"standard","meta":{"footnotes":""},"categories":[7650,6332,29228],"tags":[29846],"class_list":{"0":"post-82531","1":"post","2":"type-post","3":"status-publish","4":"format-standard","5":"has-post-thumbnail","7":"category-moti","8":"category-te-fundit","9":"category-vendi","10":"tag-foto-parashikimi-i-motit-per-kete-jave"},"_links":{"self":[{"href":"https:\/\/jugulajm.net\/index.php?rest_route=\/wp\/v2\/posts\/82531","targetHints":{"allow":["GET"]}}],"collection":[{"href":"https:\/\/jugulajm.net\/index.php?rest_route=\/wp\/v2\/posts"}],"about":[{"href":"https:\/\/jugulajm.net\/index.php?rest_route=\/wp\/v2\/types\/post"}],"author":[{"embeddable":true,"href":"https:\/\/jugulajm.net\/index.php?rest_route=\/wp\/v2\/users\/5"}],"replies":[{"embeddable":true,"href":"https:\/\/jugulajm.net\/index.php?rest_route=%2Fwp%2Fv2%2Fcomments&post=82531"}],"version-history":[{"count":0,"href":"https:\/\/jugulajm.net\/index.php?rest_route=\/wp\/v2\/posts\/82531\/revisions"}],"wp:featuredmedia":[{"embeddable":true,"href":"https:\/\/jugulajm.net\/index.php?rest_route=\/wp\/v2\/media\/53315"}],"wp:attachment":[{"href":"https:\/\/jugulajm.net\/index.php?rest_route=%2Fwp%2Fv2%2Fmedia&parent=82531"}],"wp:term":[{"taxonomy":"category","embeddable":true,"href":"https:\/\/jugulajm.net\/index.php?rest_route=%2Fwp%2Fv2%2Fcategories&post=82531"},{"taxonomy":"post_tag","embeddable":true,"href":"https:\/\/jugulajm.net\/index.php?rest_route=%2Fwp%2Fv2%2Ftags&post=82531"}],"curies":[{"name":"wp","href":"https:\/\/api.w.org\/{rel}","templated":true}]}}