{"id":82466,"date":"2024-12-07T15:03:08","date_gmt":"2024-12-07T14:03:08","guid":{"rendered":"https:\/\/jugulajm.net\/?p=82466"},"modified":"2024-12-07T15:03:08","modified_gmt":"2024-12-07T14:03:08","slug":"emrat-angli-shqiptari-22-vjecar-denohet-me-burgim-te-perjetshem-vrau-bashkatdhetarin-e-tij","status":"publish","type":"post","link":"https:\/\/jugulajm.net\/?p=82466","title":{"rendered":"EMRAT\/ Angli, shqiptari 22-vje\u00e7ar d\u00ebnohet me burgim t\u00eb p\u00ebrjetsh\u00ebm, vrau bashkatdhetarin e tij"},"content":{"rendered":"<div class=\"firstP\">\n<p>Kozma Papa, 22-vje\u00e7ari q\u00eb jetonte jasht\u00eb Londr\u00ebs, e ka kryer vrasjen e bashkatdhetarit t\u00eb tij Bledi Petraj, 37 vje\u00e7 n\u00eb 4 shkurt t\u00eb k\u00ebtij viti n\u00eb zon\u00ebn e Southgate-it n\u00eb verilindje t\u00eb Londr\u00ebs pasi t\u00eb dy, si vras\u00ebsi dhe viktima njiheshin me nj\u00ebri-tjetrin dhe kishin pasur nj\u00eb p\u00ebrplasje fizike m\u00eb her\u00ebt n\u00eb nj\u00eb kafene.<\/p>\n<\/div>\n<p>Por n\u00eb procesin gjyq\u00ebsor u m\u00ebsua se 45 minuta m\u00eb von\u00eb t\u00eb dy kishin shkuar n\u00eb nj\u00eb zon\u00eb tjet\u00ebr t\u00eb Londr\u00ebs, ku secili mbante thika t\u00eb m\u00ebdha me vete.<\/p>\n<p>T\u00eb dy, sipas prokurorit t\u00eb \u00e7\u00ebshtjes, i drejtonin nj\u00ebri-tjetrit, derisa viktima Bledi Petraj, humbi kontrollin e thik\u00ebs dhe vras\u00ebsi, Kozma Papa e kapi thik\u00ebn dhe me dy thika n\u00eb duar, n\u00eb koh\u00ebn pasi viktima kishte r\u00ebn\u00eb n\u00eb tok\u00eb\u00a0 e ka goditur 13 her\u00eb n\u00eb m\u00ebnyre t\u00eb vazhdueshme viktim\u00ebn, i cili edhe pse u gjet i gjall\u00eb nga ambulanca nuk arriti t\u2019i shp\u00ebtoj\u00eb dot dhe nd\u00ebrroi jet\u00eb pas disa or\u00ebsh n\u00eb spital n\u00eb pasditen e 4 shkurtit t\u00eb k\u00ebtij viti.<\/p>\n<p>P\u00ebr k\u00ebt\u00eb krim Kozma Papa \u00ebsht\u00eb d\u00ebnuar me burgim t\u00eb p\u00ebrjetsh\u00ebm. Por Gjykata Qendrore n\u00eb Lond\u00ebr k\u00ebrkoj p\u00ebr Pap\u00ebn q\u00eb t\u00eb vuaj minimalisht 20 vjet heqje lirie.<\/p>\n<p>Autori i vrasjes u kap nga Policia duke u larguar me makin\u00eb jasht\u00eb Londr\u00ebs dhe e pranoj vrasjen e kryer.<\/p>\n<p>Jan\u00eb disa dhjet\u00ebra raste vrasjesh shqiptar\u00ebsh nd\u00ebr vite n\u00eb Britani, p\u00ebr arsye q\u00eb lidhen nga pazaret e prishura t\u00eb drog\u00ebs\u00a0 e deri p\u00ebr motive t\u00eb dob\u00ebta .Por hetuesit e Policis\u00eb Metropolitane n\u00eb k\u00ebt\u00eb rast nuk specifikojn\u00eb shkakun dhe motivin e v\u00ebrtet\u00eb q\u00eb \u00e7oi n\u00eb p\u00ebrplasjen fizike q\u00eb rezultoj\u00eb me humbjen e jet\u00ebs s\u00eb 37-vje\u00e7arit Bledi Petraj me banim n\u00eb Lond\u00ebr.<\/p>\n<p>Kryededektivi britanik Mathew Goode, thot\u00eb:\u00a0<em>\u201cI shprehim ngush\u00ebllimet familjes s\u00eb Bledit dhe t\u00eb dashurve t\u00eb tij q\u00eb mbajn\u00eb zi p\u00ebr vdekjen e tij. Kishim t\u00eb b\u00ebnim me nj\u00eb p\u00ebrleshje fizike q\u00eb p\u00ebrfundoje n\u00eb nj\u00eb humbje t\u00eb pakuptimt\u00eb t\u00eb jet\u00ebs dhe Papa do vuaj nj\u00eb koh\u00eb jasht\u00ebzakonisht t\u00eb gjat\u00eb me t\u00eb drejt, prapa hekurave\u201d.<\/em><\/p>\n","protected":false},"excerpt":{"rendered":"<p>Kozma Papa, 22-vje\u00e7ari q\u00eb jetonte jasht\u00eb Londr\u00ebs, e ka kryer vrasjen e bashkatdhetarit t\u00eb tij Bledi Petraj, 37 vje\u00e7 n\u00eb 4 shkurt t\u00eb k\u00ebtij viti n\u00eb zon\u00ebn e Southgate-it n\u00eb verilindje t\u00eb Londr\u00ebs pasi t\u00eb dy, si vras\u00ebsi dhe viktima njiheshin me nj\u00ebri-tjetrin dhe kishin pasur nj\u00eb p\u00ebrplasje fizike m\u00eb her\u00ebt n\u00eb nj\u00eb kafene. Por [&hellip;]<\/p>\n","protected":false},"author":5,"featured_media":82467,"comment_status":"closed","ping_status":"closed","sticky":false,"template":"","format":"standard","meta":{"footnotes":""},"categories":[1,6332],"tags":[27155,34372,34373],"class_list":{"0":"post-82466","1":"post","2":"type-post","3":"status-publish","4":"format-standard","5":"has-post-thumbnail","7":"category-aktualitet","8":"category-te-fundit","9":"tag-emrat-angli","10":"tag-shqiptari-22-vjecar-denohet-me-burgim-te-perjetshem","11":"tag-vrau-bashkatdhetarin-e-tij"},"_links":{"self":[{"href":"https:\/\/jugulajm.net\/index.php?rest_route=\/wp\/v2\/posts\/82466","targetHints":{"allow":["GET"]}}],"collection":[{"href":"https:\/\/jugulajm.net\/index.php?rest_route=\/wp\/v2\/posts"}],"about":[{"href":"https:\/\/jugulajm.net\/index.php?rest_route=\/wp\/v2\/types\/post"}],"author":[{"embeddable":true,"href":"https:\/\/jugulajm.net\/index.php?rest_route=\/wp\/v2\/users\/5"}],"replies":[{"embeddable":true,"href":"https:\/\/jugulajm.net\/index.php?rest_route=%2Fwp%2Fv2%2Fcomments&post=82466"}],"version-history":[{"count":0,"href":"https:\/\/jugulajm.net\/index.php?rest_route=\/wp\/v2\/posts\/82466\/revisions"}],"wp:featuredmedia":[{"embeddable":true,"href":"https:\/\/jugulajm.net\/index.php?rest_route=\/wp\/v2\/media\/82467"}],"wp:attachment":[{"href":"https:\/\/jugulajm.net\/index.php?rest_route=%2Fwp%2Fv2%2Fmedia&parent=82466"}],"wp:term":[{"taxonomy":"category","embeddable":true,"href":"https:\/\/jugulajm.net\/index.php?rest_route=%2Fwp%2Fv2%2Fcategories&post=82466"},{"taxonomy":"post_tag","embeddable":true,"href":"https:\/\/jugulajm.net\/index.php?rest_route=%2Fwp%2Fv2%2Ftags&post=82466"}],"curies":[{"name":"wp","href":"https:\/\/api.w.org\/{rel}","templated":true}]}}