{"id":82129,"date":"2024-12-01T15:33:17","date_gmt":"2024-12-01T14:33:17","guid":{"rendered":"https:\/\/jugulajm.net\/?p=82129"},"modified":"2024-12-01T15:33:33","modified_gmt":"2024-12-01T14:33:33","slug":"emri-arrestohet-44-vjecari-terrorizoi-fshatin-duke-qelluar-me-kallash","status":"publish","type":"post","link":"https:\/\/jugulajm.net\/?p=82129","title":{"rendered":"EMRI\/ Arrestohet 44-vje\u00e7ari, terrorizoi fshatin duke q\u00eblluar me kallash"},"content":{"rendered":"<p>Policia e Vlor\u00ebs ka arrestuar pas 12 or\u00ebsh 44-vje\u00e7arin, Avni Ferraj, nga fshati Brataj i Selenic\u00ebs, i cili mbr\u00ebmjen e djeshme q\u00eblloi me arm\u00eb zjarri n\u00eb aj\u00ebr n\u00eb fshat, n\u00eb gjendje t\u00eb dehur, duke krijuar panik te banor\u00ebt dhe te disa t\u00eb miturit.<\/p>\n<p>Blut\u00eb e qytetit bregdetar raportojn\u00eb se Avni Ferraj, pasi q\u00eblloi me arm\u00eb zjarri, ishte larguar n\u00eb kodrat e fshatit Brataj p\u00ebr t\u2019i shp\u00ebtuar Policis\u00eb dhe \u00ebsht\u00eb kapur pas 12 or\u00ebsh k\u00ebrkimesh dhe ndjekjesh nga uniformat blu.<\/p>\n<p>Raportohet se n\u00eb momentin e arrestimit, 44-vje\u00e7ari kishte me vete edhe arm\u00ebn e zjarrit tip kallashnikov, me fishek n\u00eb fole gati p\u00ebr qitje, me t\u00eb cil\u00ebn kishte q\u00eblluar n\u00eb aj\u00ebr edhe mbr\u00ebmjen e djeshme.<\/p>\n<p><em>\u201c44-vje\u00e7ari, mbr\u00ebmjen e djeshme, n\u00eb gjendje t\u00eb dehur dhe pas nj\u00eb konflikti t\u00eb \u00e7astit, si dhe me pretendimin se disa t\u00eb mitur po e bezdisnin, ka shkuar n\u00eb banes\u00eb, ka marr\u00eb arm\u00ebn e zjarrit dhe ka q\u00eblluar n\u00eb aj\u00ebr, duke krijuar panik te banor\u00ebt dhe te t\u00eb miturit.\u201d<\/em>\u00a0\u2013 thuhet n\u00eb njoftimin e Policis\u00eb.<\/p>\n<p>Materialet procedurale i kaluan Prokuroris\u00eb s\u00eb Vlor\u00ebs p\u00ebr veprime t\u00eb m\u00ebtejshme.<\/p>\n","protected":false},"excerpt":{"rendered":"<p>Policia e Vlor\u00ebs ka arrestuar pas 12 or\u00ebsh 44-vje\u00e7arin, Avni Ferraj, nga fshati Brataj i Selenic\u00ebs, i cili mbr\u00ebmjen e djeshme q\u00eblloi me arm\u00eb zjarri n\u00eb aj\u00ebr n\u00eb fshat, n\u00eb gjendje t\u00eb dehur, duke krijuar panik te banor\u00ebt dhe te disa t\u00eb miturit. Blut\u00eb e qytetit bregdetar raportojn\u00eb se Avni Ferraj, pasi q\u00eblloi me arm\u00eb [&hellip;]<\/p>\n","protected":false},"author":5,"featured_media":64318,"comment_status":"closed","ping_status":"closed","sticky":false,"template":"","format":"standard","meta":{"footnotes":""},"categories":[1,6332,29228],"tags":[34282,34283],"class_list":{"0":"post-82129","1":"post","2":"type-post","3":"status-publish","4":"format-standard","5":"has-post-thumbnail","7":"category-aktualitet","8":"category-te-fundit","9":"category-vendi","10":"tag-emri-arrestohet-44-vjecari","11":"tag-terrorizoi-fshatin-duke-qelluar-me-kallash"},"_links":{"self":[{"href":"https:\/\/jugulajm.net\/index.php?rest_route=\/wp\/v2\/posts\/82129","targetHints":{"allow":["GET"]}}],"collection":[{"href":"https:\/\/jugulajm.net\/index.php?rest_route=\/wp\/v2\/posts"}],"about":[{"href":"https:\/\/jugulajm.net\/index.php?rest_route=\/wp\/v2\/types\/post"}],"author":[{"embeddable":true,"href":"https:\/\/jugulajm.net\/index.php?rest_route=\/wp\/v2\/users\/5"}],"replies":[{"embeddable":true,"href":"https:\/\/jugulajm.net\/index.php?rest_route=%2Fwp%2Fv2%2Fcomments&post=82129"}],"version-history":[{"count":0,"href":"https:\/\/jugulajm.net\/index.php?rest_route=\/wp\/v2\/posts\/82129\/revisions"}],"wp:featuredmedia":[{"embeddable":true,"href":"https:\/\/jugulajm.net\/index.php?rest_route=\/wp\/v2\/media\/64318"}],"wp:attachment":[{"href":"https:\/\/jugulajm.net\/index.php?rest_route=%2Fwp%2Fv2%2Fmedia&parent=82129"}],"wp:term":[{"taxonomy":"category","embeddable":true,"href":"https:\/\/jugulajm.net\/index.php?rest_route=%2Fwp%2Fv2%2Fcategories&post=82129"},{"taxonomy":"post_tag","embeddable":true,"href":"https:\/\/jugulajm.net\/index.php?rest_route=%2Fwp%2Fv2%2Ftags&post=82129"}],"curies":[{"name":"wp","href":"https:\/\/api.w.org\/{rel}","templated":true}]}}