{"id":82028,"date":"2024-11-29T13:45:18","date_gmt":"2024-11-29T12:45:18","guid":{"rendered":"https:\/\/jugulajm.net\/?p=82028"},"modified":"2024-11-29T13:45:18","modified_gmt":"2024-11-29T12:45:18","slug":"14-vjecari-luis-mece-del-nga-trauma-ja-cthone-mjeket","status":"publish","type":"post","link":"https:\/\/jugulajm.net\/?p=82028","title":{"rendered":"14-vje\u00e7ari Luis Me\u00e7e del nga \u2018Trauma\u2019, ja \u00e7&#8217;thon\u00eb mjek\u00ebt&#8230;"},"content":{"rendered":"<p>I mituri Luis Me\u00e7e, i plagosur gjat\u00eb sherrit ku u vra me thik\u00eb Martin Cani n\u00eb shkoll\u00ebn Fan Noli n\u00eb Tiran\u00eb, ka dal\u00eb nga Spitali Universitar i Traum\u00ebs, ku po kurohej.<\/p>\n<p>P\u00ebrmes nj\u00eb njoftimi, Policia b\u00ebn t\u00eb ditur se ai u lirua dit\u00ebn e sotme, pas kontrolleve t\u00eb fundit mjek\u00ebsore q\u00eb konfirmuan stabilizimin e gjendjes s\u00eb tij.<\/p>\n<p>Sipas Policis\u00eb, gjendja e tij sh\u00ebndet\u00ebsore tashm\u00eb \u00ebsht\u00eb e q\u00ebndrueshme dhe nuk paraqet rrezik p\u00ebr jet\u00ebn. Ai do t\u00eb vijoj\u00eb rikuperimin n\u00eb sht\u00ebpi.<\/p>\n<p><strong>Njoftimi i Policis\u00eb:<\/strong><\/p>\n<p><em>Pacienti 14-vje\u00e7ar i plagosur n\u00eb shkoll\u00ebn \u201cFan Noli\u201d del nga spitali pas trajtimit mjek\u00ebsor n\u00eb Spitalin Universitar t\u00eb Traum\u00ebs<\/em><\/p>\n<p><em>Pas nj\u00eb periudhe trajtimi t\u00eb kujdessh\u00ebm n\u00eb spital, 14-vje\u00e7ari i cili mbeti i plagosur gjat\u00eb nj\u00eb incidenti n\u00eb ambientet e shkoll\u00ebs \u201cFan Noli\u201d \u00ebsht\u00eb liruar dit\u00ebn e sotme, pas kontrolleve t\u00eb fundit mjek\u00ebsore q\u00eb konfirmuan stabilizimin e gjendjes s\u00eb tij.<\/em><\/p>\n<p><em>Sipas mjek\u00ebve, adoleshenti iu n\u00ebnshtrua nd\u00ebrhyrjeve t\u00eb nevojshme mjek\u00ebsore menj\u00ebher\u00eb pas ngjarjes, t\u00eb cilat kan\u00eb rezultuar t\u00eb suksesshme. \u201cGjendja e tij tashm\u00eb \u00ebsht\u00eb e q\u00ebndrueshme dhe nuk paraqet rrezik p\u00ebr jet\u00ebn. Pacienti do t\u00eb vijoj\u00eb rikuperimin n\u00eb sht\u00ebpi, duke ndjekur k\u00ebshillat dhe rekomandimet tona,\u201d deklaroi ekipi mjek\u00ebsor q\u00eb ndoqi rastin.<\/em><\/p>\n<p><em>Ngjarja e r\u00ebnd\u00eb n\u00eb shkoll\u00ebn \u201cFan Noli\u201d ka nxitur diskutime t\u00eb gjera mbi sigurin\u00eb n\u00eb ambientet shkollore dhe masat q\u00eb duhen marr\u00eb p\u00ebr t\u00eb parandaluar incidente t\u00eb tilla. Ministria e Arsimit dhe institucionet e tjera p\u00ebrkat\u00ebse jan\u00eb zotuar p\u00ebr nd\u00ebrhyrje t\u00eb menj\u00ebhershme p\u00ebr t\u00eb p\u00ebrmir\u00ebsuar kushtet e siguris\u00eb dhe p\u00ebr t\u00eb forcuar masat parandaluese ndaj dhun\u00ebs n\u00eb shkolla.<\/em><\/p>\n<p><em>Familja e t\u00eb miturit ka shprehur fal\u00ebnderime p\u00ebr stafin mjek\u00ebsor dhe p\u00ebr t\u00eb gjith\u00eb ata q\u00eb ofruan mb\u00ebshtetje gjat\u00eb k\u00ebsaj periudhe t\u00eb v\u00ebshtir\u00eb. Nd\u00ebrkoh\u00eb, autoritetet po vijojn\u00eb hetimet p\u00ebr t\u00eb zbardhur plot\u00ebsisht rrethanat e incidentit dhe p\u00ebr t\u00eb marr\u00eb masat e nevojshme.<\/em><\/p>\n","protected":false},"excerpt":{"rendered":"<p>I mituri Luis Me\u00e7e, i plagosur gjat\u00eb sherrit ku u vra me thik\u00eb Martin Cani n\u00eb shkoll\u00ebn Fan Noli n\u00eb Tiran\u00eb, ka dal\u00eb nga Spitali Universitar i Traum\u00ebs, ku po kurohej. P\u00ebrmes nj\u00eb njoftimi, Policia b\u00ebn t\u00eb ditur se ai u lirua dit\u00ebn e sotme, pas kontrolleve t\u00eb fundit mjek\u00ebsore q\u00eb konfirmuan stabilizimin e gjendjes [&hellip;]<\/p>\n","protected":false},"author":5,"featured_media":82029,"comment_status":"closed","ping_status":"closed","sticky":false,"template":"","format":"standard","meta":{"footnotes":""},"categories":[1,6332,29228],"tags":[34249,34250],"class_list":{"0":"post-82028","1":"post","2":"type-post","3":"status-publish","4":"format-standard","5":"has-post-thumbnail","7":"category-aktualitet","8":"category-te-fundit","9":"category-vendi","10":"tag-14-vjecari-luis-mece-del-nga-trauma","11":"tag-ja-cthone-mjeket"},"_links":{"self":[{"href":"https:\/\/jugulajm.net\/index.php?rest_route=\/wp\/v2\/posts\/82028","targetHints":{"allow":["GET"]}}],"collection":[{"href":"https:\/\/jugulajm.net\/index.php?rest_route=\/wp\/v2\/posts"}],"about":[{"href":"https:\/\/jugulajm.net\/index.php?rest_route=\/wp\/v2\/types\/post"}],"author":[{"embeddable":true,"href":"https:\/\/jugulajm.net\/index.php?rest_route=\/wp\/v2\/users\/5"}],"replies":[{"embeddable":true,"href":"https:\/\/jugulajm.net\/index.php?rest_route=%2Fwp%2Fv2%2Fcomments&post=82028"}],"version-history":[{"count":0,"href":"https:\/\/jugulajm.net\/index.php?rest_route=\/wp\/v2\/posts\/82028\/revisions"}],"wp:featuredmedia":[{"embeddable":true,"href":"https:\/\/jugulajm.net\/index.php?rest_route=\/wp\/v2\/media\/82029"}],"wp:attachment":[{"href":"https:\/\/jugulajm.net\/index.php?rest_route=%2Fwp%2Fv2%2Fmedia&parent=82028"}],"wp:term":[{"taxonomy":"category","embeddable":true,"href":"https:\/\/jugulajm.net\/index.php?rest_route=%2Fwp%2Fv2%2Fcategories&post=82028"},{"taxonomy":"post_tag","embeddable":true,"href":"https:\/\/jugulajm.net\/index.php?rest_route=%2Fwp%2Fv2%2Ftags&post=82028"}],"curies":[{"name":"wp","href":"https:\/\/api.w.org\/{rel}","templated":true}]}}