{"id":81877,"date":"2024-11-25T19:40:01","date_gmt":"2024-11-25T18:40:01","guid":{"rendered":"https:\/\/jugulajm.net\/?p=81877"},"modified":"2024-11-25T19:40:01","modified_gmt":"2024-11-25T18:40:01","slug":"babai-i-martin-canit-ne-proteste-gjyshi-i-14-vjecarit-te-vihet-drejtesia-ne-vend","status":"publish","type":"post","link":"https:\/\/jugulajm.net\/?p=81877","title":{"rendered":"Babai i Martin Canit n\u00eb protest\u00eb, gjyshi i 14-vje\u00e7arit: T\u00eb vihet drejt\u00ebsia n\u00eb vend"},"content":{"rendered":"<p>Babai i vog\u00eblushit t\u00eb ndjer\u00eb Martin Cani, i cili mbeti i vrar\u00eb nga goditjet me thik\u00eb n\u00eb zem\u00ebr prej bashk\u00ebmoshatarit Mario P\u00ebrlleshi, ka qen\u00eb i pranish\u00ebm n\u00eb protest\u00ebn q\u00eb u organizua dit\u00ebn e sotme nga qytetar\u00ebt para Ministris\u00eb s\u00eb Arsimit.<\/p>\n<p>Kamerat e kan\u00eb fiksuar Angel Canin, n\u00eb protest\u00eb i rrethuar nga familjar\u00eb t\u00eb tij, nd\u00ebrsa edhe qytetar\u00eb t\u00eb ndrysh\u00ebm shihen teksa e ngush\u00ebllojn\u00eb dhe japin forc\u00eb duke i shprehur mb\u00ebshtetjen pas tragjedis\u00eb me djalin e tij, vet\u00ebm 14-vje\u00e7ar.<\/p>\n<p>Nd\u00ebrkoh\u00eb, n\u00eb protest\u00eb ndodhej edhe gjyshi i moshuar i Martinit, i cili i \u00ebsht\u00eb drejtuar t\u00eb pranishm\u00ebve me nj\u00eb fjal\u00eb t\u00eb shkurt\u00ebr, ku ka k\u00ebrkuar q\u00eb t\u00eb vendoset drejt\u00ebsia n\u00eb vend.<\/p>\n<p><em>\u201cDashamir\u00ebs q\u00eb keni ardhur p\u00ebr hir t\u00eb nj\u00eb martiri q\u00eb ra pabesisht, un\u00eb jam gjyshi i Martinit. P\u00ebr ne ka qen\u00eb nj\u00eb humbje shum\u00eb e madhe, q\u00eb me zor po e p\u00ebrballojm\u00eb. Un\u00eb k\u00ebrkoj me k\u00ebmb\u00ebngulje, q\u00eb t\u00eb vendoset n\u00eb k\u00ebt\u00eb shtet drejt\u00ebsia. Do t\u00eb triumfoj\u00eb drejt\u00ebsia, sepse mos kujtoni ju q\u00eb un\u00eb anoj nga asnj\u00eb parti, vet\u00ebm dua drejt\u00ebsi dhe drejt\u00ebsin\u00eb do e mb\u00ebshtes\u00eb i gjith\u00eb populli\u201d,<\/em>\u00a0u shpreh ai.<\/p>\n","protected":false},"excerpt":{"rendered":"<p>Babai i vog\u00eblushit t\u00eb ndjer\u00eb Martin Cani, i cili mbeti i vrar\u00eb nga goditjet me thik\u00eb n\u00eb zem\u00ebr prej bashk\u00ebmoshatarit Mario P\u00ebrlleshi, ka qen\u00eb i pranish\u00ebm n\u00eb protest\u00ebn q\u00eb u organizua dit\u00ebn e sotme nga qytetar\u00ebt para Ministris\u00eb s\u00eb Arsimit. Kamerat e kan\u00eb fiksuar Angel Canin, n\u00eb protest\u00eb i rrethuar nga familjar\u00eb t\u00eb tij, nd\u00ebrsa [&hellip;]<\/p>\n","protected":false},"author":5,"featured_media":81878,"comment_status":"closed","ping_status":"closed","sticky":false,"template":"","format":"standard","meta":{"footnotes":""},"categories":[1,6332,29228],"tags":[34203,34204],"class_list":{"0":"post-81877","1":"post","2":"type-post","3":"status-publish","4":"format-standard","5":"has-post-thumbnail","7":"category-aktualitet","8":"category-te-fundit","9":"category-vendi","10":"tag-babai-i-martin-canit-ne-proteste","11":"tag-gjyshi-i-14-vjecarit-te-vihet-drejtesia-ne-vend"},"_links":{"self":[{"href":"https:\/\/jugulajm.net\/index.php?rest_route=\/wp\/v2\/posts\/81877","targetHints":{"allow":["GET"]}}],"collection":[{"href":"https:\/\/jugulajm.net\/index.php?rest_route=\/wp\/v2\/posts"}],"about":[{"href":"https:\/\/jugulajm.net\/index.php?rest_route=\/wp\/v2\/types\/post"}],"author":[{"embeddable":true,"href":"https:\/\/jugulajm.net\/index.php?rest_route=\/wp\/v2\/users\/5"}],"replies":[{"embeddable":true,"href":"https:\/\/jugulajm.net\/index.php?rest_route=%2Fwp%2Fv2%2Fcomments&post=81877"}],"version-history":[{"count":0,"href":"https:\/\/jugulajm.net\/index.php?rest_route=\/wp\/v2\/posts\/81877\/revisions"}],"wp:featuredmedia":[{"embeddable":true,"href":"https:\/\/jugulajm.net\/index.php?rest_route=\/wp\/v2\/media\/81878"}],"wp:attachment":[{"href":"https:\/\/jugulajm.net\/index.php?rest_route=%2Fwp%2Fv2%2Fmedia&parent=81877"}],"wp:term":[{"taxonomy":"category","embeddable":true,"href":"https:\/\/jugulajm.net\/index.php?rest_route=%2Fwp%2Fv2%2Fcategories&post=81877"},{"taxonomy":"post_tag","embeddable":true,"href":"https:\/\/jugulajm.net\/index.php?rest_route=%2Fwp%2Fv2%2Ftags&post=81877"}],"curies":[{"name":"wp","href":"https:\/\/api.w.org\/{rel}","templated":true}]}}