{"id":81829,"date":"2024-11-25T08:50:24","date_gmt":"2024-11-25T07:50:24","guid":{"rendered":"https:\/\/jugulajm.net\/?p=81829"},"modified":"2024-11-25T08:50:24","modified_gmt":"2024-11-25T07:50:24","slug":"foto-parashikimi-i-motit-per-te-gjithe-javen-11","status":"publish","type":"post","link":"https:\/\/jugulajm.net\/?p=81829","title":{"rendered":"FOTO\/ Parashikimi i motit p\u00ebr t\u00eb gjith\u00eb jav\u00ebn&#8230;"},"content":{"rendered":"<p>P\u00ebr jav\u00ebn q\u00eb presim p\u00ebrpara vendi yn\u00eb do t\u00eb ndikohet kryesisht nga kushte t\u00eb q\u00ebndrueshme atmosferike.<\/p>\n<p>Kjo situat\u00eb vjen si pasoj\u00eb e qarkullimit anticiklonar t\u00eb masave ajrore me origjin\u00eb jugore; situat\u00eb kjo e rrall\u00eb p\u00ebr periudh\u00ebn q\u00eb ndodhemi.<\/p>\n<div class=\"ndaje-pak\">\n<div class=\"readmore-text-here\">\n<p>Megjithat\u00eb, sipas Sh\u00ebrbimit Meteorologjik Ushtarak, duke filluar nga or\u00ebt e vona t\u00eb dit\u00ebs s\u00eb Enjte dhe dit\u00ebn e Premte pritet p\u00ebrs\u00ebri kalimi i disa masave ajrore t\u00eb ftohta dhe t\u00eb lag\u00ebshta duke rikthyer motin e vran\u00ebt dhe reshjet e shiut.<\/p>\n<p>Nga sa u p\u00ebrmend dhe m\u00eb lart\u00eb, nga dita e H\u00ebn\u00eb dhe deri or\u00ebt e pasdites apo or\u00ebt e vona t\u00eb mbr\u00ebmjes t\u00eb dit\u00ebs s\u00eb Enjte moti parashikohet i kthjell\u00ebt e vran\u00ebsira t\u00eb pakta kalimtare. Gjithashtu edhe rritje graduale e temperaturave kryesisht n\u00eb or\u00ebt e mesdit\u00ebs.<\/p>\n<p>N\u00eb or\u00ebt e vona t\u00eb mbr\u00ebmjes t\u00eb dit\u00ebs s\u00eb Enjte dhe p\u00ebr dit\u00ebn e Premte moti parashikohet me vran\u00ebsira mesatare deri t\u00eb dendura dhe intervale afatshkurtra me diell<\/p>\n<p>Vran\u00ebsirat do t\u00eb shoq\u00ebrohen me reshje shiu t\u00eb her\u00ebpashershme me intensitet t\u00eb ul\u00ebt deri mesatar nd\u00ebrsa dit\u00ebn e Premte p\u00ebrgjat\u00eb ult\u00ebsir\u00ebs per\u00ebndimore dhe verilindje reshjet lokalisht me intensitet deri dhe t\u00eb lart\u00eb.<\/p>\n<p>N\u00eb zon\u00ebn e Alpeve dhe verilindje p\u00ebr dit\u00ebn e Premte n\u00eb lart\u00ebsit\u00eb mbi 1000-1200 met\u00ebr reshje d\u00ebbore.<\/p>\n<p><img decoding=\"async\" src=\"https:\/\/www.syri.net\/uploads\/syri.net\/images\/2024\/November\/25\/auto_-640-0-tab-17324842041732516911.jpg\" alt=\"Image\" \/><\/p>\n<\/div>\n<\/div>\n","protected":false},"excerpt":{"rendered":"<p>P\u00ebr jav\u00ebn q\u00eb presim p\u00ebrpara vendi yn\u00eb do t\u00eb ndikohet kryesisht nga kushte t\u00eb q\u00ebndrueshme atmosferike. Kjo situat\u00eb vjen si pasoj\u00eb e qarkullimit anticiklonar t\u00eb masave ajrore me origjin\u00eb jugore; situat\u00eb kjo e rrall\u00eb p\u00ebr periudh\u00ebn q\u00eb ndodhemi. Megjithat\u00eb, sipas Sh\u00ebrbimit Meteorologjik Ushtarak, duke filluar nga or\u00ebt e vona t\u00eb dit\u00ebs s\u00eb Enjte dhe dit\u00ebn [&hellip;]<\/p>\n","protected":false},"author":5,"featured_media":55849,"comment_status":"closed","ping_status":"closed","sticky":false,"template":"","format":"standard","meta":{"footnotes":""},"categories":[7650,6332,29228],"tags":[31754],"class_list":{"0":"post-81829","1":"post","2":"type-post","3":"status-publish","4":"format-standard","5":"has-post-thumbnail","7":"category-moti","8":"category-te-fundit","9":"category-vendi","10":"tag-foto-parashikimi-i-motit-per-te-gjithe-javen"},"_links":{"self":[{"href":"https:\/\/jugulajm.net\/index.php?rest_route=\/wp\/v2\/posts\/81829","targetHints":{"allow":["GET"]}}],"collection":[{"href":"https:\/\/jugulajm.net\/index.php?rest_route=\/wp\/v2\/posts"}],"about":[{"href":"https:\/\/jugulajm.net\/index.php?rest_route=\/wp\/v2\/types\/post"}],"author":[{"embeddable":true,"href":"https:\/\/jugulajm.net\/index.php?rest_route=\/wp\/v2\/users\/5"}],"replies":[{"embeddable":true,"href":"https:\/\/jugulajm.net\/index.php?rest_route=%2Fwp%2Fv2%2Fcomments&post=81829"}],"version-history":[{"count":0,"href":"https:\/\/jugulajm.net\/index.php?rest_route=\/wp\/v2\/posts\/81829\/revisions"}],"wp:featuredmedia":[{"embeddable":true,"href":"https:\/\/jugulajm.net\/index.php?rest_route=\/wp\/v2\/media\/55849"}],"wp:attachment":[{"href":"https:\/\/jugulajm.net\/index.php?rest_route=%2Fwp%2Fv2%2Fmedia&parent=81829"}],"wp:term":[{"taxonomy":"category","embeddable":true,"href":"https:\/\/jugulajm.net\/index.php?rest_route=%2Fwp%2Fv2%2Fcategories&post=81829"},{"taxonomy":"post_tag","embeddable":true,"href":"https:\/\/jugulajm.net\/index.php?rest_route=%2Fwp%2Fv2%2Ftags&post=81829"}],"curies":[{"name":"wp","href":"https:\/\/api.w.org\/{rel}","templated":true}]}}