{"id":81805,"date":"2024-11-24T17:04:19","date_gmt":"2024-11-24T16:04:19","guid":{"rendered":"https:\/\/jugulajm.net\/?p=81805"},"modified":"2024-11-24T18:44:31","modified_gmt":"2024-11-24T17:44:31","slug":"video-paraplegjiku-nga-memaliaj-dergjet-ne-shtrat-autoritetet-nuk-i-japin-pension-invaliditeti","status":"publish","type":"post","link":"https:\/\/jugulajm.net\/?p=81805","title":{"rendered":"VIDEO\/ Paraplegjiku nga Memaliaj dergjet n\u00eb shtrat, autoritetet nuk i japin pension invaliditeti"},"content":{"rendered":"<p>Ky q\u00eb dergjet n\u00eb shtrat \u00ebsht\u00eb Asqeri Dura, 67 vje\u00e7, nga qyteti i Memaliajt i paralizuar para disa koh\u00ebsh. P\u00ebr t\u00eb kujdeset p\u00ebrdit\u00eb Manushaqja e shoqja e tij dhe Teo i biri.<\/p>\n<p>Gjendja e tyre ekonomike nuk ka ku t\u00eb shkoj\u00eb m\u00eb keq.<\/p>\n<p>Si n\u00ebna dhe i biri jan\u00eb t\u00eb papun\u00eb, madje zonja e sht\u00ebpis\u00eb nuk ka asnj\u00eb mund\u00ebsi pun\u00ebsimi, pasi i sh\u00ebrben t\u00eb shoqit n\u00eb shtrat.<\/p>\n<p>Asqeriu nuk ka mund\u00ebsi t\u00eb l\u00ebviz\u00eb dhe kjo \u00ebsht\u00eb arsyeja p\u00ebrse Manushaqja i q\u00ebndron t\u00ebr\u00eb dit\u00ebn tek koka, nd\u00ebrsa djali i \u00e7iftit t\u00eb moshuar Teo \u00ebsht\u00eb pothuajse i paaft\u00eb p\u00ebr t\u00eb punuar. T\u00eb tre rrojn\u00eb me nj\u00eb shum\u00eb prej 12 mij\u00eb lek\u00ebsh, q\u00eb \u00ebsht\u00eb pensioni i invaliditetit t\u00eb Asqeriut. Fagkeqesisht Sh\u00ebrbimi Social Shtet\u00ebror, u ka mohuar dh\u00ebnien e pensionit t\u00eb shoq\u00ebruesit p\u00ebr t\u00eb shoqen e Asqeriut me arsyetim t\u00ebr\u00ebsisht t\u00eb pabaz\u00eb.<\/p>\n<p>Entela Basha, kryetare e komisionit t\u00eb KEMP n\u00eb kryeqytet, ka gjykuar se Asqeriu \u00ebsht\u00eb n\u00eb gjendje, q\u00eb mos t\u00eb ket\u00eb shoq\u00ebrues, pra e shoqja apo i biri q\u00eb q\u00ebndrojn\u00eb 24 or\u00eb me t\u00eb, mos t\u00eb p\u00ebrfitojn\u00eb kontribut financiar, ashtu sikurse e parashikon ligji.<\/p>\n<div>Nd\u00ebrsa Laura Hoxha, shefe e Zyr\u00ebs s\u00eb Trajtimit Ekonomik ne Bashkine e Memaliaj, ju \u00ebsht\u00eb gjendur pran\u00eb k\u00ebsaj familjeje me ushqime dhe veshmbathje periodikisht, nd\u00ebrkoh\u00eb q\u00eb e ka t\u00eb pamundur t\u2019u gjendet pran\u00eb financiarisht p\u00ebr vet\u00eb specifik\u00ebn q\u00eb kjo familje mbart.<\/div>\n<div><\/div>\n","protected":false},"excerpt":{"rendered":"<p>Ky q\u00eb dergjet n\u00eb shtrat \u00ebsht\u00eb Asqeri Dura, 67 vje\u00e7, nga qyteti i Memaliajt i paralizuar para disa koh\u00ebsh. P\u00ebr t\u00eb kujdeset p\u00ebrdit\u00eb Manushaqja e shoqja e tij dhe Teo i biri. Gjendja e tyre ekonomike nuk ka ku t\u00eb shkoj\u00eb m\u00eb keq. Si n\u00ebna dhe i biri jan\u00eb t\u00eb papun\u00eb, madje zonja e sht\u00ebpis\u00eb [&hellip;]<\/p>\n","protected":false},"author":5,"featured_media":81807,"comment_status":"closed","ping_status":"closed","sticky":false,"template":"","format":"video","meta":{"footnotes":""},"categories":[1,6332,29228,26832],"tags":[34190,21916],"class_list":{"0":"post-81805","1":"post","2":"type-post","3":"status-publish","4":"format-video","5":"has-post-thumbnail","7":"category-aktualitet","8":"category-te-fundit","9":"category-vendi","10":"category-video","11":"tag-asqeri-dura","12":"tag-memaliaj","13":"post_format-post-format-video"},"_links":{"self":[{"href":"https:\/\/jugulajm.net\/index.php?rest_route=\/wp\/v2\/posts\/81805","targetHints":{"allow":["GET"]}}],"collection":[{"href":"https:\/\/jugulajm.net\/index.php?rest_route=\/wp\/v2\/posts"}],"about":[{"href":"https:\/\/jugulajm.net\/index.php?rest_route=\/wp\/v2\/types\/post"}],"author":[{"embeddable":true,"href":"https:\/\/jugulajm.net\/index.php?rest_route=\/wp\/v2\/users\/5"}],"replies":[{"embeddable":true,"href":"https:\/\/jugulajm.net\/index.php?rest_route=%2Fwp%2Fv2%2Fcomments&post=81805"}],"version-history":[{"count":0,"href":"https:\/\/jugulajm.net\/index.php?rest_route=\/wp\/v2\/posts\/81805\/revisions"}],"wp:featuredmedia":[{"embeddable":true,"href":"https:\/\/jugulajm.net\/index.php?rest_route=\/wp\/v2\/media\/81807"}],"wp:attachment":[{"href":"https:\/\/jugulajm.net\/index.php?rest_route=%2Fwp%2Fv2%2Fmedia&parent=81805"}],"wp:term":[{"taxonomy":"category","embeddable":true,"href":"https:\/\/jugulajm.net\/index.php?rest_route=%2Fwp%2Fv2%2Fcategories&post=81805"},{"taxonomy":"post_tag","embeddable":true,"href":"https:\/\/jugulajm.net\/index.php?rest_route=%2Fwp%2Fv2%2Ftags&post=81805"}],"curies":[{"name":"wp","href":"https:\/\/api.w.org\/{rel}","templated":true}]}}