{"id":81776,"date":"2024-11-24T10:29:04","date_gmt":"2024-11-24T09:29:04","guid":{"rendered":"https:\/\/jugulajm.net\/?p=81776"},"modified":"2024-11-24T10:30:35","modified_gmt":"2024-11-24T09:30:35","slug":"vrasja-e-martin-canit-flet-babai-i-14-vjecarit-te-plagosur-ishin-2-autore-im-bir-eshte-ne-intubim","status":"publish","type":"post","link":"https:\/\/jugulajm.net\/?p=81776","title":{"rendered":"Vrasja e Martin Canit, flet babai i 14-vje\u00e7arit t\u00eb plagosur: Ishin 2 autor\u00eb, im bir \u00ebsht\u00eb n\u00eb intubim dhe&#8230;"},"content":{"rendered":"<p>Detaje t\u00eb reja jan\u00eb zbuluar n\u00eb lidhje me ngjarjen e r\u00ebnd\u00eb e cila i mori jet\u00ebn 14-vje\u00e7arit Martin Cani.<\/p>\n<p>Fiqiri Me\u00e7e, babai i shokut t\u00eb viktim\u00ebs, 14-vje\u00e7arit i cili u plagos gjat\u00eb konfliktit dhe q\u00eb momentalisht ndodhet n\u00eb spital ku po merr ndihm\u00ebn mjek\u00ebsore, ka zbuluar se autor\u00eb t\u00eb ngjarjes jan\u00eb dy, dhe jo vet\u00ebm M. P. Ndaj t\u00eb cilit \u00ebsht\u00eb marr\u00eb masa e siguris\u00eb \u201cArrest me burg\u201d.<ins id=\"revive-0-14\" data-revive-zoneid=\"469\" data-revive-id=\"865a9b17001ac752b0bc1ea1f790187c\" data-revive-seq=\"14\" data-revive-loaded=\"1\"><\/ins><ins id=\"revive-0-15\" data-revive-zoneid=\"488\" data-revive-id=\"865a9b17001ac752b0bc1ea1f790187c\" data-revive-seq=\"15\" data-revive-loaded=\"1\"><\/ins><\/p>\n<p>Ai u shpreh se djali i ka rr\u00ebfyer gjith\u00e7ka, ashtu si\u00e7 ia ka treguar edhe autoriteteve policore, se autori i dyt\u00eb ka pasur nj\u00eb thik\u00eb me t\u00eb cil\u00ebn ka goditur, q\u00eb ka qen\u00eb m\u00eb e vog\u00ebl se ajo q\u00eb i mori jet\u00ebn 14-vje\u00e7arit Cani.<\/p>\n<p>Babai i t\u00eb plagosurit deklaron se i biri ndodhet n\u00eb intubim sepse e ka t\u00eb v\u00ebshtir\u00eb t\u00eb marr\u00eb frym\u00eb vet\u00eb p\u00ebr periudha t\u00eb gjata kohor\u00eb, nd\u00ebrsa i b\u00ebn thirrje prindit t\u00eb autorit t\u00eb dyt\u00eb t\u00eb dor\u00ebzoj\u00eb vet\u00eb t\u00eb birin, ose ndryshe do t\u00eb b\u00ebj\u00eb gjith\u00e7ka publike.<ins id=\"revive-0-18\" data-revive-zoneid=\"616\" data-revive-id=\"865a9b17001ac752b0bc1ea1f790187c\" data-revive-seq=\"18\" data-revive-loaded=\"1\"><\/ins><\/p>\n<p>Me\u00e7e shton se ka frik\u00ebn se gjith\u00e7ka mund t\u00eb manipulohet.<\/p>\n<p><em>\u201cDjali nuk \u00ebsht\u00eb m\u00eb mir\u00eb, por nga reanimacioni ka dal\u00eb, por \u00ebsht\u00eb akoma n\u00eb stres e n\u00eb panik, goditjet jan\u00eb shum\u00eb t\u00eb thella, krahun e majt\u00eb pothuajse e ka t\u00eb paralizuar, po i b\u00ebjm\u00eb fizioterapi n\u00eb m\u00ebnyr\u00eb private se nga spitali nuk po na ofrojn\u00eb asgj\u00eb, as psikolog as fizioterapi. Mjek\u00ebt na kan\u00eb th\u00ebn\u00eb q\u00eb nuk do ket\u00eb nd\u00ebrhyrje t\u00eb dyt\u00eb deri sa t\u00eb shohin gjendjen n\u00eb vazhdim. Thika i ka prekur m\u00ebl\u00e7in\u00eb dhe djali \u00ebsht\u00eb n\u00eb intubim dhe nuk e dim\u00eb se sa do ta zgjasim. P\u00ebr momentin do ta marr\u00eb aty ndihm\u00ebn mjek\u00ebsore pastaj kam n\u00eb plan ta l\u00ebviz jasht\u00eb sepse nuk e di se sa koh\u00eb do t\u00eb duhet q\u00eb me pes\u00eb plag\u00eb n\u00eb trup t\u00eb b\u00ebhet ai q\u00eb ka qen\u00eb. Ne jemi komshinj me baban\u00eb e Martinit dhe f\u00ebmij\u00ebt njiheshin q\u00eb t\u00eb vegj\u00ebl, shok\u00eb n\u00eb ekip. Kur shkonin n\u00eb ndeshje, gjithmon\u00eb i merrja un\u00eb te dy, ishin t\u00eb pandar\u00eb, ishin si v\u00ebllez\u00ebr, vishnin rroba nj\u00ebsoj. Kur kishin nj\u00eb debat e kuptoja, se vishnin rroba t\u00eb ndryshme. Martini vinte rrinte tek sht\u00ebpia ime, merrte djalin shkonin tek sht\u00ebpia e tij. B\u00ebnin edhe not p\u00ebr zgjatje.<\/em><\/p>\n<p><em>Keni folur me djali se \u00e7far\u00eb ka ndodhur at\u00eb dit\u00eb?<\/em><\/p>\n<p><em>Djali \u00ebsht\u00eb i traumatizuar.<\/em><ins id=\"revive-0-24\" data-revive-zoneid=\"475\" data-revive-id=\"865a9b17001ac752b0bc1ea1f790187c\" data-revive-seq=\"24\" data-revive-loaded=\"1\"><\/ins><\/p>\n<p><em>Dit\u00ebn e premte, Martini i ka th\u00ebn\u00eb L. q\u00eb ka pasur konflikt tek shkolla q\u00eb nj\u00eb nga shok\u00ebt e klas\u00ebs paralele, kemi b\u00ebr\u00eb fjal\u00eb dhe jemi goditur, ka ardhur nj\u00eb m\u00eb i madh dhe m\u00eb ka goditur. Martini kishte nj\u00eb shenj\u00eb t\u00eb premten tek buza. I ka th\u00ebn\u00eb q\u00eb mos i trego prind\u00ebrve por t\u00eb h\u00ebn\u00ebn t\u00eb ulemi ta zgjidhim. Nuk e dim\u00eb se kush \u00ebsht\u00eb personi i rritur q\u00eb e ka goditur dhe n\u00ebse ka ndodhur brenda apo jasht\u00eb shkoll\u00ebs.<\/em><\/p>\n<p><em>T\u00eb diel\u00ebn i \u00e7ova n\u00eb ndeshje, i pash\u00eb rrug\u00ebs q\u00eb kishte di\u00e7ka q\u00eb nuk shkonte, flisnin e p\u00ebrs\u00ebrisnin, por nuk m\u00eb treguan. Nuk i pyeta, m\u00eb konsideronin si shok dhe m\u00eb tregonin se \u00e7far\u00eb problemesh kishin. Isha m\u00eb shum\u00eb shok sesa prind.<\/em><\/p>\n<p><em>T\u00eb h\u00ebn\u00ebn isha n\u00eb Peqin, m\u00eb marrin nga poliklinika dhe m\u00eb thon\u00eb se djali \u00ebsht\u00eb plagosur me thik\u00eb, i dham\u00eb ndihm\u00ebn e par\u00eb dhe po e d\u00ebrgojm\u00eb tek Trauma. Nuk m\u00eb tha sa goditje ka marr\u00eb.<\/em><\/p>\n<p><em>Shkuan djali dhe nusja ime para, takuan babin e Martinit, q\u00eb i kishin treguar se edhe ai ishte plagosur.<\/em><\/p>\n<p><em>T\u00eb dy personat q\u00eb kan\u00eb goditur f\u00ebmij\u00ebt tan\u00eb, se nuk \u00ebsht\u00eb 1, un\u00eb i kam me emra. M\u00eb vjen keq edhe p\u00ebr ata sepse kan\u00eb t\u00eb nj\u00ebjt\u00ebn vuajtje si ne, por duhet t\u00eb jen\u00eb t\u00eb sinqert\u00eb dhe t\u00eb sillen n\u00eb m\u00ebnyr\u00eb njer\u00ebzore, t\u00eb dalin dhe t\u00eb japin nj\u00eb mesazh p\u00ebr njer\u00ebzit q\u00eb t\u00eb b\u00ebhet m\u00eb e mira, sepse rinia nuk mund t\u00eb shkoj\u00eb p\u00ebrpara duke goditur me thik\u00eb.<\/em><\/p>\n<p><em>F\u00ebmija mund t\u00eb dal\u00eb f\u00ebmija i kujtdo dhe ta b\u00ebj\u00eb k\u00ebt\u00eb gjest, por prindi duhet t\u00eb jet\u00eb i p\u00ebrgjegjsh\u00ebm. P\u00ebrve\u00e7se nuk e ka ndaluar, e ka pajisur me thik\u00eb f\u00ebmij\u00ebn n\u00eb shkoll\u00eb. Djali i ka par\u00eb q\u00eb jan\u00eb dy veta, personi i par\u00eb q\u00eb e ka goditur djalin me thik\u00eb pas shpine \u00ebsht\u00eb K. B, bashk\u00ebmoshatar dhe shok i autorit tjet\u00ebr.<\/em><\/p>\n<p><em>K. e ka pasur thik\u00ebn m\u00eb t\u00eb vog\u00ebl, distanca e thik\u00ebs mund t\u00eb jet\u00eb rreth 10-12 cm. I kam dh\u00ebn\u00eb k\u00ebto d\u00ebshmi te Drejtoria e Policis\u00eb. K. e ka goditur i pari n\u00eb shpatull djalin tim, dhe plaga n\u00eb shpatull \u00ebsht\u00eb m\u00eb shkurt\u00ebr dhe m\u00eb e ngusht\u00eb se sa plaga q\u00eb ka marr\u00eb n\u00eb bark.<\/em><\/p>\n<p><em>Her\u00ebn e dyt\u00eb e ka goditur ky djali q\u00eb \u00ebsht\u00eb kapur Mario P\u00ebrlleshaj, dy her\u00eb dhe n\u00eb fund pastaj e kan\u00eb goditur t\u00eb dy. Se djali ka ikur i fundit pasi ka par\u00eb Martinin t\u00eb rr\u00ebzuar n\u00eb tok\u00eb, e ka ngritur dhe i ka th\u00ebn\u00eb \u00e7ohu se paskan thik\u00eb. N\u00eb at\u00eb moment iu jan\u00eb hedhur t\u00eb dy djalit, K. e ka goditur n\u00eb krah dhe n\u00eb ije. Kurse tjetri i ka r\u00ebn\u00eb m\u00eb thik\u00ebn e madhe tek gjoksi, djali e ka shtyr\u00eb me duar dhe nuk \u00ebsht\u00eb shum\u00eb plag\u00eb e madhe. Ai nuk i njihte, vet\u00ebm, Martinin viktim\u00eb njeh.<\/em><\/p>\n<p><em>Nuk \u00ebsht\u00eb mir\u00eb psikologjisht, ka lodhjen e vet. Na duhet ndihm\u00eb nga shteti qoft\u00eb nj\u00eb psikolog nj\u00eb fizoterapist p\u00ebr krahun, ndonj\u00eb mb\u00ebshtetje p\u00ebr kurim m\u00eb t\u00eb mir\u00eb. Jan\u00eb 5 plag\u00eb n\u00eb trup.<\/em><\/p>\n<p><em>Shteti t\u00eb marr\u00eb masa dhe autor\u00ebt t\u00eb kapen. Nuk k\u00ebrkojm\u00eb hakmarrje por ata q\u00eb kan\u00eb b\u00ebr\u00eb k\u00ebt\u00eb vep\u00ebr kriminale t\u00eb shkojn\u00eb aty ku e meritojn\u00eb, edhe djali im po t\u00eb jet\u00eb nes\u00ebr do ta \u00e7oj atje t\u00eb vuaj\u00eb d\u00ebnimin.<\/em><br \/>\n<em>At\u00eb dit\u00eb L. ka shkuar tek shkolla Fan Noli se e ka k\u00ebrkuar Martini, ka shkuar p\u00ebr nj\u00eb sqarim dhe L. nuk ka shkuar p\u00ebr t\u2019u goditur.<\/em><br \/>\n<em>Problemi m\u00eb i madh \u00ebsht\u00eb se po e vuan psikologjikisht, do i duhet koh\u00eb p\u00ebr tu rikuperuar me krahun, pjes\u00eb t\u00eb trupit, djali \u00ebsht\u00eb n\u00eb spital dhe nuk e dim\u00eb se n\u00eb \u00e7far\u00eb gjendje do t\u00eb dal\u00eb.<\/em><br \/>\n<em>Se di pse po zgjat, autor\u00ebt do t\u00eb duhet t\u00eb ishin t\u00eb dy para drejt\u00ebsis\u00eb. Nuk \u00ebsht\u00eb nevoja t\u00eb vij un\u00eb ta them emrin e personin t\u00eb dyt\u00eb, policia ka marr\u00eb kamerat edhe d\u00ebshmit\u00eb.<\/em><br \/>\n<em>Duhet t\u00eb k\u00ebrkojm\u00eb sigurin\u00eb e f\u00ebmij\u00ebs brenda ambienteve t\u00eb shkoll\u00ebs, pastaj k\u00ebrkoni edukim t\u00eb prind\u00ebrve. Prind\u00ebrit t\u2019i mbajn\u00eb f\u00ebmij\u00ebt larg veseve t\u00eb k\u00ebqija, aktiviziojini n\u00eb sport, not dhe sa m\u00eb larg telefonit.<\/em><br \/>\n<em>Nuk jam i ngarkuar, jam i qet\u00eb si prind, i ngarkuar \u00ebsht\u00eb f\u00ebmija ime. Por t\u00eb isha i ngarkuar do t\u00eb kisha marr\u00eb veprime t\u00eb tjera. Nuk jan\u00eb pag\u00eb trupore, por plag\u00eb t\u00eb r\u00ebnda trupore.<\/em><br \/>\n<em>L. ka thirrur at\u00eb dit\u00eb M. (autorin) dhe Martini, i ka th\u00ebn\u00eb pse jeni z\u00ebn\u00eb, ai ka nxjerr\u00eb thik\u00ebn dhe i ka goditur direkt, Ka qen\u00eb i organizuar, ka dal\u00eb nga shkolla me thik\u00eb, ka kaluar nga trotuari ka goditur f\u00ebmij\u00ebn. F\u00ebmija im ka shkuar p\u00ebr t\u2019i qet\u00ebsuar.<\/em><\/p>\n<p><em>F\u00ebmija tjet\u00ebr \u00ebsht\u00eb pyetur nga policia por nuk \u00ebsht\u00eb ndaluar. Prindi i f\u00ebmij\u00ebs b\u00ebn mir\u00eb q\u00eb t\u00eb shkoj\u00eb ta dor\u00ebzoj\u00eb vet\u00eb f\u00ebmij\u00ebn, bashk\u00eb me arm\u00ebn e krimit. Ndryshe do ti b\u00ebj publike gjith\u00e7ka, ai mir\u00eb \u00ebsht\u00eb t\u00eb shkoj\u00eb ta dor\u00ebzoj\u00eb, mqs e ka m\u00ebsuar n\u00eb at\u00eb m\u00ebnyr\u00eb, nuk edukohet f\u00ebmija me thik\u00eb e kallash.<\/em><\/p>\n<p><em>Sigurisht q\u00eb ngjarja mund t\u00eb manipulohet, Shqip\u00ebria \u00ebsht\u00eb vend i \u00e7udirave. N\u00ebse nuk do ti mbronin f\u00ebmij\u00ebt do t\u00eb jepnin nj\u00eb deklarat\u00eb p\u00ebr Martin.<\/em><\/p>\n<p><em>Si nga babai i Marios dhe K. nuk kam pasur k\u00ebrc\u00ebnime, edhe n\u00ebse do ta b\u00ebjm\u00eb, nuk trembem. Kam punuar me djers\u00eb. S\u2019kam pasur presion, djalit i erdhi nj\u00eb inspektor dhe i b\u00ebri presion, por e nxora jasht\u00eb, Dyshoj se mund t\u00eb jet\u00eb edhe dikush nga k\u00ebta. Inspektor q\u00eb merr d\u00ebshmi, ky nuk erdhi n\u00eb prani t\u00eb psikologut. Djali nuk flet dot sepse i merret fryma dhe ai e ka vendosur n\u00eb presion. E kam nxjerr\u00eb jasht\u00eb, nuk pranuam. N\u00ebse do t\u00eb ishte inspektor, s\u00eb pari duhet t\u00eb ishte njeri. Nuk mund t\u00eb vij\u00eb me petkun e inspektorit, dhe ti b\u00ebsh presion. Shumic\u00ebn e gj\u00ebrave i kam zbuluar vet\u00eb\u201d,<\/em>\u00a0u shpreh ai n\u00eb nj\u00eb intervist\u00eb p\u00ebr Euronews.<\/p>\n","protected":false},"excerpt":{"rendered":"<p>Detaje t\u00eb reja jan\u00eb zbuluar n\u00eb lidhje me ngjarjen e r\u00ebnd\u00eb e cila i mori jet\u00ebn 14-vje\u00e7arit Martin Cani. Fiqiri Me\u00e7e, babai i shokut t\u00eb viktim\u00ebs, 14-vje\u00e7arit i cili u plagos gjat\u00eb konfliktit dhe q\u00eb momentalisht ndodhet n\u00eb spital ku po merr ndihm\u00ebn mjek\u00ebsore, ka zbuluar se autor\u00eb t\u00eb ngjarjes jan\u00eb dy, dhe jo vet\u00ebm [&hellip;]<\/p>\n","protected":false},"author":5,"featured_media":81777,"comment_status":"closed","ping_status":"closed","sticky":false,"template":"","format":"standard","meta":{"footnotes":""},"categories":[1,6332,29228],"tags":[34182,34183,34181],"class_list":{"0":"post-81776","1":"post","2":"type-post","3":"status-publish","4":"format-standard","5":"has-post-thumbnail","7":"category-aktualitet","8":"category-te-fundit","9":"category-vendi","10":"tag-flet-babai-i-14-vjecarit-te-plagosur-ishin-2-autore","11":"tag-im-bir-eshte-ne-intubim","12":"tag-vrasja-e-martin-canit"},"_links":{"self":[{"href":"https:\/\/jugulajm.net\/index.php?rest_route=\/wp\/v2\/posts\/81776","targetHints":{"allow":["GET"]}}],"collection":[{"href":"https:\/\/jugulajm.net\/index.php?rest_route=\/wp\/v2\/posts"}],"about":[{"href":"https:\/\/jugulajm.net\/index.php?rest_route=\/wp\/v2\/types\/post"}],"author":[{"embeddable":true,"href":"https:\/\/jugulajm.net\/index.php?rest_route=\/wp\/v2\/users\/5"}],"replies":[{"embeddable":true,"href":"https:\/\/jugulajm.net\/index.php?rest_route=%2Fwp%2Fv2%2Fcomments&post=81776"}],"version-history":[{"count":0,"href":"https:\/\/jugulajm.net\/index.php?rest_route=\/wp\/v2\/posts\/81776\/revisions"}],"wp:featuredmedia":[{"embeddable":true,"href":"https:\/\/jugulajm.net\/index.php?rest_route=\/wp\/v2\/media\/81777"}],"wp:attachment":[{"href":"https:\/\/jugulajm.net\/index.php?rest_route=%2Fwp%2Fv2%2Fmedia&parent=81776"}],"wp:term":[{"taxonomy":"category","embeddable":true,"href":"https:\/\/jugulajm.net\/index.php?rest_route=%2Fwp%2Fv2%2Fcategories&post=81776"},{"taxonomy":"post_tag","embeddable":true,"href":"https:\/\/jugulajm.net\/index.php?rest_route=%2Fwp%2Fv2%2Ftags&post=81776"}],"curies":[{"name":"wp","href":"https:\/\/api.w.org\/{rel}","templated":true}]}}