{"id":81733,"date":"2024-11-22T16:58:04","date_gmt":"2024-11-22T15:58:04","guid":{"rendered":"https:\/\/jugulajm.net\/?p=81733"},"modified":"2024-11-22T16:58:04","modified_gmt":"2024-11-22T15:58:04","slug":"aktori-nga-memaliaj-mehdi-malkaj-rrefen-historine-me-babain-erdhi-ne-shkolle-dhe","status":"publish","type":"post","link":"https:\/\/jugulajm.net\/?p=81733","title":{"rendered":"Aktori nga Memaliaj Mehdi Malkaj rr\u00ebfen historin\u00eb me babain: Erdhi n\u00eb shkoll\u00eb dhe&#8230;"},"content":{"rendered":"<div class=\"firstP\">\n<p>Aktori i mir\u00ebnjohur shqiptar, Mehdi Malkaj, i ftuar n\u00eb nj\u00eb emisionin televiziv, ka rr\u00ebfyer nj\u00eb histori t\u00eb tij kur ka qen\u00eb n\u00eb klas\u00ebn e par\u00eb ose t\u00eb dyt\u00eb, kur nuk d\u00ebshironte t\u00eb shkonte m\u00eb n\u00eb shkoll\u00eb, pasi rrihej nga shok\u00ebt e klas\u00ebs.<\/p>\n<\/div>\n<p>\u201cBabain e kisha shum\u00eb t\u00eb urt\u00eb. Ai ishte pothuajse i heshtur. Nuk shkova n\u00eb shkoll\u00eb nj\u00eb dit\u00eb, isha n\u00eb klas\u00ebn e par\u00eb apo t\u00eb dyt\u00eb, isha i m\u00ebrzitur. Babai m\u00eb pa e m\u00eb tha:<\/p>\n<p><em>Pse nuk shkon n\u00eb shkoll\u00eb more bir?<\/em><\/p>\n<p>Nuk shkoj m\u00eb.<\/p>\n<p><em>Po pse?<\/em><\/p>\n<p>Po mua m\u00eb rrahin t\u00eb gjith\u00eb.<\/p>\n<p>Kush t\u00eb rreh?<\/p>\n<p>T\u00eb gjith\u00eb, kush m\u00eb del p\u00ebrpara.<\/p>\n<p>Sepse un\u00eb shkruaja shkruaja me dor\u00ebn e majt\u00eb. \u201cDo shkosh sot dhe nuk do shkosh m\u00eb\u201d, m\u00eb tha babai.<\/p>\n<p>Babai vjen n\u00eb klas\u00eb dhe i tha m\u00ebsueses \u201cpo sikur djali im t\u00eb mos e ket\u00eb dor\u00ebn e majt\u00eb fare, quhet sakat?\u201d \u201cT\u00eb lutem, se jemi n\u00eb m\u00ebsim\u201d, tha m\u00ebsuesja. \u201cP\u00ebr m\u00ebsim thash\u00eb dhe un\u00eb\u201d, i tha babi . \u201cPse ma b\u00ebn djalin sakat\u201d, i tha babai.\u201d, rr\u00ebfeu aktori Malkaj.<\/p>\n","protected":false},"excerpt":{"rendered":"<p>Aktori i mir\u00ebnjohur shqiptar, Mehdi Malkaj, i ftuar n\u00eb nj\u00eb emisionin televiziv, ka rr\u00ebfyer nj\u00eb histori t\u00eb tij kur ka qen\u00eb n\u00eb klas\u00ebn e par\u00eb ose t\u00eb dyt\u00eb, kur nuk d\u00ebshironte t\u00eb shkonte m\u00eb n\u00eb shkoll\u00eb, pasi rrihej nga shok\u00ebt e klas\u00ebs. \u201cBabain e kisha shum\u00eb t\u00eb urt\u00eb. Ai ishte pothuajse i heshtur. Nuk shkova [&hellip;]<\/p>\n","protected":false},"author":5,"featured_media":81734,"comment_status":"closed","ping_status":"closed","sticky":false,"template":"","format":"standard","meta":{"footnotes":""},"categories":[7665,6332,29228],"tags":[34166],"class_list":{"0":"post-81733","1":"post","2":"type-post","3":"status-publish","4":"format-standard","5":"has-post-thumbnail","7":"category-art","8":"category-te-fundit","9":"category-vendi","10":"tag-aktori-nga-memaliaj-mehdi-malkaj-rrefen-historine-me-babain-erdhi-ne-shkolle-dhe"},"_links":{"self":[{"href":"https:\/\/jugulajm.net\/index.php?rest_route=\/wp\/v2\/posts\/81733","targetHints":{"allow":["GET"]}}],"collection":[{"href":"https:\/\/jugulajm.net\/index.php?rest_route=\/wp\/v2\/posts"}],"about":[{"href":"https:\/\/jugulajm.net\/index.php?rest_route=\/wp\/v2\/types\/post"}],"author":[{"embeddable":true,"href":"https:\/\/jugulajm.net\/index.php?rest_route=\/wp\/v2\/users\/5"}],"replies":[{"embeddable":true,"href":"https:\/\/jugulajm.net\/index.php?rest_route=%2Fwp%2Fv2%2Fcomments&post=81733"}],"version-history":[{"count":0,"href":"https:\/\/jugulajm.net\/index.php?rest_route=\/wp\/v2\/posts\/81733\/revisions"}],"wp:featuredmedia":[{"embeddable":true,"href":"https:\/\/jugulajm.net\/index.php?rest_route=\/wp\/v2\/media\/81734"}],"wp:attachment":[{"href":"https:\/\/jugulajm.net\/index.php?rest_route=%2Fwp%2Fv2%2Fmedia&parent=81733"}],"wp:term":[{"taxonomy":"category","embeddable":true,"href":"https:\/\/jugulajm.net\/index.php?rest_route=%2Fwp%2Fv2%2Fcategories&post=81733"},{"taxonomy":"post_tag","embeddable":true,"href":"https:\/\/jugulajm.net\/index.php?rest_route=%2Fwp%2Fv2%2Ftags&post=81733"}],"curies":[{"name":"wp","href":"https:\/\/api.w.org\/{rel}","templated":true}]}}