{"id":81701,"date":"2024-11-21T22:13:33","date_gmt":"2024-11-21T21:13:33","guid":{"rendered":"https:\/\/jugulajm.net\/?p=81701"},"modified":"2024-11-21T22:13:33","modified_gmt":"2024-11-21T21:13:33","slug":"flet-babai-i-autorit-te-vrasjes-se-14-vjecarit-shpresoj-te-mos-e-kete-bere-im-bir-dhe","status":"publish","type":"post","link":"https:\/\/jugulajm.net\/?p=81701","title":{"rendered":"Flet babai i autorit t\u00eb vrasjes s\u00eb 14-vje\u00e7arit: Shpresoj t\u00eb mos e ket\u00eb b\u00ebr\u00eb im bir dhe&#8230;"},"content":{"rendered":"<div class=\"firstP\">\n<p>P\u00ebr her\u00eb t\u00eb par\u00eb, babai i minorenit q\u00eb dyshohet se vrau me thik\u00eb Martin Canin ka folur n\u00eb nj\u00eb intervist\u00eb p\u00ebr Top Story, n\u00eb Top Channel.<\/p>\n<\/div>\n<p>Ai u shpreh se dhimbjen e ndan p\u00ebrgjysm\u00eb me familjen e viktim\u00ebs, nd\u00ebrsa thot\u00eb se \u00ebsht\u00eb duke tentuar q\u00eb t\u00eb ket\u00eb nj\u00eb komunikim me familjen Cani.<\/p>\n<p>\u201cNuk kam folur jam duke tentuar. Nuk keni pse nd\u00ebrhyni, kam aq burrni dhe karakter dhe shpirt sa p\u00ebr t\u00eb folur me familjen e tij. Nuk i kam b\u00ebr\u00eb keq kurr\u00eb. Nuk jam nj\u00eb familje ordiner\u00ebsh, por nj\u00eb familje e lart\u00eb, punojm\u00eb bashk\u00eb me nusen, kemi nj\u00eb djal\u00eb p\u00ebr mall dhe at\u00eb u munduam ta rrisim si\u00e7 duhet ta rrisim, por normalisht \u00e7do gj\u00eb \u2026. nuk di \u00e7far\u00eb t\u00eb them tjet\u00ebr\u2026. familjen time nuk mund ta prish\u00eb kush. Familja ime ka vepra. Pjes\u00ebn e dhimbjes e ndaj me zot\u00ebrin\u00eb, sikur me pas vdek djali im\u201d, tha ai.<\/p>\n<p>Nd\u00ebr t\u00eb tjera ai u shpreh se nuk ka pasur dijeni p\u00ebr sherrin q\u00eb f\u00ebmij\u00ebt kan\u00eb pasur m\u00eb her\u00ebt n\u00eb shkoll\u00eb.<br \/>\n\u201cNuk di asgj\u00eb, thjesht\u00eb di q\u00eb djali im akuzohet p\u00ebr at\u00eb pjes\u00eb\u2026 Nuk di asgj\u00eb. Po t\u00eb dihej nuk do kishte ndodhur kjo gj\u00eb\u2026. Nj\u00eb djal\u00eb p\u00ebr mall kam\u2026 Un\u00eb nuk kam fjal\u00eb p\u00ebr t\u00eb th\u00ebn\u00eb, nuk di fjal\u00eb me gjet p\u00ebr ngush\u00ebllime p\u00ebr familjen q\u00eb i ka ndodhur tragjedia. Spekulimet e njer\u00ebzve nuk m\u00eb interesojn\u00eb\u2026. Por t\u00eb spekulohet p\u00ebr nj\u00eb 14-vje\u00e7ar q\u00eb nuk e di se \u00e7far\u00eb \u00ebsht\u00eb jeta, \u00e7far\u00eb \u00ebsht\u00eb sherri, \u00e7far\u00eb ka b\u00ebr\u00eb, nuk di gj\u00eb se \u00e7far\u00eb ka b\u00ebr\u00eb, inshallah se ka b\u00ebr\u00eb, se nuk kam par\u00eb asnj\u00eb filmim, le ta marr\u00eb ligji n\u00eb dor\u00eb\u201d, tha ai.<\/p>\n<p>P\u00ebrlleshi shprehet se i biri ndodhet n\u00eb gjendje shoku, ende n\u00eb spital, nd\u00ebrsa shton se kan\u00eb vet\u00ebm nj\u00eb djal\u00eb dhe se jan\u00eb p\u00ebrpjekur q\u00eb ta rrisin dhe edukojn\u00eb sa m\u00eb mir\u00eb.<\/p>\n<p>\u201cFjal\u00ebt e miletit un\u00eb nuk i ndaloj dot se nuk m\u00eb intereson fare, mua m\u00eb intereson dhimbja e familjes dhe\u2026 Djali im \u00ebsht\u00eb n\u00eb spital. \u00cbsht\u00eb kalama, \u00ebsht\u00eb i tronditur dhe \u00ebsht\u00eb n\u00eb gjendje shoku, dhe un\u00eb dhe nusja jemi n\u00eb gjendje shoku\u2026\u201d, u shpreh ai.<\/p>\n<p>I pyetur n\u00ebse ka qen\u00eb n\u00eb makin\u00eb me djalin n\u00eb momentin q\u00eb ai ka postuar foto pas krimit n\u00eb rrjetet sociale, ai e mohon duke th\u00ebn\u00eb se ka prova q\u00eb v\u00ebrtetojn\u00eb se ai ka qen\u00eb n\u00eb pun\u00eb n\u00eb momentin e ngjarjes.<\/p>\n<p>\u201cKe fakte nga kam qen\u00eb un\u00eb kur ka ndodhur problemi. Un\u00eb kam qen\u00eb n\u00eb pun\u00eb n\u00eb nd\u00ebrtim, ka kamera\u201d, tha ai.<\/p>\n<p>Po ashtu ai tha se djali nuk i ka konfirmuar se e ka kryer krimin.<\/p>\n<p>\u201cDjali \u00ebsht\u00eb i shokuar, nuk di se \u00e7far\u00eb thot\u00eb. Djali \u00ebsht\u00eb n\u00eb spital\u201d, deklaroi ai n\u00eb ekranin e Top Channel.<\/p>\n","protected":false},"excerpt":{"rendered":"<p>P\u00ebr her\u00eb t\u00eb par\u00eb, babai i minorenit q\u00eb dyshohet se vrau me thik\u00eb Martin Canin ka folur n\u00eb nj\u00eb intervist\u00eb p\u00ebr Top Story, n\u00eb Top Channel. Ai u shpreh se dhimbjen e ndan p\u00ebrgjysm\u00eb me familjen e viktim\u00ebs, nd\u00ebrsa thot\u00eb se \u00ebsht\u00eb duke tentuar q\u00eb t\u00eb ket\u00eb nj\u00eb komunikim me familjen Cani. \u201cNuk kam folur [&hellip;]<\/p>\n","protected":false},"author":5,"featured_media":81581,"comment_status":"closed","ping_status":"closed","sticky":false,"template":"","format":"standard","meta":{"footnotes":""},"categories":[1,6332,29228],"tags":[34158],"class_list":{"0":"post-81701","1":"post","2":"type-post","3":"status-publish","4":"format-standard","5":"has-post-thumbnail","7":"category-aktualitet","8":"category-te-fundit","9":"category-vendi","10":"tag-flet-babai-i-autorit-te-vrasjes-se-14-vjecarit-shpresoj-te-mos-e-kete-bere-im-bir-dhe"},"_links":{"self":[{"href":"https:\/\/jugulajm.net\/index.php?rest_route=\/wp\/v2\/posts\/81701","targetHints":{"allow":["GET"]}}],"collection":[{"href":"https:\/\/jugulajm.net\/index.php?rest_route=\/wp\/v2\/posts"}],"about":[{"href":"https:\/\/jugulajm.net\/index.php?rest_route=\/wp\/v2\/types\/post"}],"author":[{"embeddable":true,"href":"https:\/\/jugulajm.net\/index.php?rest_route=\/wp\/v2\/users\/5"}],"replies":[{"embeddable":true,"href":"https:\/\/jugulajm.net\/index.php?rest_route=%2Fwp%2Fv2%2Fcomments&post=81701"}],"version-history":[{"count":0,"href":"https:\/\/jugulajm.net\/index.php?rest_route=\/wp\/v2\/posts\/81701\/revisions"}],"wp:featuredmedia":[{"embeddable":true,"href":"https:\/\/jugulajm.net\/index.php?rest_route=\/wp\/v2\/media\/81581"}],"wp:attachment":[{"href":"https:\/\/jugulajm.net\/index.php?rest_route=%2Fwp%2Fv2%2Fmedia&parent=81701"}],"wp:term":[{"taxonomy":"category","embeddable":true,"href":"https:\/\/jugulajm.net\/index.php?rest_route=%2Fwp%2Fv2%2Fcategories&post=81701"},{"taxonomy":"post_tag","embeddable":true,"href":"https:\/\/jugulajm.net\/index.php?rest_route=%2Fwp%2Fv2%2Ftags&post=81701"}],"curies":[{"name":"wp","href":"https:\/\/api.w.org\/{rel}","templated":true}]}}