{"id":81664,"date":"2024-11-21T12:11:38","date_gmt":"2024-11-21T11:11:38","guid":{"rendered":"https:\/\/jugulajm.net\/?p=81664"},"modified":"2024-11-21T12:11:38","modified_gmt":"2024-11-21T11:11:38","slug":"vrasja-e-14-vjecarit-marshim-proteste-para-ministrise-se-arsimit-martin-te-kemi-vrare-te-gjithe-nga-pak","status":"publish","type":"post","link":"https:\/\/jugulajm.net\/?p=81664","title":{"rendered":"Vrasja e 14-vje\u00e7arit, marshim proteste para Ministris\u00eb s\u00eb Arsimit: Martin t\u00eb kemi vrar\u00eb t\u00eb gjith\u00eb nga pak"},"content":{"rendered":"<p>Prind\u00ebr t\u00eb shumt\u00eb kan\u00eb dal\u00eb sot n\u00eb protest\u00eb pas vrasjes s\u00eb 14-vje\u00e7arit, Martin Cani, nga nj\u00eb bashk\u00ebmoshatar i tij n\u00eb dyert e shkoll\u00ebs ku m\u00ebsonte.<\/p>\n<p>Me pankarta n\u00eb duar \u201cMartin Cani nj\u00eb f\u00ebmij\u00eb m\u00eb pak, nj\u00eb d\u00ebshtim m\u00eb shum\u00eb\u201d, \u201cPse b\u00ebn sikur jeton n\u00eb nj\u00eb vend normal\u201d, \u201cHeshtja jon\u00eb po na vret f\u00ebmij\u00ebt.<\/p>\n<p>Sa viktima duhen q\u00eb ne t\u00eb ngrem\u00eb z\u00ebrin? Martin, t\u00eb kemi vrar\u00eb t\u00eb gjith\u00eb nga pak\u201d, qytetar\u00ebt kan\u00eb k\u00ebrkuar drejt\u00ebsi p\u00ebr t\u00eb miturin dhe siguri nga autoritetet n\u00eb shkolla dhe n\u00eb vend.<\/p>\n<p><img loading=\"lazy\" loading=\"lazy\" decoding=\"async\" src=\"https:\/\/noa.al\/newsImages\/2024\/11\/640-0-protesta-2-253x450-1732184325-576x1024.jpg\" alt=\"\" width=\"576\" height=\"1024\" \/><\/p>\n<p><img loading=\"lazy\" loading=\"lazy\" decoding=\"async\" src=\"https:\/\/noa.al\/newsImages\/2024\/11\/640-0-protesta6-2-1732184323-576x1024.jpg\" alt=\"\" width=\"576\" height=\"1024\" \/><\/p>\n<p><img loading=\"lazy\" loading=\"lazy\" decoding=\"async\" src=\"https:\/\/noa.al\/newsImages\/2024\/11\/640-0-protesta66-1-1732184325-576x1024.jpg\" alt=\"\" width=\"576\" height=\"1024\" \/><\/p>\n","protected":false},"excerpt":{"rendered":"<p>Prind\u00ebr t\u00eb shumt\u00eb kan\u00eb dal\u00eb sot n\u00eb protest\u00eb pas vrasjes s\u00eb 14-vje\u00e7arit, Martin Cani, nga nj\u00eb bashk\u00ebmoshatar i tij n\u00eb dyert e shkoll\u00ebs ku m\u00ebsonte. Me pankarta n\u00eb duar \u201cMartin Cani nj\u00eb f\u00ebmij\u00eb m\u00eb pak, nj\u00eb d\u00ebshtim m\u00eb shum\u00eb\u201d, \u201cPse b\u00ebn sikur jeton n\u00eb nj\u00eb vend normal\u201d, \u201cHeshtja jon\u00eb po na vret f\u00ebmij\u00ebt. Sa viktima [&hellip;]<\/p>\n","protected":false},"author":5,"featured_media":81665,"comment_status":"closed","ping_status":"closed","sticky":false,"template":"","format":"standard","meta":{"footnotes":""},"categories":[1,6332,29228],"tags":[34147,34107],"class_list":{"0":"post-81664","1":"post","2":"type-post","3":"status-publish","4":"format-standard","5":"has-post-thumbnail","7":"category-aktualitet","8":"category-te-fundit","9":"category-vendi","10":"tag-marshim-proteste-para-ministrise-se-arsimit-martin-te-kemi-vrare-te-gjithe-nga-pak","11":"tag-vrasja-e-14-vjecarit"},"_links":{"self":[{"href":"https:\/\/jugulajm.net\/index.php?rest_route=\/wp\/v2\/posts\/81664","targetHints":{"allow":["GET"]}}],"collection":[{"href":"https:\/\/jugulajm.net\/index.php?rest_route=\/wp\/v2\/posts"}],"about":[{"href":"https:\/\/jugulajm.net\/index.php?rest_route=\/wp\/v2\/types\/post"}],"author":[{"embeddable":true,"href":"https:\/\/jugulajm.net\/index.php?rest_route=\/wp\/v2\/users\/5"}],"replies":[{"embeddable":true,"href":"https:\/\/jugulajm.net\/index.php?rest_route=%2Fwp%2Fv2%2Fcomments&post=81664"}],"version-history":[{"count":0,"href":"https:\/\/jugulajm.net\/index.php?rest_route=\/wp\/v2\/posts\/81664\/revisions"}],"wp:featuredmedia":[{"embeddable":true,"href":"https:\/\/jugulajm.net\/index.php?rest_route=\/wp\/v2\/media\/81665"}],"wp:attachment":[{"href":"https:\/\/jugulajm.net\/index.php?rest_route=%2Fwp%2Fv2%2Fmedia&parent=81664"}],"wp:term":[{"taxonomy":"category","embeddable":true,"href":"https:\/\/jugulajm.net\/index.php?rest_route=%2Fwp%2Fv2%2Fcategories&post=81664"},{"taxonomy":"post_tag","embeddable":true,"href":"https:\/\/jugulajm.net\/index.php?rest_route=%2Fwp%2Fv2%2Ftags&post=81664"}],"curies":[{"name":"wp","href":"https:\/\/api.w.org\/{rel}","templated":true}]}}