{"id":81651,"date":"2024-11-21T10:43:26","date_gmt":"2024-11-21T09:43:26","guid":{"rendered":"https:\/\/jugulajm.net\/?p=81651"},"modified":"2024-11-21T10:45:43","modified_gmt":"2024-11-21T09:45:43","slug":"emrat-levizje-te-reja-ne-policine-e-shtetit","status":"publish","type":"post","link":"https:\/\/jugulajm.net\/?p=81651","title":{"rendered":"EMRAT\/ L\u00ebvizje t\u00eb reja n\u00eb Policin\u00eb e Shtetit"},"content":{"rendered":"<p>N\u00eb radh\u00ebt e policis\u00eb n\u00eb qarqe ka pasur l\u00ebvizje t\u00eb reja. Drejtori i P\u00ebrgjithsh\u00ebm i Policis\u00eb s\u00eb Shtetit, Ilir Proda, ka b\u00ebr\u00eb edhe te disa z\u00ebvend\u00ebsdrejtor\u00eb n\u00eb qarqe. K\u00ebto ndryshime vijn\u00eb pak dit\u00eb pas em\u00ebrimit t\u00eb 12 krer\u00ebve t\u00eb Drejtorive Vendore t\u00eb Policive n\u00eb qarqet e vendit.<\/p>\n<p>Raportohet se Ervin Ndreu, i cili ishte edhe garues p\u00ebr Drejtor n\u00eb Qarqe dhe q\u00eb deri tani ka qen\u00eb shef komisariati Nr.6 n\u00eb Kombinat \u00ebsht\u00eb transferuar n\u00eb Lezh\u00eb, duke u em\u00ebruar zv\/drejtor qarku.<\/p>\n<p>Po ashtu Oligert Torba, shefit t\u00eb komisariatit nr.5 e i \u00ebsht\u00eb dh\u00ebn\u00eb detyra e zv\/drejtor n\u00eb Drejtorin\u00eb e Qarkut Fier.<\/p>\n<p>Hajri Kushe, m\u00eb par\u00eb ish-zv\/drejtor n\u00eb qarkun e Shkodr\u00ebs \u00ebsht\u00eb em\u00ebruar zv\/drejtor n\u00eb Korc\u00eb.<\/p>\n<p>Shefi i komisariatit t\u00eb Shkodr\u00ebs, Idriz Daulle, \u00ebsht\u00eb transferuar zv\/drejtor r\u00ebndi n\u00eb Drejtorin\u00eb e Policis\u00eb s\u00eb Tiran\u00ebs.<\/p>\n<p>Nd\u00ebrkoh\u00eb figura t\u00eb tjera si Tonin Vocaj, Ardjan \u00c7ipa, Ermal Mu\u00e7aj, Gjovalin Loka nga Drejtor\u00eb Qarqesh shkojn\u00eb n\u00eb departamentin e integrimit pran\u00eb Policis\u00eb s\u00eb Shtetit.<\/p>\n","protected":false},"excerpt":{"rendered":"<p>N\u00eb radh\u00ebt e policis\u00eb n\u00eb qarqe ka pasur l\u00ebvizje t\u00eb reja. Drejtori i P\u00ebrgjithsh\u00ebm i Policis\u00eb s\u00eb Shtetit, Ilir Proda, ka b\u00ebr\u00eb edhe te disa z\u00ebvend\u00ebsdrejtor\u00eb n\u00eb qarqe. K\u00ebto ndryshime vijn\u00eb pak dit\u00eb pas em\u00ebrimit t\u00eb 12 krer\u00ebve t\u00eb Drejtorive Vendore t\u00eb Policive n\u00eb qarqet e vendit. Raportohet se Ervin Ndreu, i cili ishte edhe [&hellip;]<\/p>\n","protected":false},"author":5,"featured_media":79330,"comment_status":"closed","ping_status":"closed","sticky":false,"template":"","format":"standard","meta":{"footnotes":""},"categories":[1,6332,29228],"tags":[34146],"class_list":{"0":"post-81651","1":"post","2":"type-post","3":"status-publish","4":"format-standard","5":"has-post-thumbnail","7":"category-aktualitet","8":"category-te-fundit","9":"category-vendi","10":"tag-emrat-levizje-te-reja-ne-policine-e-shtetit"},"_links":{"self":[{"href":"https:\/\/jugulajm.net\/index.php?rest_route=\/wp\/v2\/posts\/81651","targetHints":{"allow":["GET"]}}],"collection":[{"href":"https:\/\/jugulajm.net\/index.php?rest_route=\/wp\/v2\/posts"}],"about":[{"href":"https:\/\/jugulajm.net\/index.php?rest_route=\/wp\/v2\/types\/post"}],"author":[{"embeddable":true,"href":"https:\/\/jugulajm.net\/index.php?rest_route=\/wp\/v2\/users\/5"}],"replies":[{"embeddable":true,"href":"https:\/\/jugulajm.net\/index.php?rest_route=%2Fwp%2Fv2%2Fcomments&post=81651"}],"version-history":[{"count":0,"href":"https:\/\/jugulajm.net\/index.php?rest_route=\/wp\/v2\/posts\/81651\/revisions"}],"wp:featuredmedia":[{"embeddable":true,"href":"https:\/\/jugulajm.net\/index.php?rest_route=\/wp\/v2\/media\/79330"}],"wp:attachment":[{"href":"https:\/\/jugulajm.net\/index.php?rest_route=%2Fwp%2Fv2%2Fmedia&parent=81651"}],"wp:term":[{"taxonomy":"category","embeddable":true,"href":"https:\/\/jugulajm.net\/index.php?rest_route=%2Fwp%2Fv2%2Fcategories&post=81651"},{"taxonomy":"post_tag","embeddable":true,"href":"https:\/\/jugulajm.net\/index.php?rest_route=%2Fwp%2Fv2%2Ftags&post=81651"}],"curies":[{"name":"wp","href":"https:\/\/api.w.org\/{rel}","templated":true}]}}