{"id":81639,"date":"2024-11-20T22:21:48","date_gmt":"2024-11-20T21:21:48","guid":{"rendered":"https:\/\/jugulajm.net\/?p=81639"},"modified":"2024-11-20T22:23:15","modified_gmt":"2024-11-20T21:23:15","slug":"vrasja-e-14-vjecarit-aliaj-ky-ambient-gjeneron-dhune-dhe","status":"publish","type":"post","link":"https:\/\/jugulajm.net\/?p=81639","title":{"rendered":"Vrasja e 14-vje\u00e7arit, Aliaj: Ky ambient gjeneron dhun\u00eb dhe&#8230;"},"content":{"rendered":"<p>Artisti, Robert Aliaj, thot\u00eb se prind\u00ebrimi duhet t\u00eb ndryshoj\u00eb modelin, dhe \u00ebsht\u00eb koha p\u00ebr nj\u00eb lloj tjet\u00ebr komunikimi.<\/p>\n<p>Q\u00ebndrimi i tij vjen n\u00eb nj\u00eb moment q\u00eb vendi \u00ebsht\u00eb n\u00eb shok nga vrasja e 14-vje\u00e7arit nga nj\u00eb bashk\u00ebmoshatar me thik\u00eb n\u00eb zem\u00ebr.<\/p>\n<p>Referuar eksperienc\u00ebs s\u00eb tij si baba n\u00eb raport me f\u00ebmij\u00ebt, Aliaj tha se ka besuar gjithmon\u00eb q\u00eb dashuria nuk vret.<\/p>\n<p>\u201dF\u00ebmija nuk m\u00ebson nga \u00e7far\u00eb themi, por nga \u00e7far\u00eb b\u00ebjm\u00eb ne si prind\u00ebr. Nuk ka asnj\u00eb lloj impakti ajo p\u00ebrpjekja p\u00ebr t\u00eb bindur f\u00ebmij\u00ebn t\u00eb b\u00ebj\u00eb at\u00eb q\u00eb i thua\u201d,\u00a0tha Aliaj.<\/p>\n<p>Po ashtu Aliaj u shpreh se n\u00ebse sot thuhet p\u00ebr familjen, un\u00eb mendoj se kemi problemin me ambientin.\u00a0\u201dKy ambient gjeneron dhun\u00eb, ka ngarkesa emocionale shum\u00eb agresive, kjo i b\u00ebn f\u00ebmij\u00ebt q\u00eb t\u00eb ken\u00eb reflekse ujku sepse mendojn\u00eb se k\u00ebshtu mund t\u00eb mbijetojn\u00eb\u201d,\u00a0tha Aliaj.<\/p>\n<p>Ai tha se familja nuk mund t\u00eb b\u00ebj\u00eb dot m\u00eb gj\u00eb, pasi \u00ebsht\u00eb shoq\u00ebria q\u00eb modelon familjen.\u00a0\u201dKeni dhun\u00ebn n\u00eb rrjetet sociale, kjo dhun\u00eb modelon at\u00eb q\u00eb ndodh m\u00eb pas\u201d,\u00a0tha Aliaj.<\/p>\n","protected":false},"excerpt":{"rendered":"<p>Artisti, Robert Aliaj, thot\u00eb se prind\u00ebrimi duhet t\u00eb ndryshoj\u00eb modelin, dhe \u00ebsht\u00eb koha p\u00ebr nj\u00eb lloj tjet\u00ebr komunikimi. Q\u00ebndrimi i tij vjen n\u00eb nj\u00eb moment q\u00eb vendi \u00ebsht\u00eb n\u00eb shok nga vrasja e 14-vje\u00e7arit nga nj\u00eb bashk\u00ebmoshatar me thik\u00eb n\u00eb zem\u00ebr. Referuar eksperienc\u00ebs s\u00eb tij si baba n\u00eb raport me f\u00ebmij\u00ebt, Aliaj tha se ka [&hellip;]<\/p>\n","protected":false},"author":5,"featured_media":50861,"comment_status":"closed","ping_status":"closed","sticky":false,"template":"","format":"standard","meta":{"footnotes":""},"categories":[1,6332,29228],"tags":[34144,34107],"class_list":{"0":"post-81639","1":"post","2":"type-post","3":"status-publish","4":"format-standard","5":"has-post-thumbnail","7":"category-aktualitet","8":"category-te-fundit","9":"category-vendi","10":"tag-aliaj-ky-ambient-gjeneron-dhune-dhe","11":"tag-vrasja-e-14-vjecarit"},"_links":{"self":[{"href":"https:\/\/jugulajm.net\/index.php?rest_route=\/wp\/v2\/posts\/81639","targetHints":{"allow":["GET"]}}],"collection":[{"href":"https:\/\/jugulajm.net\/index.php?rest_route=\/wp\/v2\/posts"}],"about":[{"href":"https:\/\/jugulajm.net\/index.php?rest_route=\/wp\/v2\/types\/post"}],"author":[{"embeddable":true,"href":"https:\/\/jugulajm.net\/index.php?rest_route=\/wp\/v2\/users\/5"}],"replies":[{"embeddable":true,"href":"https:\/\/jugulajm.net\/index.php?rest_route=%2Fwp%2Fv2%2Fcomments&post=81639"}],"version-history":[{"count":0,"href":"https:\/\/jugulajm.net\/index.php?rest_route=\/wp\/v2\/posts\/81639\/revisions"}],"wp:featuredmedia":[{"embeddable":true,"href":"https:\/\/jugulajm.net\/index.php?rest_route=\/wp\/v2\/media\/50861"}],"wp:attachment":[{"href":"https:\/\/jugulajm.net\/index.php?rest_route=%2Fwp%2Fv2%2Fmedia&parent=81639"}],"wp:term":[{"taxonomy":"category","embeddable":true,"href":"https:\/\/jugulajm.net\/index.php?rest_route=%2Fwp%2Fv2%2Fcategories&post=81639"},{"taxonomy":"post_tag","embeddable":true,"href":"https:\/\/jugulajm.net\/index.php?rest_route=%2Fwp%2Fv2%2Ftags&post=81639"}],"curies":[{"name":"wp","href":"https:\/\/api.w.org\/{rel}","templated":true}]}}